{"id":12012,"date":"2024-08-22T09:08:13","date_gmt":"2024-08-22T07:08:13","guid":{"rendered":"https:\/\/elementapp.ai\/blog\/?p=12012"},"modified":"2026-03-01T10:01:30","modified_gmt":"2026-03-01T09:01:30","slug":"powrot-do-biur-dyskusja-w-branzy-technologicznej-usa","status":"publish","type":"post","link":"https:\/\/elementapp.ai\/blog\/powrot-do-biur-dyskusja-w-branzy-technologicznej-usa\/","title":{"rendered":"Powr\u00f3t do biur &#8211; dyskusja w bran\u017cy technologicznej USA"},"content":{"rendered":"\t\t<div data-elementor-type=\"wp-post\" data-elementor-id=\"12012\" class=\"elementor elementor-12012\" data-elementor-post-type=\"post\">\n\t\t\t\t\t\t<section class=\"elementor-section elementor-top-section elementor-element elementor-element-73f1f88e elementor-section-boxed elementor-section-height-default elementor-section-height-default\" data-id=\"73f1f88e\" data-element_type=\"section\" data-e-type=\"section\">\n\t\t\t\t\t\t<div class=\"elementor-container elementor-column-gap-default\">\n\t\t\t\t\t<div class=\"elementor-column elementor-col-100 elementor-top-column elementor-element elementor-element-651002e8\" data-id=\"651002e8\" data-element_type=\"column\" data-e-type=\"column\">\n\t\t\t<div class=\"elementor-widget-wrap\">\n\t\t\t\t\t\t\t<\/div>\n\t\t<\/div>\n\t\t\t\t\t<\/div>\n\t\t<\/section>\n\t\t\t\t<section class=\"elementor-section elementor-top-section elementor-element elementor-element-3b0e89f7 elementor-section-boxed elementor-section-height-default elementor-section-height-default\" data-id=\"3b0e89f7\" data-element_type=\"section\" data-e-type=\"section\">\n\t\t\t\t\t\t<div class=\"elementor-container elementor-column-gap-default\">\n\t\t\t\t\t<div class=\"elementor-column elementor-col-100 elementor-top-column elementor-element elementor-element-5d32fdd7\" data-id=\"5d32fdd7\" data-element_type=\"column\" data-e-type=\"column\">\n\t\t\t<div class=\"elementor-widget-wrap elementor-element-populated\">\n\t\t\t\t\t\t<div class=\"elementor-element elementor-element-2104a075 elementor-widget-divider--view-line_icon elementor-view-default elementor-widget-divider--element-align-center elementor-widget elementor-widget-divider\" data-id=\"2104a075\" data-element_type=\"widget\" data-e-type=\"widget\" data-widget_type=\"divider.default\">\n\t\t\t\t<div class=\"elementor-widget-container\">\n\t\t\t\t\t\t\t<div class=\"elementor-divider\">\n\t\t\t<span class=\"elementor-divider-separator\">\n\t\t\t\t\t\t\t<div class=\"elementor-icon elementor-divider__element\">\n\t\t\t\t\t<i aria-hidden=\"true\" class=\"far fa-bookmark\"><\/i><\/div>\n\t\t\t\t\t\t<\/span>\n\t\t<\/div>\n\t\t\t\t\t\t<\/div>\n\t\t\t\t<\/div>\n\t\t\t\t\t<\/div>\n\t\t<\/div>\n\t\t\t\t\t<\/div>\n\t\t<\/section>\n\t\t\t\t<section class=\"elementor-section elementor-top-section elementor-element elementor-element-4bdcc42f elementor-section-boxed elementor-section-height-default elementor-section-height-default\" data-id=\"4bdcc42f\" data-element_type=\"section\" data-e-type=\"section\">\n\t\t\t\t\t\t<div class=\"elementor-container elementor-column-gap-default\">\n\t\t\t\t\t<div class=\"elementor-column elementor-col-100 elementor-top-column elementor-element elementor-element-697ee441\" data-id=\"697ee441\" data-element_type=\"column\" data-e-type=\"column\">\n\t\t\t<div class=\"elementor-widget-wrap elementor-element-populated\">\n\t\t\t\t\t\t<div class=\"elementor-element elementor-element-482a2c7d elementor-widget elementor-widget-heading\" data-id=\"482a2c7d\" data-element_type=\"widget\" data-e-type=\"widget\" data-widget_type=\"heading.default\">\n\t\t\t\t<div class=\"elementor-widget-container\">\n\t\t\t\t\t<h1 class=\"elementor-heading-title elementor-size-default\">Powr\u00f3t do biur \u2013 dyskusja w bran\u017cy technologicznej USA <\/h1>\t\t\t\t<\/div>\n\t\t\t\t<\/div>\n\t\t\t\t<div class=\"elementor-element elementor-element-35792849 elementor-widget elementor-widget-text-editor\" data-id=\"35792849\" data-element_type=\"widget\" data-e-type=\"widget\" data-widget_type=\"text-editor.default\">\n\t\t\t\t<div class=\"elementor-widget-container\">\n\t\t\t\t\t\t\t\t\t22 sierpnia 2024\t\t\t\t\t\t\t\t<\/div>\n\t\t\t\t<\/div>\n\t\t\t\t\t<\/div>\n\t\t<\/div>\n\t\t\t\t\t<\/div>\n\t\t<\/section>\n\t\t\t\t<section class=\"elementor-section elementor-top-section elementor-element elementor-element-3e144603 elementor-section-boxed elementor-section-height-default elementor-section-height-default\" data-id=\"3e144603\" data-element_type=\"section\" data-e-type=\"section\" data-settings=\"{&quot;background_background&quot;:&quot;classic&quot;}\">\n\t\t\t\t\t\t<div class=\"elementor-container elementor-column-gap-default\">\n\t\t\t\t\t<div class=\"elementor-column elementor-col-66 elementor-top-column elementor-element elementor-element-1744461c\" data-id=\"1744461c\" data-element_type=\"column\" data-e-type=\"column\" data-settings=\"{&quot;background_background&quot;:&quot;classic&quot;}\">\n\t\t\t<div class=\"elementor-widget-wrap elementor-element-populated\">\n\t\t\t\t\t\t<div class=\"elementor-element elementor-element-14d75a94 elementor-widget elementor-widget-heading\" data-id=\"14d75a94\" data-element_type=\"widget\" data-e-type=\"widget\" data-widget_type=\"heading.default\">\n\t\t\t\t<div class=\"elementor-widget-container\">\n\t\t\t\t\t<h2 class=\"elementor-heading-title elementor-size-default\">Temat powr\u00f3t do biur zyskuje na popularno\u015bci w bran\u017cy technologicznej USA<\/h2>\t\t\t\t<\/div>\n\t\t\t\t<\/div>\n\t\t\t\t<div class=\"elementor-element elementor-element-369c1366 elementor-widget elementor-widget-text-editor\" data-id=\"369c1366\" data-element_type=\"widget\" data-e-type=\"widget\" data-widget_type=\"text-editor.default\">\n\t\t\t\t<div class=\"elementor-widget-container\">\n\t\t\t\t\t\t\t\t\t<p>Po latach adaptacji do pracy zdalnej, wymuszonej przez pandemi\u0119, coraz wi\u0119cej firm technologicznych zaczyna rozwa\u017ca\u0107 powr\u00f3t do biur jako kluczowy element w strategii zwi\u0119kszenia produktywno\u015bci i utrzymania konkurencyjno\u015bci.<\/p><p>Trend ten, szczeg\u00f3lnie widoczny w Stanach Zjednoczonych, nabiera tempa, gdy\u017c liderzy bran\u017cy technologicznej ponownie podkre\u015blaj\u0105 warto\u015b\u0107 pracy w biurze. Jednym z najnowszych g\u0142os\u00f3w w tej dyskusji jest Eric Schmidt, by\u0142y prezes Google, kt\u00f3ry zauwa\u017cy\u0142, \u017ce polityka pracy zdalnej mo\u017ce os\u0142abia\u0107 przewag\u0119 konkurencyjn\u0105 firmy w por\u00f3wnaniu do start-up\u00f3w, kt\u00f3re konsekwentnie wybieraj\u0105 model pracy w biurach.<\/p>\t\t\t\t\t\t\t\t<\/div>\n\t\t\t\t<\/div>\n\t\t\t\t<div class=\"elementor-element elementor-element-8e1ae0e elementor-widget elementor-widget-video\" data-id=\"8e1ae0e\" data-element_type=\"widget\" data-e-type=\"widget\" data-settings=\"{&quot;youtube_url&quot;:&quot;https:\\\/\\\/www.youtube.com\\\/watch?v=ltfiLJ76Ofo&quot;,&quot;video_type&quot;:&quot;youtube&quot;,&quot;controls&quot;:&quot;yes&quot;}\" data-widget_type=\"video.default\">\n\t\t\t\t<div class=\"elementor-widget-container\">\n\t\t\t\t\t\t\t<div class=\"elementor-wrapper elementor-open-inline\">\n\t\t\t<div class=\"elementor-video\"><\/div>\t\t<\/div>\n\t\t\t\t\t\t<\/div>\n\t\t\t\t<\/div>\n\t\t\t\t<div class=\"elementor-element elementor-element-012d354 elementor-widget elementor-widget-heading\" data-id=\"012d354\" data-element_type=\"widget\" data-e-type=\"widget\" data-widget_type=\"heading.default\">\n\t\t\t\t<div class=\"elementor-widget-container\">\n\t\t\t\t\t<h2 class=\"elementor-heading-title elementor-size-default\">Wzrost efektywno\u015bci pracy w biurze<\/h2>\t\t\t\t<\/div>\n\t\t\t\t<\/div>\n\t\t\t\t<div class=\"elementor-element elementor-element-2e62f08 elementor-widget elementor-widget-text-editor\" data-id=\"2e62f08\" data-element_type=\"widget\" data-e-type=\"widget\" data-widget_type=\"text-editor.default\">\n\t\t\t\t<div class=\"elementor-widget-container\">\n\t\t\t\t\t\t\t\t\t<p>Przedstawiciele firm technologicznych cz\u0119sto podkre\u015blaj\u0105, \u017ce praca zdalna, cho\u0107 wygodna, mo\u017ce wp\u0142ywa\u0107 negatywnie na efektywno\u015b\u0107 zespo\u0142\u00f3w. Badania wskazuj\u0105, \u017ce pracownicy biurowi cz\u0119sto wykazuj\u0105 wy\u017csz\u0105 produktywno\u015b\u0107 dzi\u0119ki lepszemu dost\u0119powi do zasob\u00f3w firmy, szybszej komunikacji oraz wi\u0119kszemu zaanga\u017cowaniu w \u017cycie zespo\u0142owe:<\/p><ul><li><a href=\"https:\/\/www.forbes.com\/sites\/tracybrower\/2023\/08\/06\/the-productivity-problem-with-remote-work\/\" target=\"_blank\" rel=\"noopener nofollow\"><span style=\"color: #0000ff;\">The productivity problem with remote work<\/span><\/a><\/li><li><span style=\"color: #0000ff;\"><a style=\"color: #0000ff;\" href=\"https:\/\/fortune.com\/2023\/07\/06\/remote-workers-less-productive-wfh-research\/\" target=\"_blank\" rel=\"noopener nofollow\">Fully remote workers are officially less productive<\/a><\/span><\/li><li><span style=\"color: #0000ff;\"><a style=\"color: #0000ff;\" href=\"https:\/\/bfi.uchicago.edu\/wp-content\/uploads\/2021\/05\/BFI_WP_2021-56.pdf\" target=\"_blank\" rel=\"noopener nofollow\">Work from Home &amp; Productivity: Evidence from Personnel &amp; Analytics Data on IT Professionals<\/a><\/span><\/li><li><span style=\"color: #0000ff;\"><a style=\"color: #0000ff;\" href=\"https:\/\/libertystreeteconomics.newyorkfed.org\/2023\/06\/is-work-from-home-working\/\" target=\"_blank\" rel=\"noopener nofollow\">Is Work\u2011from\u2011Home Working?<\/a><\/span><\/li><\/ul><p>Jestem pewien, \u017ce znajd\u0105 si\u0119 r\u00f3wnie\u017c badania wskazuj\u0105ce na popraw\u0119 produktywno\u015bci pracy zdalnej. W szczeg\u00f3lno\u015bci, je\u015bli badania te zrealizuje si\u0119 za pomoc\u0105 ankiet, przeprowadzonych w\u015br\u00f3d pracownik\u00f3w. Niemniej jednak istnieje kilka istotnych powod\u00f3w, dla kt\u00f3rych bran\u017ca technologiczna w USA coraz bardziej naciska na powr\u00f3t do biur.<\/p><p>Powr\u00f3t do biur oznacza przede wszystkim powr\u00f3t do <strong>spontanicznych interakcji<\/strong>, kt\u00f3re stymuluj\u0105 kreatywno\u015b\u0107 i innowacyjno\u015b\u0107. Steve Jobs by\u0142 jednym z pionier\u00f3w tej idei. Projektuj\u0105c s\u0142ynne biuro Apple w kszta\u0142cie okr\u0105g\u0142ego statku kosmicznego, Jobs chcia\u0142 stworzy\u0107 przestrze\u0144, w kt\u00f3rej pracownicy b\u0119d\u0105 regularnie si\u0119 spotyka\u0107 i wymienia\u0107 pomys\u0142ami. Tego rodzaju przypadkowe spotkania mi\u0119dzy dzia\u0142ami mog\u0105 prowadzi\u0107 do nieoczekiwanych rozwi\u0105za\u0144 problem\u00f3w, kt\u00f3re w modelu pracy zdalnej mog\u0105 nigdy si\u0119 nie wydarzy\u0107.<\/p>\t\t\t\t\t\t\t\t<\/div>\n\t\t\t\t<\/div>\n\t\t\t\t<div class=\"elementor-element elementor-element-10e538d elementor-widget elementor-widget-image\" data-id=\"10e538d\" data-element_type=\"widget\" data-e-type=\"widget\" data-widget_type=\"image.default\">\n\t\t\t\t<div class=\"elementor-widget-container\">\n\t\t\t\t\t\t\t\t\t\t\t\t<figure class=\"wp-caption\">\n\t\t\t\t\t\t\t\t\t\t\t<a href=\"https:\/\/www.nytimes.com\/2019\/06\/04\/us\/apple-headquarters-earthquake-preparedness.html\" target=\"_blank\" rel=\"nofollow\">\n\t\t\t\t\t\t\t<img fetchpriority=\"high\" decoding=\"async\" width=\"1200\" height=\"800\" src=\"https:\/\/elementapp.ai\/blog\/wp-content\/uploads\/2024\/08\/applehq-1619x1080.webp\" class=\"attachment-large size-large wp-image-12015\" alt=\"\" srcset=\"https:\/\/elementapp.ai\/blog\/wp-content\/uploads\/2024\/08\/applehq-1619x1080.webp 1619w, https:\/\/elementapp.ai\/blog\/wp-content\/uploads\/2024\/08\/applehq-300x200.webp 300w, https:\/\/elementapp.ai\/blog\/wp-content\/uploads\/2024\/08\/applehq-768x512.webp 768w, https:\/\/elementapp.ai\/blog\/wp-content\/uploads\/2024\/08\/applehq-1536x1025.webp 1536w, https:\/\/elementapp.ai\/blog\/wp-content\/uploads\/2024\/08\/applehq.webp 2048w\" sizes=\"(max-width: 1200px) 100vw, 1200px\" \/>\t\t\t\t\t\t\t\t<\/a>\n\t\t\t\t\t\t\t\t\t\t\t<figcaption class=\"widget-image-caption wp-caption-text\">\u0179r\u00f3d\u0142o: New York Times<\/figcaption>\n\t\t\t\t\t\t\t\t\t\t<\/figure>\n\t\t\t\t\t\t\t\t\t<\/div>\n\t\t\t\t<\/div>\n\t\t\t\t<div class=\"elementor-element elementor-element-7346a1b elementor-widget elementor-widget-text-editor\" data-id=\"7346a1b\" data-element_type=\"widget\" data-e-type=\"widget\" data-widget_type=\"text-editor.default\">\n\t\t\t\t<div class=\"elementor-widget-container\">\n\t\t\t\t\t\t\t\t\t<p>Firmy coraz cz\u0119\u015bciej zdaj\u0105 sobie spraw\u0119, \u017ce praca zdalna, cho\u0107 skuteczna w kr\u00f3tkim okresie, mo\u017ce os\u0142abi\u0107 poczucie wsp\u00f3lnoty i to\u017csamo\u015bci zespo\u0142owej, co w d\u0142u\u017cszym okresie prowadzi do spadku morale i zaanga\u017cowania pracownik\u00f3w. Praca w biurze nie tylko wspiera spontaniczn\u0105 kreatywno\u015b\u0107, ale tak\u017ce przyczynia si\u0119 do budowania wi\u0119zi mi\u0119dzyludzkich i wzmacniania relacji mi\u0119dzy cz\u0142onkami zespo\u0142\u00f3w, co z kolei mo\u017ce przek\u0142ada\u0107 si\u0119 na lepsze wyniki i wi\u0119ksz\u0105 lojalno\u015b\u0107 pracownik\u00f3w.<!-- notionvc: b27907d1-895c-47b1-a8bb-2694d8587a04 --><\/p><p>Przewag\u0119 produktywno\u015bci zespo\u0142u pracuj\u0105cego w bezpo\u015brednim kontakcie\u00a0 pokazuj\u0105 start-upy lub poszczeg\u00f3lne zespo\u0142y wi\u0119kszych firm, kt\u00f3re pracuj\u0105c w biurze. Wspomnia\u0142 o tym mi\u0119dzy innymi Chamath Palihapitiya w ostatnim odcinku podcastu All-In:<\/p>\t\t\t\t\t\t\t\t<\/div>\n\t\t\t\t<\/div>\n\t\t\t\t<div class=\"elementor-element elementor-element-b8563e7 elementor-widget elementor-widget-video\" data-id=\"b8563e7\" data-element_type=\"widget\" data-e-type=\"widget\" data-settings=\"{&quot;youtube_url&quot;:&quot;https:\\\/\\\/www.youtube.com\\\/watch?v=xA5B6quoahY&quot;,&quot;start&quot;:3237,&quot;video_type&quot;:&quot;youtube&quot;,&quot;controls&quot;:&quot;yes&quot;}\" data-widget_type=\"video.default\">\n\t\t\t\t<div class=\"elementor-widget-container\">\n\t\t\t\t\t\t\t<div class=\"elementor-wrapper elementor-open-inline\">\n\t\t\t<div class=\"elementor-video\"><\/div>\t\t<\/div>\n\t\t\t\t\t\t<\/div>\n\t\t\t\t<\/div>\n\t\t\t\t<div class=\"elementor-element elementor-element-feb1638 elementor-widget elementor-widget-text-editor\" data-id=\"feb1638\" data-element_type=\"widget\" data-e-type=\"widget\" data-widget_type=\"text-editor.default\">\n\t\t\t\t<div class=\"elementor-widget-container\">\n\t\t\t\t\t\t\t\t\t<p>Od 45 minuty Panowie omawiaj\u0105 kwesti\u0119 pracy zdalnej i komentuj\u0105 wypwied\u017a Erica Shmidta.<\/p>\t\t\t\t\t\t\t\t<\/div>\n\t\t\t\t<\/div>\n\t\t\t\t<div class=\"elementor-element elementor-element-31861b8 elementor-widget elementor-widget-heading\" data-id=\"31861b8\" data-element_type=\"widget\" data-e-type=\"widget\" data-widget_type=\"heading.default\">\n\t\t\t\t<div class=\"elementor-widget-container\">\n\t\t\t\t\t<h2 class=\"elementor-heading-title elementor-size-default\">Potrzebujemy technologii, kt\u00f3ra skr\u00f3ci dystans zdalnej pracy<\/h2>\t\t\t\t<\/div>\n\t\t\t\t<\/div>\n\t\t\t\t<div class=\"elementor-element elementor-element-214e428 elementor-widget elementor-widget-text-editor\" data-id=\"214e428\" data-element_type=\"widget\" data-e-type=\"widget\" data-widget_type=\"text-editor.default\">\n\t\t\t\t<div class=\"elementor-widget-container\">\n\t\t\t\t\t\t\t\t\t<p>Powr\u00f3t do biur staje si\u0119 kluczowym elementem w strategii wielu firm technologicznych, kt\u00f3re dostrzegaj\u0105, \u017ce efektywno\u015b\u0107 i innowacyjno\u015b\u0107 cz\u0119sto wynikaj\u0105 z bezpo\u015brednich interakcji mi\u0119dzyludzkich. Cho\u0107 praca zdalna pozostanie istotn\u0105 cz\u0119\u015bci\u0105 nowoczesnej gospodarki, nie mo\u017cna przeceni\u0107 warto\u015bci wsp\u00f3\u0142pracy w fizycznym biurze, kt\u00f3ra cz\u0119sto prowadzi do bardziej efektywnych i kreatywnych wynik\u00f3w.<\/p><p>W miar\u0119 jak \u015bwiat pracy ewoluuje, firmy b\u0119d\u0105 musia\u0142y znale\u017a\u0107 odpowiedni\u0105 r\u00f3wnowag\u0119 mi\u0119dzy elastyczno\u015bci\u0105 pracy zdalnej a korzy\u015bciami p\u0142yn\u0105cymi z pracy w biurze, aby utrzyma\u0107 swoj\u0105 konkurencyjno\u015b\u0107 i innowacyjno\u015b\u0107 na dynamicznie zmieniaj\u0105cym si\u0119 rynku technologicznym.<\/p><p>Osobi\u015bcie dziwie si\u0119 i \u017ca\u0142uj\u0119, \u017ce wci\u0105\u017c nie powsta\u0142a technologia, kt\u00f3ra skr\u00f3ci\u0142aby dystans zdalnych pracownik\u00f3w mi\u0119dzy sob\u0105, symuluj\u0105c wra\u017cenie, \u017ce zesp\u00f3\u0142 pracuje biurko w biurko. Potencjalnym projektem, kt\u00f3ry m\u00f3g\u0142by wywo\u0142a\u0107 taki efekt, jest Project Starline od Google, o kt\u00f3rym <span style=\"color: #0000ff;\"><a style=\"color: #0000ff;\" href=\"https:\/\/elementapp.ai\/blog\/przyszlosc-zdalnych-spotkan-dzieki-google-project-starline\/\" target=\"_blank\" rel=\"noopener\">pisa\u0142em w 2023 roku<\/a><\/span>.\u00a0Z ciekawo\u015bci spojrza\u0142em na stron\u0119 projektu i widz\u0119, \u017ce na szcz\u0119\u015bcie wci\u0105\u017c \u017cyje. Najnowszy wpis na stronie projektu przedstawia, jak olimpijska reprezentacja USA wykorzysta\u0142a t\u0119 technologi\u0119 do kontaktu ze swoj\u0105 rodzin\u0105, efekt wci\u0105\u017c robi wra\u017cenie, zobacz:<\/p>\t\t\t\t\t\t\t\t<\/div>\n\t\t\t\t<\/div>\n\t\t\t\t<div class=\"elementor-element elementor-element-c495066 elementor-widget elementor-widget-image\" data-id=\"c495066\" data-element_type=\"widget\" data-e-type=\"widget\" data-widget_type=\"image.default\">\n\t\t\t\t<div class=\"elementor-widget-container\">\n\t\t\t\t\t\t\t\t\t\t\t\t<figure class=\"wp-caption\">\n\t\t\t\t\t\t\t\t\t\t\t<a href=\"https:\/\/blog.google\/technology\/research\/google-project-starline-USA-athletes\/\" target=\"_blank\" rel=\"nofollow\">\n\t\t\t\t\t\t\t<img decoding=\"async\" width=\"1200\" height=\"676\" src=\"https:\/\/elementapp.ai\/blog\/wp-content\/uploads\/2024\/08\/Athlete_Hero.width-1200.format-webp.webp\" class=\"attachment-large size-large wp-image-12016\" alt=\"Project Starline - athlete\" srcset=\"https:\/\/elementapp.ai\/blog\/wp-content\/uploads\/2024\/08\/Athlete_Hero.width-1200.format-webp.webp 1200w, https:\/\/elementapp.ai\/blog\/wp-content\/uploads\/2024\/08\/Athlete_Hero.width-1200.format-webp-300x169.webp 300w, https:\/\/elementapp.ai\/blog\/wp-content\/uploads\/2024\/08\/Athlete_Hero.width-1200.format-webp-768x433.webp 768w\" sizes=\"(max-width: 1200px) 100vw, 1200px\" \/>\t\t\t\t\t\t\t\t<\/a>\n\t\t\t\t\t\t\t\t\t\t\t<figcaption class=\"widget-image-caption wp-caption-text\">Kliknij by przej\u015b\u0107 do wpisu na stronie projektu<\/figcaption>\n\t\t\t\t\t\t\t\t\t\t<\/figure>\n\t\t\t\t\t\t\t\t\t<\/div>\n\t\t\t\t<\/div>\n\t\t\t\t<div class=\"elementor-element elementor-element-607f1fee elementor-widget elementor-widget-text-editor\" data-id=\"607f1fee\" data-element_type=\"widget\" data-e-type=\"widget\" data-widget_type=\"text-editor.default\">\n\t\t\t\t<div class=\"elementor-widget-container\">\n\t\t\t\t\t\t\t\t\t<p><strong>Najcz\u0119\u015bciej czytane<\/strong>:<\/p><ol><li><span style=\"font-size: 16px;\"><strong><span style=\"color: #0000ff;\"><a style=\"color: #0000ff;\" href=\"https:\/\/elementapp.ai\/darmowe-ogloszenia-z-ofertami-pracy\">Darmowe og\u0142oszenia o prac\u0119 i najwi\u0119ksza lista \u017ar\u00f3de\u0142 kandydat\u00f3w<\/a><\/span><\/strong> &#8211; najwi\u0119ksza w Polsce lista bezp\u0142atnych i p\u0142atnych \u017ar\u00f3de\u0142 kandydat\u00f3w<\/span><\/li><li><span style=\"color: #0000ff;\"><a style=\"color: #0000ff;\" href=\"http:\/\/elementapp.ai\/wynagrodzenia-praca-hr\" target=\"_blank\" rel=\"noopener\"><strong>Praca w HR<\/strong><\/a> <span style=\"color: #000000;\">&#8211; najnowsze oferty pracy i aktualne \u015brednie wynagrodzenia w bran\u017cy HR<\/span><\/span><\/li><li><span style=\"color: #0000ff;\"><a style=\"color: #0000ff;\" href=\"https:\/\/elementapp.ai\/akademia-rekrutacji\" target=\"_blank\" rel=\"noopener\"><strong>Akademia Rekrutacji<\/strong><\/a> <span style=\"color: #000000;\">&#8211; zbi\u00f3r wiedzy na temat rekrutacji oraz raporty z rynku pracy.<\/span><\/span><\/li><li><strong><span style=\"color: #0000ff;\"><a style=\"color: #0000ff;\" href=\"https:\/\/elementapp.ai\/blog\/gowork-jak-reagowac-na-negatywne-opinie-o-pracodawcach\/\">Gowork &#8211; jak reagowa\u0107 na negatywne opinie o pracodawcach<\/a><\/span><\/strong> &#8211; Kompleksowy poradnik dla pracodawc\u00f3w.<\/li><li><a href=\"https:\/\/elementapp.ai\/blog\/sztuczna-inteligencja-wrzuca-drugi-bieg-takze-w-rekrutacji-przyklady\/\"><span style=\"color: #0000ff;\"><b>Sztuczna inteligencja w rekrutacji i Chat GPT-3<\/b><\/span><\/a>\u00a0&#8211; wszystko co musisz wiedzie\u0107 o najnowszej wersji sztucznej inteligencji i jej mo\u017cliwych zastosowaniach, tak\u017ce w rekrutacji.<\/li><li><strong><span style=\"color: #0000ff;\"><a style=\"color: #0000ff;\" href=\"https:\/\/elementapp.ai\/blog\/rodo-w-rekrutacji-sourcing-i-direct-search-wszystko-co-musisz-wiedziec\/\">RODO w rekrutacji &#8211; sourcing, direct search, og\u0142oszenia. Wszystko co musisz wiedzie\u0107<\/a><\/span><\/strong> &#8211; kompleksowy poradnik RODO w rekrutacji z naciskiem na dzia\u0142ania typu direct search \/ sourcing.<\/li><li><span style=\"color: #0000ff;\"><a style=\"color: #0000ff;\" href=\"https:\/\/elementapp.ai\/wszystko-o-ats\" target=\"_blank\" rel=\"noopener\"><strong>Wszystko o systemach ATS<\/strong><\/a><\/span> &#8211; poradnik wyboru systemu rekrutacyjnego<\/li><\/ol>\t\t\t\t\t\t\t\t<\/div>\n\t\t\t\t<\/div>\n\t\t\t\t<div class=\"elementor-element elementor-element-3371234 elementor-author-box--image-valign-middle elementor-widget elementor-widget-author-box\" data-id=\"3371234\" data-element_type=\"widget\" data-e-type=\"widget\" data-widget_type=\"author-box.default\">\n\t\t\t\t<div class=\"elementor-widget-container\">\n\t\t\t\t\t\t\t<div class=\"elementor-author-box\">\n\t\t\t\t\t\t\t<a href=\"https:\/\/www.linkedin.com\/in\/maciejmichalewski\/\" class=\"elementor-author-box__avatar\">\n\t\t\t\t\t<img decoding=\"async\" src=\"https:\/\/elementapp.ai\/blog\/wp-content\/uploads\/2024\/03\/MM-head-small-300x300.jpg\" alt=\"Picture of Maciej Michalewski\" loading=\"lazy\">\n\t\t\t\t<\/a>\n\t\t\t\n\t\t\t<div class=\"elementor-author-box__text\">\n\t\t\t\t\t\t\t\t\t<a href=\"https:\/\/www.linkedin.com\/in\/maciejmichalewski\/\">\n\t\t\t\t\t\t<h4 class=\"elementor-author-box__name\">\n\t\t\t\t\t\t\tMaciej Michalewski\t\t\t\t\t\t<\/h4>\n\t\t\t\t\t<\/a>\n\t\t\t\t\n\t\t\t\t\t\t\t\t\t<div class=\"elementor-author-box__bio\">\n\t\t\t\t\t\t<p>Founder & CEO @ Element<\/p>\n\t\t\t\t\t<\/div>\n\t\t\t\t\n\t\t\t\t\t\t\t<\/div>\n\t\t<\/div>\n\t\t\t\t\t\t<\/div>\n\t\t\t\t<\/div>\n\t\t\t\t<div class=\"elementor-element elementor-element-4b216add elementor-widget-divider--view-line elementor-widget elementor-widget-divider\" data-id=\"4b216add\" data-element_type=\"widget\" data-e-type=\"widget\" data-widget_type=\"divider.default\">\n\t\t\t\t<div class=\"elementor-widget-container\">\n\t\t\t\t\t\t\t<div class=\"elementor-divider\">\n\t\t\t<span class=\"elementor-divider-separator\">\n\t\t\t\t\t\t<\/span>\n\t\t<\/div>\n\t\t\t\t\t\t<\/div>\n\t\t\t\t<\/div>\n\t\t\t\t<div class=\"elementor-element elementor-element-1be5ca71 elementor-widget elementor-widget-image\" data-id=\"1be5ca71\" data-element_type=\"widget\" data-e-type=\"widget\" data-widget_type=\"image.default\">\n\t\t\t\t<div class=\"elementor-widget-container\">\n\t\t\t\t\t\t\t\t\t\t\t\t\t\t\t\t<a href=\"https:\/\/elementapp.ai\/#sprawdz-demo\">\n\t\t\t\t\t\t\t<img decoding=\"async\" width=\"1200\" height=\"554\" src=\"https:\/\/elementapp.ai\/blog\/wp-content\/uploads\/2021\/12\/system-ATS-Element-CTA.png\" class=\"attachment-large size-large wp-image-6166\" alt=\"System ATS Element - poznaj bezp\u0142atnie\" srcset=\"https:\/\/elementapp.ai\/blog\/wp-content\/uploads\/2021\/12\/system-ATS-Element-CTA.png 1300w, https:\/\/elementapp.ai\/blog\/wp-content\/uploads\/2021\/12\/system-ATS-Element-CTA-300x138.png 300w, https:\/\/elementapp.ai\/blog\/wp-content\/uploads\/2021\/12\/system-ATS-Element-CTA-768x354.png 768w\" sizes=\"(max-width: 1200px) 100vw, 1200px\" \/>\t\t\t\t\t\t\t\t<\/a>\n\t\t\t\t\t\t\t\t\t\t\t\t\t\t\t<\/div>\n\t\t\t\t<\/div>\n\t\t\t\t<div class=\"elementor-element elementor-element-394c215 elementor-widget elementor-widget-text-editor\" data-id=\"394c215\" data-element_type=\"widget\" data-e-type=\"widget\" data-widget_type=\"text-editor.default\">\n\t\t\t\t<div class=\"elementor-widget-container\">\n\t\t\t\t\t\t\t\t\t<p>Nasze artyku\u0142y przeczytasz tak\u017ce na <span style=\"color: #0000ff;\"><a style=\"color: #0000ff;\" href=\"https:\/\/maciejm.medium.com\/powr%C3%B3t-do-biur-dyskusja-w-bran%C5%BCy-technologicznej-usa-521a39157329\" rel=\"noopener nofollow\">Medium<\/a><\/span>, <a style=\"font-size: 16px; background-color: #ffffff;\" href=\"https:\/\/element.hashnode.dev\/powrot-do-biur-dyskusja-w-branzy-technologicznej-usa\" rel=\"noopener nofollow\"><span style=\"color: #0000ff;\">Hashnode<\/span><\/a>, <a style=\"font-size: 16px; background-color: #ffffff; color: #0000ff;\" href=\"https:\/\/open.substack.com\/pub\/maciejm\/p\/powrot-do-biur-dyskusja-w-branzy\" rel=\"noopener nofollow\">Substack<\/a>, <a style=\"color: #0000ff;\" href=\"https:\/\/www.reddit.com\/user\/maciejmm\/comments\/1fpraft\/powr\u00f3t_do_biur_dyskusja_w_bran\u017cy_technologicznej\" target=\"_blank\" rel=\"noopener nofollow\">Reddit<\/a><\/p>\t\t\t\t\t\t\t\t<\/div>\n\t\t\t\t<\/div>\n\t\t\t\t\t<\/div>\n\t\t<\/div>\n\t\t\t\t<div class=\"elementor-column elementor-col-33 elementor-top-column elementor-element elementor-element-62a3e1c4\" data-id=\"62a3e1c4\" data-element_type=\"column\" data-e-type=\"column\">\n\t\t\t<div class=\"elementor-widget-wrap elementor-element-populated\">\n\t\t\t\t\t\t<div class=\"elementor-element elementor-element-229967d9 elementor-widget elementor-widget-heading\" data-id=\"229967d9\" data-element_type=\"widget\" data-e-type=\"widget\" data-widget_type=\"heading.default\">\n\t\t\t\t<div class=\"elementor-widget-container\">\n\t\t\t\t\t<h3 class=\"elementor-heading-title elementor-size-default\">Ostatnie wpisy:<\/h3>\t\t\t\t<\/div>\n\t\t\t\t<\/div>\n\t\t\t\t<div class=\"elementor-element elementor-element-787397da elementor-grid-1 elementor-grid-tablet-1 elementor-grid-mobile-1 elementor-posts--thumbnail-top elementor-widget elementor-widget-posts\" data-id=\"787397da\" data-element_type=\"widget\" data-e-type=\"widget\" data-settings=\"{&quot;classic_columns&quot;:&quot;1&quot;,&quot;classic_columns_tablet&quot;:&quot;1&quot;,&quot;classic_row_gap&quot;:{&quot;unit&quot;:&quot;px&quot;,&quot;size&quot;:26,&quot;sizes&quot;:[]},&quot;classic_columns_mobile&quot;:&quot;1&quot;,&quot;classic_row_gap_tablet&quot;:{&quot;unit&quot;:&quot;px&quot;,&quot;size&quot;:&quot;&quot;,&quot;sizes&quot;:[]},&quot;classic_row_gap_mobile&quot;:{&quot;unit&quot;:&quot;px&quot;,&quot;size&quot;:&quot;&quot;,&quot;sizes&quot;:[]}}\" data-widget_type=\"posts.classic\">\n\t\t\t\t<div class=\"elementor-widget-container\">\n\t\t\t\t\t\t\t<div class=\"elementor-posts-container elementor-posts elementor-posts--skin-classic elementor-grid\" role=\"list\">\n\t\t\t\t<article class=\"elementor-post elementor-grid-item post-14172 post type-post status-publish format-standard has-post-thumbnail hentry category-blog-posts tag-grant-thornton tag-hr-owiec-na-rynku-pracy tag-raport-hr tag-rekrutacja-hr tag-rynek-pracy-hr\" role=\"listitem\">\n\t\t\t\t<a class=\"elementor-post__thumbnail__link\" href=\"https:\/\/elementapp.ai\/blog\/hr-owiec-na-rynku-pracy-2026-vii-edycja-raportu\/\" tabindex=\"-1\" >\n\t\t\t<div class=\"elementor-post__thumbnail\"><img loading=\"lazy\" decoding=\"async\" width=\"300\" height=\"158\" src=\"https:\/\/elementapp.ai\/blog\/wp-content\/uploads\/2026\/04\/hr-owiec-na-rynku-pracy-2026-vii-edycja-300x158.jpg\" class=\"attachment-medium size-medium wp-image-14170\" alt=\"HR-owiec na rynku pracy 2026 \u2014 VII edycja raportu Grant Thornton i Element\" srcset=\"https:\/\/elementapp.ai\/blog\/wp-content\/uploads\/2026\/04\/hr-owiec-na-rynku-pracy-2026-vii-edycja-300x158.jpg 300w, https:\/\/elementapp.ai\/blog\/wp-content\/uploads\/2026\/04\/hr-owiec-na-rynku-pracy-2026-vii-edycja-768x403.jpg 768w, https:\/\/elementapp.ai\/blog\/wp-content\/uploads\/2026\/04\/hr-owiec-na-rynku-pracy-2026-vii-edycja.jpg 1200w\" sizes=\"(max-width: 300px) 100vw, 300px\" \/><\/div>\n\t\t<\/a>\n\t\t\t\t<div class=\"elementor-post__text\">\n\t\t\t\t<h3 class=\"elementor-post__title\">\n\t\t\t<a href=\"https:\/\/elementapp.ai\/blog\/hr-owiec-na-rynku-pracy-2026-vii-edycja-raportu\/\" >\n\t\t\t\tHR-owiec na rynku pracy 2026 \u2014 pobierz VII edycj\u0119 raportu\t\t\t<\/a>\n\t\t<\/h3>\n\t\t\t\t<div class=\"elementor-post__meta-data\">\n\t\t\t\t\t<span class=\"elementor-post-author\">\n\t\t\tMaciej Michalewski\t\t<\/span>\n\t\t\t\t<span class=\"elementor-post-date\">\n\t\t\t28 kwietnia 2026\t\t<\/span>\n\t\t\t\t<\/div>\n\t\t\t\t<div class=\"elementor-post__excerpt\">\n\t\t\t<p>VII edycja raportu \u201eHR-owiec na rynku pracy&#8221;: 72 508 ofert HR w 2025 roku, +55% dla rekruter\u00f3w IT, pensje HRBP i dyrektora HR. Pobierz bezp\u0142atnie.<\/p>\n\t\t<\/div>\n\t\t\n\t\t<a class=\"elementor-post__read-more\" href=\"https:\/\/elementapp.ai\/blog\/hr-owiec-na-rynku-pracy-2026-vii-edycja-raportu\/\" aria-label=\"Read more about HR-owiec na rynku pracy 2026 \u2014 pobierz VII edycj\u0119 raportu\" tabindex=\"-1\" >\n\t\t\tCzytaj wi\u0119cej \u00bb\t\t<\/a>\n\n\t\t\t\t<\/div>\n\t\t\t\t<\/article>\n\t\t\t\t<article class=\"elementor-post elementor-grid-item post-14158 post type-post status-publish format-standard has-post-thumbnail hentry category-blog-posts tag-agenci-ai tag-ai-w-enterprise tag-aron-levie tag-change-management tag-headless-software tag-transformacja-cyfrowa\" role=\"listitem\">\n\t\t\t\t<a class=\"elementor-post__thumbnail__link\" href=\"https:\/\/elementapp.ai\/blog\/agenci-ai-nie-zmienia-firm-ktore-nie-zmienia-sie-same\/\" tabindex=\"-1\" >\n\t\t\t<div class=\"elementor-post__thumbnail\"><img loading=\"lazy\" decoding=\"async\" width=\"300\" height=\"158\" src=\"https:\/\/elementapp.ai\/blog\/wp-content\/uploads\/2026\/04\/social-agenci-ai-enterprise-levie-v2-300x158.png\" class=\"attachment-medium size-medium wp-image-14164\" alt=\"\" srcset=\"https:\/\/elementapp.ai\/blog\/wp-content\/uploads\/2026\/04\/social-agenci-ai-enterprise-levie-v2-300x158.png 300w, https:\/\/elementapp.ai\/blog\/wp-content\/uploads\/2026\/04\/social-agenci-ai-enterprise-levie-v2-768x403.png 768w, https:\/\/elementapp.ai\/blog\/wp-content\/uploads\/2026\/04\/social-agenci-ai-enterprise-levie-v2.png 1200w\" sizes=\"(max-width: 300px) 100vw, 300px\" \/><\/div>\n\t\t<\/a>\n\t\t\t\t<div class=\"elementor-post__text\">\n\t\t\t\t<h3 class=\"elementor-post__title\">\n\t\t\t<a href=\"https:\/\/elementapp.ai\/blog\/agenci-ai-nie-zmienia-firm-ktore-nie-zmienia-sie-same\/\" >\n\t\t\t\tAgenci AI nie zmieni\u0105 firm, kt\u00f3re nie zmieni\u0105 si\u0119 same\t\t\t<\/a>\n\t\t<\/h3>\n\t\t\t\t<div class=\"elementor-post__meta-data\">\n\t\t\t\t\t<span class=\"elementor-post-author\">\n\t\t\tMaciej Michalewski\t\t<\/span>\n\t\t\t\t<span class=\"elementor-post-date\">\n\t\t\t13 kwietnia 2026\t\t<\/span>\n\t\t\t\t<\/div>\n\t\t\t\t<div class=\"elementor-post__excerpt\">\n\t\t\t<p>Aron Levie, CEO Box, spotka\u0142 si\u0119 z kilkudziesi\u0119cioma liderami IT i AI z du\u017cych przedsi\u0119biorstw. Jego obserwacje o agentach AI w enterprise potwierdzaj\u0105 trendy, kt\u00f3re widz\u0119 w codziennej pracy z firmami wdra\u017caj\u0105cymi AI.<\/p>\n\t\t<\/div>\n\t\t\n\t\t<a class=\"elementor-post__read-more\" href=\"https:\/\/elementapp.ai\/blog\/agenci-ai-nie-zmienia-firm-ktore-nie-zmienia-sie-same\/\" aria-label=\"Read more about Agenci AI nie zmieni\u0105 firm, kt\u00f3re nie zmieni\u0105 si\u0119 same\" tabindex=\"-1\" >\n\t\t\tCzytaj wi\u0119cej \u00bb\t\t<\/a>\n\n\t\t\t\t<\/div>\n\t\t\t\t<\/article>\n\t\t\t\t<article class=\"elementor-post elementor-grid-item post-14134 post type-post status-publish format-standard has-post-thumbnail hentry category-blog-posts\" role=\"listitem\">\n\t\t\t\t<a class=\"elementor-post__thumbnail__link\" href=\"https:\/\/elementapp.ai\/blog\/gallup-2026-zaangazowanie-pracownikow-menedzerowie-ai\/\" tabindex=\"-1\" >\n\t\t\t<div class=\"elementor-post__thumbnail\"><img loading=\"lazy\" decoding=\"async\" width=\"300\" height=\"164\" src=\"https:\/\/elementapp.ai\/blog\/wp-content\/uploads\/2026\/04\/hero-gallup-2026-v3-300x164.jpg\" class=\"attachment-medium size-medium wp-image-14138\" alt=\"\" srcset=\"https:\/\/elementapp.ai\/blog\/wp-content\/uploads\/2026\/04\/hero-gallup-2026-v3-300x164.jpg 300w, https:\/\/elementapp.ai\/blog\/wp-content\/uploads\/2026\/04\/hero-gallup-2026-v3-768x419.jpg 768w, https:\/\/elementapp.ai\/blog\/wp-content\/uploads\/2026\/04\/hero-gallup-2026-v3-1536x837.jpg 1536w, https:\/\/elementapp.ai\/blog\/wp-content\/uploads\/2026\/04\/hero-gallup-2026-v3.jpg 1600w\" sizes=\"(max-width: 300px) 100vw, 300px\" \/><\/div>\n\t\t<\/a>\n\t\t\t\t<div class=\"elementor-post__text\">\n\t\t\t\t<h3 class=\"elementor-post__title\">\n\t\t\t<a href=\"https:\/\/elementapp.ai\/blog\/gallup-2026-zaangazowanie-pracownikow-menedzerowie-ai\/\" >\n\t\t\t\tGallup 2026: \u015bwiat pracy si\u0119 sypie, a mened\u017cerowie trac\u0105 zapa\u0142 szybciej ni\u017c reszta\t\t\t<\/a>\n\t\t<\/h3>\n\t\t\t\t<div class=\"elementor-post__meta-data\">\n\t\t\t\t\t<span class=\"elementor-post-author\">\n\t\t\tMaciej Michalewski\t\t<\/span>\n\t\t\t\t<span class=\"elementor-post-date\">\n\t\t\t8 kwietnia 2026\t\t<\/span>\n\t\t\t\t<\/div>\n\t\t\t\t<div class=\"elementor-post__excerpt\">\n\t\t\t<p>Raport Gallup State of the Global Workplace 2026 pokazuje, \u017ce globalne zaanga\u017cowanie spad\u0142o do 20%, a mened\u017cerowie trac\u0105 zapa\u0142 szybciej ni\u017c ich zespo\u0142y. Paradoks AI: indywidualna produktywno\u015b\u0107 ro\u015bnie, organizacyjna nie.<\/p>\n\t\t<\/div>\n\t\t\n\t\t<a class=\"elementor-post__read-more\" href=\"https:\/\/elementapp.ai\/blog\/gallup-2026-zaangazowanie-pracownikow-menedzerowie-ai\/\" aria-label=\"Read more about Gallup 2026: \u015bwiat pracy si\u0119 sypie, a mened\u017cerowie trac\u0105 zapa\u0142 szybciej ni\u017c reszta\" tabindex=\"-1\" >\n\t\t\tCzytaj wi\u0119cej \u00bb\t\t<\/a>\n\n\t\t\t\t<\/div>\n\t\t\t\t<\/article>\n\t\t\t\t<article class=\"elementor-post elementor-grid-item post-14119 post type-post status-publish format-standard has-post-thumbnail hentry category-blog-posts\" role=\"listitem\">\n\t\t\t\t<a class=\"elementor-post__thumbnail__link\" href=\"https:\/\/elementapp.ai\/blog\/wielka-reorganizacja-firmy-przebudowuja-sie-woko-ai\/\" tabindex=\"-1\" >\n\t\t\t<div class=\"elementor-post__thumbnail\"><img loading=\"lazy\" decoding=\"async\" width=\"300\" height=\"158\" src=\"https:\/\/elementapp.ai\/blog\/wp-content\/uploads\/2026\/04\/hero-wielka-reorganizacja-v2-300x158.jpg\" class=\"attachment-medium size-medium wp-image-14127\" alt=\"\" srcset=\"https:\/\/elementapp.ai\/blog\/wp-content\/uploads\/2026\/04\/hero-wielka-reorganizacja-v2-300x158.jpg 300w, https:\/\/elementapp.ai\/blog\/wp-content\/uploads\/2026\/04\/hero-wielka-reorganizacja-v2-768x403.jpg 768w, https:\/\/elementapp.ai\/blog\/wp-content\/uploads\/2026\/04\/hero-wielka-reorganizacja-v2.jpg 1200w\" sizes=\"(max-width: 300px) 100vw, 300px\" \/><\/div>\n\t\t<\/a>\n\t\t\t\t<div class=\"elementor-post__text\">\n\t\t\t\t<h3 class=\"elementor-post__title\">\n\t\t\t<a href=\"https:\/\/elementapp.ai\/blog\/wielka-reorganizacja-firmy-przebudowuja-sie-woko-ai\/\" >\n\t\t\t\tWielka reorganizacja: firmy przebudowuj\u0105 si\u0119 wok\u00f3\u0142 AI\t\t\t<\/a>\n\t\t<\/h3>\n\t\t\t\t<div class=\"elementor-post__meta-data\">\n\t\t\t\t\t<span class=\"elementor-post-author\">\n\t\t\tMaciej Michalewski\t\t<\/span>\n\t\t\t\t<span class=\"elementor-post-date\">\n\t\t\t1 kwietnia 2026\t\t<\/span>\n\t\t\t\t<\/div>\n\t\t\t\t<div class=\"elementor-post__excerpt\">\n\t\t\t<p>Foundation Capital zbada\u0142o 25 firm i odkry\u0142o, \u017ce AI zmienia nie tylko narz\u0119dzia, ale ca\u0142\u0105 struktur\u0119 organizacji. Cztery role pozostan\u0105 ludzkie.<\/p>\n\t\t<\/div>\n\t\t\n\t\t<a class=\"elementor-post__read-more\" href=\"https:\/\/elementapp.ai\/blog\/wielka-reorganizacja-firmy-przebudowuja-sie-woko-ai\/\" aria-label=\"Read more about Wielka reorganizacja: firmy przebudowuj\u0105 si\u0119 wok\u00f3\u0142 AI\" tabindex=\"-1\" >\n\t\t\tCzytaj wi\u0119cej \u00bb\t\t<\/a>\n\n\t\t\t\t<\/div>\n\t\t\t\t<\/article>\n\t\t\t\t<article class=\"elementor-post elementor-grid-item post-14110 post type-post status-publish format-standard has-post-thumbnail hentry category-blog-posts\" role=\"listitem\">\n\t\t\t\t<a class=\"elementor-post__thumbnail__link\" href=\"https:\/\/elementapp.ai\/blog\/social-media-polaryzuja-ai-depolaryzuje\/\" tabindex=\"-1\" >\n\t\t\t<div class=\"elementor-post__thumbnail\"><img loading=\"lazy\" decoding=\"async\" width=\"300\" height=\"158\" src=\"https:\/\/elementapp.ai\/blog\/wp-content\/uploads\/2026\/03\/hero_polaryzacja-300x158.jpg\" class=\"attachment-medium size-medium wp-image-14102\" alt=\"\" srcset=\"https:\/\/elementapp.ai\/blog\/wp-content\/uploads\/2026\/03\/hero_polaryzacja-300x158.jpg 300w, https:\/\/elementapp.ai\/blog\/wp-content\/uploads\/2026\/03\/hero_polaryzacja-768x403.jpg 768w, https:\/\/elementapp.ai\/blog\/wp-content\/uploads\/2026\/03\/hero_polaryzacja.jpg 1200w\" sizes=\"(max-width: 300px) 100vw, 300px\" \/><\/div>\n\t\t<\/a>\n\t\t\t\t<div class=\"elementor-post__text\">\n\t\t\t\t<h3 class=\"elementor-post__title\">\n\t\t\t<a href=\"https:\/\/elementapp.ai\/blog\/social-media-polaryzuja-ai-depolaryzuje\/\" >\n\t\t\t\tSocial Media polaryzuj\u0105. AI depolaryzuje?\t\t\t<\/a>\n\t\t<\/h3>\n\t\t\t\t<div class=\"elementor-post__meta-data\">\n\t\t\t\t\t<span class=\"elementor-post-author\">\n\t\t\tMaciej Michalewski\t\t<\/span>\n\t\t\t\t<span class=\"elementor-post-date\">\n\t\t\t30 marca 2026\t\t<\/span>\n\t\t\t\t<\/div>\n\t\t\t\t<div class=\"elementor-post__excerpt\">\n\t\t\t<p>Social Media polaryzuj\u0105. AI depolaryzuje? Wprowadzenie Niedawno chwali\u0142em Groka za fakt, \u017ce najmniej halucynuje i jest najmniej politycznie poprawny. Teraz mamy kolejne dane, kt\u00f3re uzupe\u0142niaj\u0105<\/p>\n\t\t<\/div>\n\t\t\n\t\t<a class=\"elementor-post__read-more\" href=\"https:\/\/elementapp.ai\/blog\/social-media-polaryzuja-ai-depolaryzuje\/\" aria-label=\"Read more about Social Media polaryzuj\u0105. AI depolaryzuje?\" tabindex=\"-1\" >\n\t\t\tCzytaj wi\u0119cej \u00bb\t\t<\/a>\n\n\t\t\t\t<\/div>\n\t\t\t\t<\/article>\n\t\t\t\t<article class=\"elementor-post elementor-grid-item post-14094 post type-post status-publish format-standard has-post-thumbnail hentry category-blog-posts\" role=\"listitem\">\n\t\t\t\t<a class=\"elementor-post__thumbnail__link\" href=\"https:\/\/elementapp.ai\/blog\/automatyzacja-prac-fizycznych-physical-intelligence\/\" tabindex=\"-1\" >\n\t\t\t<div class=\"elementor-post__thumbnail\"><img loading=\"lazy\" decoding=\"async\" width=\"300\" height=\"158\" src=\"https:\/\/elementapp.ai\/blog\/wp-content\/uploads\/2026\/03\/hero_physical_ai-1-300x158.jpg\" class=\"attachment-medium size-medium wp-image-14096\" alt=\"\" srcset=\"https:\/\/elementapp.ai\/blog\/wp-content\/uploads\/2026\/03\/hero_physical_ai-1-300x158.jpg 300w, https:\/\/elementapp.ai\/blog\/wp-content\/uploads\/2026\/03\/hero_physical_ai-1-768x403.jpg 768w, https:\/\/elementapp.ai\/blog\/wp-content\/uploads\/2026\/03\/hero_physical_ai-1.jpg 1200w\" sizes=\"(max-width: 300px) 100vw, 300px\" \/><\/div>\n\t\t<\/a>\n\t\t\t\t<div class=\"elementor-post__text\">\n\t\t\t\t<h3 class=\"elementor-post__title\">\n\t\t\t<a href=\"https:\/\/elementapp.ai\/blog\/automatyzacja-prac-fizycznych-physical-intelligence\/\" >\n\t\t\t\tRobot z polskim rodowodem, kt\u00f3ry wkr\u0119ca \u015bruby szybciej od cz\u0142owieka\t\t\t<\/a>\n\t\t<\/h3>\n\t\t\t\t<div class=\"elementor-post__meta-data\">\n\t\t\t\t\t<span class=\"elementor-post-author\">\n\t\t\tMaciej Michalewski\t\t<\/span>\n\t\t\t\t<span class=\"elementor-post-date\">\n\t\t\t24 marca 2026\t\t<\/span>\n\t\t\t\t<\/div>\n\t\t\t\t<div class=\"elementor-post__excerpt\">\n\t\t\t<p>Robot z polskim rodowodem, kt\u00f3ry wkr\u0119ca \u015bruby szybciej od cz\u0142owieka Kiedy m\u00f3wimy o automatyzacji, wi\u0119kszo\u015b\u0107 ludzi my\u015bli o chatbotach, generatorach obraz\u00f3w i asystentach programowania. Tymczasem<\/p>\n\t\t<\/div>\n\t\t\n\t\t<a class=\"elementor-post__read-more\" href=\"https:\/\/elementapp.ai\/blog\/automatyzacja-prac-fizycznych-physical-intelligence\/\" aria-label=\"Read more about Robot z polskim rodowodem, kt\u00f3ry wkr\u0119ca \u015bruby szybciej od cz\u0142owieka\" tabindex=\"-1\" >\n\t\t\tCzytaj wi\u0119cej \u00bb\t\t<\/a>\n\n\t\t\t\t<\/div>\n\t\t\t\t<\/article>\n\t\t\t\t<\/div>\n\t\t\n\t\t\t\t\t\t<\/div>\n\t\t\t\t<\/div>\n\t\t\t\t\t<\/div>\n\t\t<\/div>\n\t\t\t\t\t<\/div>\n\t\t<\/section>\n\t\t\t\t<\/div>\n\t\t","protected":false},"excerpt":{"rendered":"<p>Eric Schmidt, by\u0142y prezes Google, powiedzia\u0142, \u017ce praca zdalna powoduje utrat\u0119 przez Google pozycji lidera innowacyjno\u015bci. Ta wypowiedzie\u0107 wywo\u0142a\u0142a dyskusj\u0119.<\/p>\n","protected":false},"author":1,"featured_media":0,"comment_status":"open","ping_status":"open","sticky":false,"template":"","format":"standard","meta":{"_acf_changed":false,"_yoast_wpseo_focuskw":"","_yoast_wpseo_title":"%%title%% %%page%%","_yoast_wpseo_metadesc":"Eric Schmidt, by\u0142y prezes Google, powiedzia\u0142, \u017ce praca zdalna powoduje utrat\u0119 przez Google pozycji lidera innowacyjno\u015bci. Ta wypowiedzie\u0107 wywo\u0142a\u0142a dyskusj\u0119.","_yoast_wpseo_opengraph-title":"Powr\u00f3t do biur - dyskusja w bran\u017cy technologicznej USA","_yoast_wpseo_opengraph-description":"Eric Schmidt, by\u0142y prezes Google, powiedzia\u0142, \u017ce praca zdalna powoduje utrat\u0119 przez Google pozycji lidera innowacyjno\u015bci. Ta wypowiedzie\u0107 wywo\u0142a\u0142a dyskusj\u0119.","_yoast_wpseo_opengraph-image":"https:\/\/elementapp.ai\/blog\/wp-content\/uploads\/2024\/08\/Powrot-do-biur-narastajacy-trend-w-branzy-technologicznej-USA.png","_yoast_wpseo_opengraph-image-id":12013,"_yoast_wpseo_twitter-title":"","_yoast_wpseo_twitter-description":"","_yoast_wpseo_twitter-image":"","_yoast_wpseo_twitter-image-id":0,"inline_featured_image":false,"site-sidebar-layout":"default","site-content-layout":"default","ast-global-header-display":"","ast-main-header-display":"","ast-hfb-above-header-display":"","ast-hfb-below-header-display":"","ast-hfb-mobile-header-display":"","site-post-title":"","ast-breadcrumbs-content":"","ast-featured-img":"","footer-sml-layout":"","theme-transparent-header-meta":"","adv-header-id-meta":"","stick-header-meta":"","header-above-stick-meta":"","header-main-stick-meta":"","header-below-stick-meta":"","footnotes":""},"categories":[2],"tags":[1711,1709,292,1708,1710],"class_list":["post-12012","post","type-post","status-publish","format-standard","hentry","category-blog-posts","tag-biura","tag-hybrid","tag-praca","tag-remote","tag-zdalna"],"acf":[],"yoast_head":"<!-- This site is optimized with the Yoast SEO Premium plugin v27.4 (Yoast SEO v27.4) - https:\/\/yoast.com\/product\/yoast-seo-premium-wordpress\/ -->\n<title>Powr\u00f3t do biur - dyskusja w bran\u017cy technologicznej USA<\/title>\n<meta name=\"description\" content=\"Eric Schmidt, by\u0142y prezes Google, powiedzia\u0142, \u017ce praca zdalna powoduje utrat\u0119 przez Google pozycji lidera innowacyjno\u015bci. Ta wypowiedzie\u0107 wywo\u0142a\u0142a dyskusj\u0119.\" \/>\n<meta name=\"robots\" content=\"index, follow, max-snippet:-1, max-image-preview:large, max-video-preview:-1\" \/>\n<link rel=\"canonical\" href=\"https:\/\/elementapp.ai\/blog\/powrot-do-biur-dyskusja-w-branzy-technologicznej-usa\/\" \/>\n<meta property=\"og:locale\" content=\"pl_PL\" \/>\n<meta property=\"og:type\" content=\"article\" \/>\n<meta property=\"og:title\" content=\"Powr\u00f3t do biur - dyskusja w bran\u017cy technologicznej USA\" \/>\n<meta property=\"og:description\" content=\"Eric Schmidt, by\u0142y prezes Google, powiedzia\u0142, \u017ce praca zdalna powoduje utrat\u0119 przez Google pozycji lidera innowacyjno\u015bci. Ta wypowiedzie\u0107 wywo\u0142a\u0142a dyskusj\u0119.\" \/>\n<meta property=\"og:url\" content=\"https:\/\/elementapp.ai\/blog\/powrot-do-biur-dyskusja-w-branzy-technologicznej-usa\/\" \/>\n<meta property=\"og:site_name\" content=\"Element&#039;s Blog - nowo\u015bci ze \u015bwiata rekrutacji, HR Tech i Element\" \/>\n<meta property=\"article:publisher\" content=\"https:\/\/www.facebook.com\/elementappats\" \/>\n<meta property=\"article:author\" content=\"https:\/\/www.facebook.com\/elementappats\/\" \/>\n<meta property=\"article:published_time\" content=\"2024-08-22T07:08:13+00:00\" \/>\n<meta property=\"article:modified_time\" content=\"2026-03-01T09:01:30+00:00\" \/>\n<meta property=\"og:image\" content=\"https:\/\/elementapp.ai\/blog\/wp-content\/uploads\/2024\/08\/Powrot-do-biur-narastajacy-trend-w-branzy-technologicznej-USA.png\" \/>\n\t<meta property=\"og:image:width\" content=\"1200\" \/>\n\t<meta property=\"og:image:height\" content=\"627\" \/>\n\t<meta property=\"og:image:type\" content=\"image\/png\" \/>\n<meta name=\"author\" content=\"Maciej Michalewski\" \/>\n<meta name=\"twitter:card\" content=\"summary_large_image\" \/>\n<meta name=\"twitter:title\" content=\"Powr\u00f3t do biur - dyskusja w bran\u017cy technologicznej USA\" \/>\n<meta name=\"twitter:label1\" content=\"Napisane przez\" \/>\n\t<meta name=\"twitter:data1\" content=\"Maciej Michalewski\" \/>\n\t<meta name=\"twitter:label2\" content=\"Szacowany czas czytania\" \/>\n\t<meta name=\"twitter:data2\" content=\"4 minuty\" \/>\n<!-- \/ Yoast SEO Premium plugin. -->","yoast_head_json":{"title":"Powr\u00f3t do biur - dyskusja w bran\u017cy technologicznej USA","description":"Eric Schmidt, by\u0142y prezes Google, powiedzia\u0142, \u017ce praca zdalna powoduje utrat\u0119 przez Google pozycji lidera innowacyjno\u015bci. Ta wypowiedzie\u0107 wywo\u0142a\u0142a dyskusj\u0119.","robots":{"index":"index","follow":"follow","max-snippet":"max-snippet:-1","max-image-preview":"max-image-preview:large","max-video-preview":"max-video-preview:-1"},"canonical":"https:\/\/elementapp.ai\/blog\/powrot-do-biur-dyskusja-w-branzy-technologicznej-usa\/","og_locale":"pl_PL","og_type":"article","og_title":"Powr\u00f3t do biur - dyskusja w bran\u017cy technologicznej USA","og_description":"Eric Schmidt, by\u0142y prezes Google, powiedzia\u0142, \u017ce praca zdalna powoduje utrat\u0119 przez Google pozycji lidera innowacyjno\u015bci. Ta wypowiedzie\u0107 wywo\u0142a\u0142a dyskusj\u0119.","og_url":"https:\/\/elementapp.ai\/blog\/powrot-do-biur-dyskusja-w-branzy-technologicznej-usa\/","og_site_name":"Element&#039;s Blog - nowo\u015bci ze \u015bwiata rekrutacji, HR Tech i Element","article_publisher":"https:\/\/www.facebook.com\/elementappats","article_author":"https:\/\/www.facebook.com\/elementappats\/","article_published_time":"2024-08-22T07:08:13+00:00","article_modified_time":"2026-03-01T09:01:30+00:00","og_image":[{"width":1200,"height":627,"url":"https:\/\/elementapp.ai\/blog\/wp-content\/uploads\/2024\/08\/Powrot-do-biur-narastajacy-trend-w-branzy-technologicznej-USA.png","type":"image\/png"}],"author":"Maciej Michalewski","twitter_card":"summary_large_image","twitter_title":"Powr\u00f3t do biur - dyskusja w bran\u017cy technologicznej USA","twitter_misc":{"Napisane przez":"Maciej Michalewski","Szacowany czas czytania":"4 minuty"},"schema":{"@context":"https:\/\/schema.org","@graph":[{"@type":"Article","@id":"https:\/\/elementapp.ai\/blog\/powrot-do-biur-dyskusja-w-branzy-technologicznej-usa\/#article","isPartOf":{"@id":"https:\/\/elementapp.ai\/blog\/powrot-do-biur-dyskusja-w-branzy-technologicznej-usa\/"},"author":{"name":"Maciej Michalewski","@id":"https:\/\/elementapp.ai\/blog\/#\/schema\/person\/02f4e59e019634b9e2fb09c00bf93f1e"},"headline":"Powr\u00f3t do biur &#8211; dyskusja w bran\u017cy technologicznej USA","datePublished":"2024-08-22T07:08:13+00:00","dateModified":"2026-03-01T09:01:30+00:00","mainEntityOfPage":{"@id":"https:\/\/elementapp.ai\/blog\/powrot-do-biur-dyskusja-w-branzy-technologicznej-usa\/"},"wordCount":904,"commentCount":0,"publisher":{"@id":"https:\/\/elementapp.ai\/blog\/#organization"},"image":{"@id":"https:\/\/elementapp.ai\/blog\/powrot-do-biur-dyskusja-w-branzy-technologicznej-usa\/#primaryimage"},"thumbnailUrl":"https:\/\/elementapp.ai\/blog\/wp-content\/uploads\/2024\/08\/applehq-1619x1080.webp","keywords":["biura","hybrid","praca","remote","zdalna"],"articleSection":["Blog-posts"],"inLanguage":"pl-PL","potentialAction":[{"@type":"CommentAction","name":"Comment","target":["https:\/\/elementapp.ai\/blog\/powrot-do-biur-dyskusja-w-branzy-technologicznej-usa\/#respond"]}]},{"@type":"WebPage","@id":"https:\/\/elementapp.ai\/blog\/powrot-do-biur-dyskusja-w-branzy-technologicznej-usa\/","url":"https:\/\/elementapp.ai\/blog\/powrot-do-biur-dyskusja-w-branzy-technologicznej-usa\/","name":"Powr\u00f3t do biur - dyskusja w bran\u017cy technologicznej USA","isPartOf":{"@id":"https:\/\/elementapp.ai\/blog\/#website"},"primaryImageOfPage":{"@id":"https:\/\/elementapp.ai\/blog\/powrot-do-biur-dyskusja-w-branzy-technologicznej-usa\/#primaryimage"},"image":{"@id":"https:\/\/elementapp.ai\/blog\/powrot-do-biur-dyskusja-w-branzy-technologicznej-usa\/#primaryimage"},"thumbnailUrl":"https:\/\/elementapp.ai\/blog\/wp-content\/uploads\/2024\/08\/applehq-1619x1080.webp","datePublished":"2024-08-22T07:08:13+00:00","dateModified":"2026-03-01T09:01:30+00:00","description":"Eric Schmidt, by\u0142y prezes Google, powiedzia\u0142, \u017ce praca zdalna powoduje utrat\u0119 przez Google pozycji lidera innowacyjno\u015bci. Ta wypowiedzie\u0107 wywo\u0142a\u0142a dyskusj\u0119.","breadcrumb":{"@id":"https:\/\/elementapp.ai\/blog\/powrot-do-biur-dyskusja-w-branzy-technologicznej-usa\/#breadcrumb"},"inLanguage":"pl-PL","potentialAction":[{"@type":"ReadAction","target":["https:\/\/elementapp.ai\/blog\/powrot-do-biur-dyskusja-w-branzy-technologicznej-usa\/"]}]},{"@type":"ImageObject","inLanguage":"pl-PL","@id":"https:\/\/elementapp.ai\/blog\/powrot-do-biur-dyskusja-w-branzy-technologicznej-usa\/#primaryimage","url":"https:\/\/elementapp.ai\/blog\/wp-content\/uploads\/2024\/08\/applehq.webp","contentUrl":"https:\/\/elementapp.ai\/blog\/wp-content\/uploads\/2024\/08\/applehq.webp","width":2048,"height":1366},{"@type":"BreadcrumbList","@id":"https:\/\/elementapp.ai\/blog\/powrot-do-biur-dyskusja-w-branzy-technologicznej-usa\/#breadcrumb","itemListElement":[{"@type":"ListItem","position":1,"name":"Strona g\u0142\u00f3wna","item":"https:\/\/elementapp.ai\/blog\/"},{"@type":"ListItem","position":2,"name":"Powr\u00f3t do biur &#8211; dyskusja w bran\u017cy technologicznej USA"}]},{"@type":"WebSite","@id":"https:\/\/elementapp.ai\/blog\/#website","url":"https:\/\/elementapp.ai\/blog\/","name":"Element's Blog - nowo\u015bci ze \u015bwiata rekrutacji, HR Tech i Element","description":"Najciekawsze informacje ze \u015bwiata rekrutacji, rynku pracy, technologii rekrutacyjnych oraz systemu rekrutacyjnego Element","publisher":{"@id":"https:\/\/elementapp.ai\/blog\/#organization"},"potentialAction":[{"@type":"SearchAction","target":{"@type":"EntryPoint","urlTemplate":"https:\/\/elementapp.ai\/blog\/?s={search_term_string}"},"query-input":{"@type":"PropertyValueSpecification","valueRequired":true,"valueName":"search_term_string"}}],"inLanguage":"pl-PL"},{"@type":"Organization","@id":"https:\/\/elementapp.ai\/blog\/#organization","name":"Element ATS system rekrutacyjny","url":"https:\/\/elementapp.ai\/blog\/","logo":{"@type":"ImageObject","inLanguage":"pl-PL","@id":"https:\/\/elementapp.ai\/blog\/#\/schema\/logo\/image\/","url":"https:\/\/elementapp.ai\/blog\/wp-content\/uploads\/2019\/09\/element-system-logo.svg","contentUrl":"https:\/\/elementapp.ai\/blog\/wp-content\/uploads\/2019\/09\/element-system-logo.svg","width":1,"height":1,"caption":"Element ATS system rekrutacyjny"},"image":{"@id":"https:\/\/elementapp.ai\/blog\/#\/schema\/logo\/image\/"},"sameAs":["https:\/\/www.facebook.com\/elementappats"]},{"@type":"Person","@id":"https:\/\/elementapp.ai\/blog\/#\/schema\/person\/02f4e59e019634b9e2fb09c00bf93f1e","name":"Maciej Michalewski","image":{"@type":"ImageObject","inLanguage":"pl-PL","@id":"https:\/\/secure.gravatar.com\/avatar\/9d00803e2237f6212234740ce5ee8400cf3c04cf469dc8728a7fdd0d2a1e8cc7?s=96&d=mm&r=g","url":"https:\/\/secure.gravatar.com\/avatar\/9d00803e2237f6212234740ce5ee8400cf3c04cf469dc8728a7fdd0d2a1e8cc7?s=96&d=mm&r=g","contentUrl":"https:\/\/secure.gravatar.com\/avatar\/9d00803e2237f6212234740ce5ee8400cf3c04cf469dc8728a7fdd0d2a1e8cc7?s=96&d=mm&r=g","caption":"Maciej Michalewski"},"description":"Since 2010 I have been professionally involved in the recruitment industry. Since 2014, I and a team of talented software developers, have been developing Element, an innovative recruitment system which makes recruiting fast and simple. I am a tech lover, and my mission is to find and create new solutions that will positively impact the recruitment market.","sameAs":["https:\/\/www.facebook.com\/elementappats\/","https:\/\/www.linkedin.com\/company\/13982762"]}]}},"_links":{"self":[{"href":"https:\/\/elementapp.ai\/blog\/wp-json\/wp\/v2\/posts\/12012","targetHints":{"allow":["GET"]}}],"collection":[{"href":"https:\/\/elementapp.ai\/blog\/wp-json\/wp\/v2\/posts"}],"about":[{"href":"https:\/\/elementapp.ai\/blog\/wp-json\/wp\/v2\/types\/post"}],"author":[{"embeddable":true,"href":"https:\/\/elementapp.ai\/blog\/wp-json\/wp\/v2\/users\/1"}],"replies":[{"embeddable":true,"href":"https:\/\/elementapp.ai\/blog\/wp-json\/wp\/v2\/comments?post=12012"}],"version-history":[{"count":10,"href":"https:\/\/elementapp.ai\/blog\/wp-json\/wp\/v2\/posts\/12012\/revisions"}],"predecessor-version":[{"id":12126,"href":"https:\/\/elementapp.ai\/blog\/wp-json\/wp\/v2\/posts\/12012\/revisions\/12126"}],"wp:attachment":[{"href":"https:\/\/elementapp.ai\/blog\/wp-json\/wp\/v2\/media?parent=12012"}],"wp:term":[{"taxonomy":"category","embeddable":true,"href":"https:\/\/elementapp.ai\/blog\/wp-json\/wp\/v2\/categories?post=12012"},{"taxonomy":"post_tag","embeddable":true,"href":"https:\/\/elementapp.ai\/blog\/wp-json\/wp\/v2\/tags?post=12012"}],"curies":[{"name":"wp","href":"https:\/\/api.w.org\/{rel}","templated":true}]}}