{"id":12947,"date":"2025-05-07T18:05:24","date_gmt":"2025-05-07T16:05:24","guid":{"rendered":"https:\/\/elementapp.ai\/blog\/?p=12947"},"modified":"2026-04-02T20:29:54","modified_gmt":"2026-04-02T18:29:54","slug":"raport-ofert-pracy-kwiecien-2025-spadek-liczby-ogloszen","status":"publish","type":"post","link":"https:\/\/elementapp.ai\/blog\/raport-ofert-pracy-kwiecien-2025-spadek-liczby-ogloszen\/","title":{"rendered":"Raport ofert pracy \u2013 kwiecie\u0144 2025: spadek liczby og\u0142osze\u0144"},"content":{"rendered":"\t\t<div data-elementor-type=\"wp-post\" data-elementor-id=\"12947\" class=\"elementor elementor-12947\" data-elementor-post-type=\"post\">\n\t\t\t\t\t\t<section class=\"elementor-section elementor-top-section elementor-element elementor-element-3e2aa402 elementor-section-boxed elementor-section-height-default elementor-section-height-default\" data-id=\"3e2aa402\" data-element_type=\"section\" data-e-type=\"section\">\n\t\t\t\t\t\t<div class=\"elementor-container elementor-column-gap-default\">\n\t\t\t\t\t<div class=\"elementor-column elementor-col-100 elementor-top-column elementor-element elementor-element-44f5459b\" data-id=\"44f5459b\" data-element_type=\"column\" data-e-type=\"column\">\n\t\t\t<div class=\"elementor-widget-wrap\">\n\t\t\t\t\t\t\t<\/div>\n\t\t<\/div>\n\t\t\t\t\t<\/div>\n\t\t<\/section>\n\t\t\t\t<section class=\"elementor-section elementor-top-section elementor-element elementor-element-5dd22ef7 elementor-section-boxed elementor-section-height-default elementor-section-height-default\" data-id=\"5dd22ef7\" data-element_type=\"section\" data-e-type=\"section\">\n\t\t\t\t\t\t<div class=\"elementor-container elementor-column-gap-default\">\n\t\t\t\t\t<div class=\"elementor-column elementor-col-100 elementor-top-column elementor-element elementor-element-4518a38b\" data-id=\"4518a38b\" data-element_type=\"column\" data-e-type=\"column\">\n\t\t\t<div class=\"elementor-widget-wrap elementor-element-populated\">\n\t\t\t\t\t\t<div class=\"elementor-element elementor-element-12566a85 elementor-widget-divider--view-line_icon elementor-view-default elementor-widget-divider--element-align-center elementor-widget elementor-widget-divider\" data-id=\"12566a85\" data-element_type=\"widget\" data-e-type=\"widget\" data-widget_type=\"divider.default\">\n\t\t\t\t<div class=\"elementor-widget-container\">\n\t\t\t\t\t\t\t<div class=\"elementor-divider\">\n\t\t\t<span class=\"elementor-divider-separator\">\n\t\t\t\t\t\t\t<div class=\"elementor-icon elementor-divider__element\">\n\t\t\t\t\t<i aria-hidden=\"true\" class=\"far fa-bookmark\"><\/i><\/div>\n\t\t\t\t\t\t<\/span>\n\t\t<\/div>\n\t\t\t\t\t\t<\/div>\n\t\t\t\t<\/div>\n\t\t\t\t\t<\/div>\n\t\t<\/div>\n\t\t\t\t\t<\/div>\n\t\t<\/section>\n\t\t\t\t<section class=\"elementor-section elementor-top-section elementor-element elementor-element-62b028df elementor-section-boxed elementor-section-height-default elementor-section-height-default\" data-id=\"62b028df\" data-element_type=\"section\" data-e-type=\"section\">\n\t\t\t\t\t\t<div class=\"elementor-container elementor-column-gap-default\">\n\t\t\t\t\t<div class=\"elementor-column elementor-col-100 elementor-top-column elementor-element elementor-element-1aeb23fe\" data-id=\"1aeb23fe\" data-element_type=\"column\" data-e-type=\"column\">\n\t\t\t<div class=\"elementor-widget-wrap elementor-element-populated\">\n\t\t\t\t\t\t<div class=\"elementor-element elementor-element-3f963b11 elementor-widget elementor-widget-heading\" data-id=\"3f963b11\" data-element_type=\"widget\" data-e-type=\"widget\" data-widget_type=\"heading.default\">\n\t\t\t\t<div class=\"elementor-widget-container\">\n\t\t\t\t\t<h1 class=\"elementor-heading-title elementor-size-default\">Raport ofert pracy \u2013 kwiecie\u0144 2025: spadek liczby og\u0142osze\u0144<\/h1>\t\t\t\t<\/div>\n\t\t\t\t<\/div>\n\t\t\t\t<div class=\"elementor-element elementor-element-d8075ce elementor-widget elementor-widget-text-editor\" data-id=\"d8075ce\" data-element_type=\"widget\" data-e-type=\"widget\" data-widget_type=\"text-editor.default\">\n\t\t\t\t<div class=\"elementor-widget-container\">\n\t\t\t\t\t\t\t\t\t7 maja 2025\t\t\t\t\t\t\t\t<\/div>\n\t\t\t\t<\/div>\n\t\t\t\t\t<\/div>\n\t\t<\/div>\n\t\t\t\t\t<\/div>\n\t\t<\/section>\n\t\t\t\t<section class=\"elementor-section elementor-top-section elementor-element elementor-element-386303d8 elementor-section-boxed elementor-section-height-default elementor-section-height-default\" data-id=\"386303d8\" data-element_type=\"section\" data-e-type=\"section\" data-settings=\"{&quot;background_background&quot;:&quot;classic&quot;}\">\n\t\t\t\t\t\t<div class=\"elementor-container elementor-column-gap-default\">\n\t\t\t\t\t<div class=\"elementor-column elementor-col-66 elementor-top-column elementor-element elementor-element-4e4c0d68\" data-id=\"4e4c0d68\" data-element_type=\"column\" data-e-type=\"column\" data-settings=\"{&quot;background_background&quot;:&quot;classic&quot;}\">\n\t\t\t<div class=\"elementor-widget-wrap elementor-element-populated\">\n\t\t\t\t\t\t<div class=\"elementor-element elementor-element-165c5375 elementor-widget elementor-widget-heading\" data-id=\"165c5375\" data-element_type=\"widget\" data-e-type=\"widget\" data-widget_type=\"heading.default\">\n\t\t\t\t<div class=\"elementor-widget-container\">\n\t\t\t\t\t<h2 class=\"elementor-heading-title elementor-size-default\">Jednorazowe potkni\u0119cie?<\/h2>\t\t\t\t<\/div>\n\t\t\t\t<\/div>\n\t\t\t\t<div class=\"elementor-element elementor-element-4ac3894a elementor-widget elementor-widget-text-editor\" data-id=\"4ac3894a\" data-element_type=\"widget\" data-e-type=\"widget\" data-widget_type=\"text-editor.default\">\n\t\t\t\t<div class=\"elementor-widget-container\">\n\t\t\t\t\t\t\t\t\t<p>Kwiecie\u0144 nie przyni\u00f3s\u0142 dobrych wie\u015bci; spad\u0142a liczba og\u0142osze\u0144 rekrutacyjnych opublikowanych na ponad 50 portalach pracy. Od siebie dodam, \u017ce rzeczywi\u015bcie nie obserwuj\u0119 jakiego\u015b specjalnego sza\u0142u na rynku pracy. Sza\u0142u nie ma ani w sprzeda\u017cy naszego <span style=\"color: #0000ff;\"><a style=\"color: #0000ff;\" href=\"https:\/\/elementapp.ai\/wszystko-o-ats\" target=\"_blank\" rel=\"noopener\">systemu ATS<\/a><\/span>, ani w nastrojach klient\u00f3w czy znajomych dzia\u0142aj\u0105cych w bran\u017cy rekrutacyjnej. Lajf. Zaciskam pas, zagryzam z\u0119by i robi\u0119 dalej swoje.\u00a0<\/p><p>Raport, przygotowany jak zawsze przez firm\u0119 doradcz\u0105 Grant Thornton, pobierzesz bezp\u0142atnie za pomoc\u0105 <span style=\"color: #0000ff;\"><a style=\"color: #0000ff;\" href=\"https:\/\/elementapp.ai\/blog\/wp-content\/uploads\/2025\/05\/Oferty-pracy-w-Polsce-kwiecien-2025.pdf\" target=\"_blank\" rel=\"noopener\">tego linku<\/a><\/span> lub klikaj\u0105c poni\u017cszy obrazek.<\/p>\t\t\t\t\t\t\t\t<\/div>\n\t\t\t\t<\/div>\n\t\t\t\t<div class=\"elementor-element elementor-element-b8b1c17 elementor-widget elementor-widget-image\" data-id=\"b8b1c17\" data-element_type=\"widget\" data-e-type=\"widget\" data-widget_type=\"image.default\">\n\t\t\t\t<div class=\"elementor-widget-container\">\n\t\t\t\t\t\t\t\t\t\t\t\t\t\t\t\t<a href=\"https:\/\/elementapp.ai\/blog\/wp-content\/uploads\/2025\/05\/Oferty-pracy-w-Polsce-kwiecien-2025.pdf\">\n\t\t\t\t\t\t\t<img fetchpriority=\"high\" decoding=\"async\" width=\"819\" height=\"427\" src=\"https:\/\/elementapp.ai\/blog\/wp-content\/uploads\/2025\/05\/Raport-GT-i-Element-kwiecien-2025-social-click.png\" class=\"attachment-large size-large wp-image-12948\" alt=\"Raport ofert pracy \u2013 kwiecie\u0144 2025: spadek liczby og\u0142osze\u0144\" srcset=\"https:\/\/elementapp.ai\/blog\/wp-content\/uploads\/2025\/05\/Raport-GT-i-Element-kwiecien-2025-social-click.png 819w, https:\/\/elementapp.ai\/blog\/wp-content\/uploads\/2025\/05\/Raport-GT-i-Element-kwiecien-2025-social-click-300x156.png 300w, https:\/\/elementapp.ai\/blog\/wp-content\/uploads\/2025\/05\/Raport-GT-i-Element-kwiecien-2025-social-click-768x400.png 768w\" sizes=\"(max-width: 819px) 100vw, 819px\" \/>\t\t\t\t\t\t\t\t<\/a>\n\t\t\t\t\t\t\t\t\t\t\t\t\t\t\t<\/div>\n\t\t\t\t<\/div>\n\t\t\t\t<div class=\"elementor-element elementor-element-826d7720 elementor-widget elementor-widget-text-editor\" data-id=\"826d7720\" data-element_type=\"widget\" data-e-type=\"widget\" data-widget_type=\"text-editor.default\">\n\t\t\t\t<div class=\"elementor-widget-container\">\n\t\t\t\t\t\t\t\t\t<h3>Inne raporty z tej serii<\/h3><p>Poprzedni raport: <a href=\"https:\/\/elementapp.ai\/blog\/raport-ofert-pracy-marzec-2025-kolejny-duzy-wzrost\/\" style=\"color: #0000ff;\">Raport ofert pracy \u2013 marzec 2025: kolejny du\u017cy wzrost<\/a><\/p><p>Nast\u0119pny raport: <a href=\"https:\/\/elementapp.ai\/blog\/raport-ofert-pracy-maj-2025-na-rynku-stabilnie\/\" style=\"color: #0000ff;\">Raport ofert pracy \u2013 maj 2025: na rynku stabilnie<\/a><\/p><p>Szukasz kandydat\u00f3w? Sprawd\u017a <a href=\"https:\/\/elementapp.ai\/darmowe-ogloszenia-z-ofertami-pracy\" style=\"color: #0000ff;\">najwi\u0119ksz\u0105 list\u0119 darmowych \u017ar\u00f3de\u0142 kandydat\u00f3w w Polsce<\/a>.<\/p>\t\t\t\t\t\t\t\t<\/div>\n\t\t\t\t<\/div>\n\t\t\t\t<div class=\"elementor-element elementor-element-4b8db147 elementor-widget elementor-widget-text-editor\" data-id=\"4b8db147\" data-element_type=\"widget\" data-e-type=\"widget\" data-widget_type=\"text-editor.default\">\n\t\t\t\t<div class=\"elementor-widget-container\">\n\t\t\t\t\t\t\t\t\t<p><strong>Najcz\u0119\u015bciej czytane<\/strong>:<\/p><ol><li><span style=\"font-size: 16px;\"><strong><span style=\"color: #0000ff;\"><a style=\"color: #0000ff;\" href=\"https:\/\/elementapp.ai\/darmowe-ogloszenia-z-ofertami-pracy\">Darmowe og\u0142oszenia o prac\u0119 i najwi\u0119ksza lista \u017ar\u00f3de\u0142 kandydat\u00f3w<\/a><\/span><\/strong> &#8211; najwi\u0119ksza w Polsce lista bezp\u0142atnych i p\u0142atnych \u017ar\u00f3de\u0142 kandydat\u00f3w<\/span><\/li><li><span style=\"color: #0000ff;\"><a style=\"color: #0000ff;\" href=\"http:\/\/elementapp.ai\/wynagrodzenia-praca-hr\" target=\"_blank\" rel=\"noopener\"><strong>Praca w HR<\/strong><\/a> <span style=\"color: #000000;\">&#8211; najnowsze oferty pracy i aktualne \u015brednie wynagrodzenia w bran\u017cy HR<\/span><\/span><\/li><li><span style=\"color: #0000ff;\"><a style=\"color: #0000ff;\" href=\"https:\/\/elementapp.ai\/akademia-rekrutacji\" target=\"_blank\" rel=\"noopener\"><strong>Akademia Rekrutacji<\/strong><\/a> <span style=\"color: #000000;\">&#8211; zbi\u00f3r wiedzy na temat rekrutacji oraz raporty z rynku pracy.<\/span><\/span><\/li><li><strong><span style=\"color: #0000ff;\"><a style=\"color: #0000ff;\" href=\"https:\/\/elementapp.ai\/blog\/gowork-jak-reagowac-na-negatywne-opinie-o-pracodawcach\/\">Gowork &#8211; jak reagowa\u0107 na negatywne opinie o pracodawcach<\/a><\/span><\/strong> &#8211; Kompleksowy poradnik dla pracodawc\u00f3w.<\/li><li><a href=\"https:\/\/elementapp.ai\/blog\/jak-napisac-cv-i-profil-linkedin\/\"><span style=\"color: #0000ff;\"><b>Jak napisa\u0107 CV i profil LinkedIn <\/b><\/span><\/a>&#8211; kompleksowy\u00a0poradnik tworzenia CV i profil\u00f3w LinkedIn<\/li><li><strong><span style=\"color: #0000ff;\"><a style=\"color: #0000ff;\" href=\"https:\/\/elementapp.ai\/blog\/rodo-w-rekrutacji-sourcing-i-direct-search-wszystko-co-musisz-wiedziec\/\">RODO w rekrutacji &#8211; sourcing, direct search, og\u0142oszenia. Wszystko co musisz wiedzie\u0107<\/a><\/span><\/strong> &#8211; kompleksowy poradnik RODO w rekrutacji z naciskiem na dzia\u0142ania typu direct search \/ sourcing.<\/li><li><span style=\"color: #0000ff;\"><a style=\"color: #0000ff;\" href=\"https:\/\/elementapp.ai\/wszystko-o-ats\" target=\"_blank\" rel=\"noopener\"><strong>Wszystko o systemach ATS<\/strong><\/a><\/span> &#8211; poradnik wyboru systemu rekrutacyjnego<\/li><li><strong><span style=\"color: #0000ff;\"><a style=\"color: #0000ff;\" href=\"http:\/\/elementapp.ai\/blog\/umowy-przedwstepne-i-listy-intencyjne-w-procesach-rekrutacyjnych\/\" target=\"_blank\" rel=\"noopener\">Umowy przedwst\u0119pne i listy intencyjne w procesach rekrutacyjnych<\/a><\/span><\/strong> &#8211; wszystko, co musisz wiedzie\u0107 o prawnych zabezpieczeniach zobowi\u0105zania do zatrudnienia.<\/li><\/ol>\t\t\t\t\t\t\t\t<\/div>\n\t\t\t\t<\/div>\n\t\t\t\t<div class=\"elementor-element elementor-element-55caf9d6 elementor-author-box--image-valign-middle elementor-widget elementor-widget-author-box\" data-id=\"55caf9d6\" data-element_type=\"widget\" data-e-type=\"widget\" data-widget_type=\"author-box.default\">\n\t\t\t\t<div class=\"elementor-widget-container\">\n\t\t\t\t\t\t\t<div class=\"elementor-author-box\">\n\t\t\t\t\t\t\t<a href=\"https:\/\/www.linkedin.com\/in\/maciejmichalewski\/\" class=\"elementor-author-box__avatar\">\n\t\t\t\t\t<img decoding=\"async\" src=\"https:\/\/elementapp.ai\/blog\/wp-content\/uploads\/2024\/03\/MM-head-small-300x300.jpg\" alt=\"Picture of Maciej Michalewski\" loading=\"lazy\">\n\t\t\t\t<\/a>\n\t\t\t\n\t\t\t<div class=\"elementor-author-box__text\">\n\t\t\t\t\t\t\t\t\t<a href=\"https:\/\/www.linkedin.com\/in\/maciejmichalewski\/\">\n\t\t\t\t\t\t<h4 class=\"elementor-author-box__name\">\n\t\t\t\t\t\t\tMaciej Michalewski\t\t\t\t\t\t<\/h4>\n\t\t\t\t\t<\/a>\n\t\t\t\t\n\t\t\t\t\t\t\t\t\t<div class=\"elementor-author-box__bio\">\n\t\t\t\t\t\t<p>Founder & CEO @ Element<\/p>\n\t\t\t\t\t<\/div>\n\t\t\t\t\n\t\t\t\t\t\t\t<\/div>\n\t\t<\/div>\n\t\t\t\t\t\t<\/div>\n\t\t\t\t<\/div>\n\t\t\t\t<div class=\"elementor-element elementor-element-3d592d34 elementor-widget-divider--view-line elementor-widget elementor-widget-divider\" data-id=\"3d592d34\" data-element_type=\"widget\" data-e-type=\"widget\" data-widget_type=\"divider.default\">\n\t\t\t\t<div class=\"elementor-widget-container\">\n\t\t\t\t\t\t\t<div class=\"elementor-divider\">\n\t\t\t<span class=\"elementor-divider-separator\">\n\t\t\t\t\t\t<\/span>\n\t\t<\/div>\n\t\t\t\t\t\t<\/div>\n\t\t\t\t<\/div>\n\t\t\t\t<div class=\"elementor-element elementor-element-1d9d9f5e elementor-widget elementor-widget-image\" data-id=\"1d9d9f5e\" data-element_type=\"widget\" data-e-type=\"widget\" data-widget_type=\"image.default\">\n\t\t\t\t<div class=\"elementor-widget-container\">\n\t\t\t\t\t\t\t\t\t\t\t\t\t\t\t\t<a href=\"https:\/\/elementapp.ai\/#sprawdz-demo\">\n\t\t\t\t\t\t\t<img decoding=\"async\" width=\"676\" height=\"430\" src=\"https:\/\/elementapp.ai\/blog\/wp-content\/uploads\/2025\/01\/Baner-na-bloga-2025.png\" class=\"attachment-large size-large wp-image-12518\" alt=\"Element cennik baner\" srcset=\"https:\/\/elementapp.ai\/blog\/wp-content\/uploads\/2025\/01\/Baner-na-bloga-2025.png 676w, https:\/\/elementapp.ai\/blog\/wp-content\/uploads\/2025\/01\/Baner-na-bloga-2025-300x191.png 300w\" sizes=\"(max-width: 676px) 100vw, 676px\" \/>\t\t\t\t\t\t\t\t<\/a>\n\t\t\t\t\t\t\t\t\t\t\t\t\t\t\t<\/div>\n\t\t\t\t<\/div>\n\t\t\t\t<div class=\"elementor-element elementor-element-53399521 elementor-widget elementor-widget-text-editor\" data-id=\"53399521\" data-element_type=\"widget\" data-e-type=\"widget\" data-widget_type=\"text-editor.default\">\n\t\t\t\t<div class=\"elementor-widget-container\">\n\t\t\t\t\t\t\t\t\t<p>Nasze artyku\u0142y przeczytasz tak\u017ce na <span style=\"color: #0000ff;\"><a style=\"color: #0000ff;\" href=\"https:\/\/maciejm.medium.com\/raport-ofert-pracy-kwiecie%C5%84-2025-spadek-liczby-og%C5%82osze%C5%84-76c9322ffa6c\" rel=\"noopener nofollow\">Medium<\/a><\/span>, <a href=\"https:\/\/www.linkedin.com\/pulse\/raport-ofert-pracy-kwiecie%25C5%2584-2025-spadek-liczby-og%25C5%2582osze%25C5%2584-onukf\" target=\"_blank\" rel=\"noopener nofollow\"><span style=\"color: #0000ff;\">LinkedIn<\/span><\/a>, <a style=\"font-size: 16px; background-color: #ffffff; color: #0000ff;\" href=\"https:\/\/maciejm.substack.com\/p\/raport-ofert-pracy-kwiecien-2025\" rel=\"noopener nofollow\">Substack<\/a>, <a style=\"color: #0000ff;\" href=\"https:\/\/www.reddit.com\/user\/maciejmm\/comments\/1nf71yc\/raport_ofert_pracy_kwiecie%C5%84_2025_spadek_liczby\/\" target=\"_blank\" rel=\"noopener nofollow\">Reddit<\/a><\/p>\t\t\t\t\t\t\t\t<\/div>\n\t\t\t\t<\/div>\n\t\t\t\t\t<\/div>\n\t\t<\/div>\n\t\t\t\t<div class=\"elementor-column elementor-col-33 elementor-top-column elementor-element elementor-element-3719d2ad\" data-id=\"3719d2ad\" data-element_type=\"column\" data-e-type=\"column\">\n\t\t\t<div class=\"elementor-widget-wrap elementor-element-populated\">\n\t\t\t\t\t\t<div class=\"elementor-element elementor-element-5e13a468 elementor-widget elementor-widget-heading\" data-id=\"5e13a468\" data-element_type=\"widget\" data-e-type=\"widget\" data-widget_type=\"heading.default\">\n\t\t\t\t<div class=\"elementor-widget-container\">\n\t\t\t\t\t<h3 class=\"elementor-heading-title elementor-size-default\">Ostatnie wpisy:<\/h3>\t\t\t\t<\/div>\n\t\t\t\t<\/div>\n\t\t\t\t<div class=\"elementor-element elementor-element-7aa972fc elementor-grid-1 elementor-grid-tablet-1 elementor-grid-mobile-1 elementor-posts--thumbnail-top elementor-widget elementor-widget-posts\" data-id=\"7aa972fc\" data-element_type=\"widget\" data-e-type=\"widget\" data-settings=\"{&quot;classic_columns&quot;:&quot;1&quot;,&quot;classic_columns_tablet&quot;:&quot;1&quot;,&quot;classic_row_gap&quot;:{&quot;unit&quot;:&quot;px&quot;,&quot;size&quot;:26,&quot;sizes&quot;:[]},&quot;classic_columns_mobile&quot;:&quot;1&quot;,&quot;classic_row_gap_tablet&quot;:{&quot;unit&quot;:&quot;px&quot;,&quot;size&quot;:&quot;&quot;,&quot;sizes&quot;:[]},&quot;classic_row_gap_mobile&quot;:{&quot;unit&quot;:&quot;px&quot;,&quot;size&quot;:&quot;&quot;,&quot;sizes&quot;:[]}}\" data-widget_type=\"posts.classic\">\n\t\t\t\t<div class=\"elementor-widget-container\">\n\t\t\t\t\t\t\t<div class=\"elementor-posts-container elementor-posts elementor-posts--skin-classic elementor-grid\" role=\"list\">\n\t\t\t\t<article class=\"elementor-post elementor-grid-item post-14172 post type-post status-publish format-standard has-post-thumbnail hentry category-blog-posts tag-grant-thornton tag-hr-owiec-na-rynku-pracy tag-raport-hr tag-rekrutacja-hr tag-rynek-pracy-hr\" role=\"listitem\">\n\t\t\t\t<a class=\"elementor-post__thumbnail__link\" href=\"https:\/\/elementapp.ai\/blog\/hr-owiec-na-rynku-pracy-2026-vii-edycja-raportu\/\" tabindex=\"-1\" >\n\t\t\t<div class=\"elementor-post__thumbnail\"><img decoding=\"async\" width=\"300\" height=\"158\" src=\"https:\/\/elementapp.ai\/blog\/wp-content\/uploads\/2026\/04\/hr-owiec-na-rynku-pracy-2026-vii-edycja-300x158.jpg\" class=\"attachment-medium size-medium wp-image-14170\" alt=\"HR-owiec na rynku pracy 2026 \u2014 VII edycja raportu Grant Thornton i Element\" srcset=\"https:\/\/elementapp.ai\/blog\/wp-content\/uploads\/2026\/04\/hr-owiec-na-rynku-pracy-2026-vii-edycja-300x158.jpg 300w, https:\/\/elementapp.ai\/blog\/wp-content\/uploads\/2026\/04\/hr-owiec-na-rynku-pracy-2026-vii-edycja-768x403.jpg 768w, https:\/\/elementapp.ai\/blog\/wp-content\/uploads\/2026\/04\/hr-owiec-na-rynku-pracy-2026-vii-edycja.jpg 1200w\" sizes=\"(max-width: 300px) 100vw, 300px\" \/><\/div>\n\t\t<\/a>\n\t\t\t\t<div class=\"elementor-post__text\">\n\t\t\t\t<h3 class=\"elementor-post__title\">\n\t\t\t<a href=\"https:\/\/elementapp.ai\/blog\/hr-owiec-na-rynku-pracy-2026-vii-edycja-raportu\/\" >\n\t\t\t\tHR-owiec na rynku pracy 2026 \u2014 pobierz VII edycj\u0119 raportu\t\t\t<\/a>\n\t\t<\/h3>\n\t\t\t\t<div class=\"elementor-post__meta-data\">\n\t\t\t\t\t<span class=\"elementor-post-author\">\n\t\t\tMaciej Michalewski\t\t<\/span>\n\t\t\t\t<span class=\"elementor-post-date\">\n\t\t\t28 kwietnia 2026\t\t<\/span>\n\t\t\t\t<\/div>\n\t\t\t\t<div class=\"elementor-post__excerpt\">\n\t\t\t<p>VII edycja raportu \u201eHR-owiec na rynku pracy&#8221;: 72 508 ofert HR w 2025 roku, +55% dla rekruter\u00f3w IT, pensje HRBP i dyrektora HR. Pobierz bezp\u0142atnie.<\/p>\n\t\t<\/div>\n\t\t\n\t\t<a class=\"elementor-post__read-more\" href=\"https:\/\/elementapp.ai\/blog\/hr-owiec-na-rynku-pracy-2026-vii-edycja-raportu\/\" aria-label=\"Read more about HR-owiec na rynku pracy 2026 \u2014 pobierz VII edycj\u0119 raportu\" tabindex=\"-1\" >\n\t\t\tCzytaj wi\u0119cej \u00bb\t\t<\/a>\n\n\t\t\t\t<\/div>\n\t\t\t\t<\/article>\n\t\t\t\t<article class=\"elementor-post elementor-grid-item post-14158 post type-post status-publish format-standard has-post-thumbnail hentry category-blog-posts tag-agenci-ai tag-ai-w-enterprise tag-aron-levie tag-change-management tag-headless-software tag-transformacja-cyfrowa\" role=\"listitem\">\n\t\t\t\t<a class=\"elementor-post__thumbnail__link\" href=\"https:\/\/elementapp.ai\/blog\/agenci-ai-nie-zmienia-firm-ktore-nie-zmienia-sie-same\/\" tabindex=\"-1\" >\n\t\t\t<div class=\"elementor-post__thumbnail\"><img loading=\"lazy\" decoding=\"async\" width=\"300\" height=\"158\" src=\"https:\/\/elementapp.ai\/blog\/wp-content\/uploads\/2026\/04\/social-agenci-ai-enterprise-levie-v2-300x158.png\" class=\"attachment-medium size-medium wp-image-14164\" alt=\"\" srcset=\"https:\/\/elementapp.ai\/blog\/wp-content\/uploads\/2026\/04\/social-agenci-ai-enterprise-levie-v2-300x158.png 300w, https:\/\/elementapp.ai\/blog\/wp-content\/uploads\/2026\/04\/social-agenci-ai-enterprise-levie-v2-768x403.png 768w, https:\/\/elementapp.ai\/blog\/wp-content\/uploads\/2026\/04\/social-agenci-ai-enterprise-levie-v2.png 1200w\" sizes=\"(max-width: 300px) 100vw, 300px\" \/><\/div>\n\t\t<\/a>\n\t\t\t\t<div class=\"elementor-post__text\">\n\t\t\t\t<h3 class=\"elementor-post__title\">\n\t\t\t<a href=\"https:\/\/elementapp.ai\/blog\/agenci-ai-nie-zmienia-firm-ktore-nie-zmienia-sie-same\/\" >\n\t\t\t\tAgenci AI nie zmieni\u0105 firm, kt\u00f3re nie zmieni\u0105 si\u0119 same\t\t\t<\/a>\n\t\t<\/h3>\n\t\t\t\t<div class=\"elementor-post__meta-data\">\n\t\t\t\t\t<span class=\"elementor-post-author\">\n\t\t\tMaciej Michalewski\t\t<\/span>\n\t\t\t\t<span class=\"elementor-post-date\">\n\t\t\t13 kwietnia 2026\t\t<\/span>\n\t\t\t\t<\/div>\n\t\t\t\t<div class=\"elementor-post__excerpt\">\n\t\t\t<p>Aron Levie, CEO Box, spotka\u0142 si\u0119 z kilkudziesi\u0119cioma liderami IT i AI z du\u017cych przedsi\u0119biorstw. Jego obserwacje o agentach AI w enterprise potwierdzaj\u0105 trendy, kt\u00f3re widz\u0119 w codziennej pracy z firmami wdra\u017caj\u0105cymi AI.<\/p>\n\t\t<\/div>\n\t\t\n\t\t<a class=\"elementor-post__read-more\" href=\"https:\/\/elementapp.ai\/blog\/agenci-ai-nie-zmienia-firm-ktore-nie-zmienia-sie-same\/\" aria-label=\"Read more about Agenci AI nie zmieni\u0105 firm, kt\u00f3re nie zmieni\u0105 si\u0119 same\" tabindex=\"-1\" >\n\t\t\tCzytaj wi\u0119cej \u00bb\t\t<\/a>\n\n\t\t\t\t<\/div>\n\t\t\t\t<\/article>\n\t\t\t\t<article class=\"elementor-post elementor-grid-item post-14134 post type-post status-publish format-standard has-post-thumbnail hentry category-blog-posts\" role=\"listitem\">\n\t\t\t\t<a class=\"elementor-post__thumbnail__link\" href=\"https:\/\/elementapp.ai\/blog\/gallup-2026-zaangazowanie-pracownikow-menedzerowie-ai\/\" tabindex=\"-1\" >\n\t\t\t<div class=\"elementor-post__thumbnail\"><img loading=\"lazy\" decoding=\"async\" width=\"300\" height=\"164\" src=\"https:\/\/elementapp.ai\/blog\/wp-content\/uploads\/2026\/04\/hero-gallup-2026-v3-300x164.jpg\" class=\"attachment-medium size-medium wp-image-14138\" alt=\"\" srcset=\"https:\/\/elementapp.ai\/blog\/wp-content\/uploads\/2026\/04\/hero-gallup-2026-v3-300x164.jpg 300w, https:\/\/elementapp.ai\/blog\/wp-content\/uploads\/2026\/04\/hero-gallup-2026-v3-768x419.jpg 768w, https:\/\/elementapp.ai\/blog\/wp-content\/uploads\/2026\/04\/hero-gallup-2026-v3-1536x837.jpg 1536w, https:\/\/elementapp.ai\/blog\/wp-content\/uploads\/2026\/04\/hero-gallup-2026-v3.jpg 1600w\" sizes=\"(max-width: 300px) 100vw, 300px\" \/><\/div>\n\t\t<\/a>\n\t\t\t\t<div class=\"elementor-post__text\">\n\t\t\t\t<h3 class=\"elementor-post__title\">\n\t\t\t<a href=\"https:\/\/elementapp.ai\/blog\/gallup-2026-zaangazowanie-pracownikow-menedzerowie-ai\/\" >\n\t\t\t\tGallup 2026: \u015bwiat pracy si\u0119 sypie, a mened\u017cerowie trac\u0105 zapa\u0142 szybciej ni\u017c reszta\t\t\t<\/a>\n\t\t<\/h3>\n\t\t\t\t<div class=\"elementor-post__meta-data\">\n\t\t\t\t\t<span class=\"elementor-post-author\">\n\t\t\tMaciej Michalewski\t\t<\/span>\n\t\t\t\t<span class=\"elementor-post-date\">\n\t\t\t8 kwietnia 2026\t\t<\/span>\n\t\t\t\t<\/div>\n\t\t\t\t<div class=\"elementor-post__excerpt\">\n\t\t\t<p>Raport Gallup State of the Global Workplace 2026 pokazuje, \u017ce globalne zaanga\u017cowanie spad\u0142o do 20%, a mened\u017cerowie trac\u0105 zapa\u0142 szybciej ni\u017c ich zespo\u0142y. Paradoks AI: indywidualna produktywno\u015b\u0107 ro\u015bnie, organizacyjna nie.<\/p>\n\t\t<\/div>\n\t\t\n\t\t<a class=\"elementor-post__read-more\" href=\"https:\/\/elementapp.ai\/blog\/gallup-2026-zaangazowanie-pracownikow-menedzerowie-ai\/\" aria-label=\"Read more about Gallup 2026: \u015bwiat pracy si\u0119 sypie, a mened\u017cerowie trac\u0105 zapa\u0142 szybciej ni\u017c reszta\" tabindex=\"-1\" >\n\t\t\tCzytaj wi\u0119cej \u00bb\t\t<\/a>\n\n\t\t\t\t<\/div>\n\t\t\t\t<\/article>\n\t\t\t\t<article class=\"elementor-post elementor-grid-item post-14119 post type-post status-publish format-standard has-post-thumbnail hentry category-blog-posts\" role=\"listitem\">\n\t\t\t\t<a class=\"elementor-post__thumbnail__link\" href=\"https:\/\/elementapp.ai\/blog\/wielka-reorganizacja-firmy-przebudowuja-sie-woko-ai\/\" tabindex=\"-1\" >\n\t\t\t<div class=\"elementor-post__thumbnail\"><img loading=\"lazy\" decoding=\"async\" width=\"300\" height=\"158\" src=\"https:\/\/elementapp.ai\/blog\/wp-content\/uploads\/2026\/04\/hero-wielka-reorganizacja-v2-300x158.jpg\" class=\"attachment-medium size-medium wp-image-14127\" alt=\"\" srcset=\"https:\/\/elementapp.ai\/blog\/wp-content\/uploads\/2026\/04\/hero-wielka-reorganizacja-v2-300x158.jpg 300w, https:\/\/elementapp.ai\/blog\/wp-content\/uploads\/2026\/04\/hero-wielka-reorganizacja-v2-768x403.jpg 768w, https:\/\/elementapp.ai\/blog\/wp-content\/uploads\/2026\/04\/hero-wielka-reorganizacja-v2.jpg 1200w\" sizes=\"(max-width: 300px) 100vw, 300px\" \/><\/div>\n\t\t<\/a>\n\t\t\t\t<div class=\"elementor-post__text\">\n\t\t\t\t<h3 class=\"elementor-post__title\">\n\t\t\t<a href=\"https:\/\/elementapp.ai\/blog\/wielka-reorganizacja-firmy-przebudowuja-sie-woko-ai\/\" >\n\t\t\t\tWielka reorganizacja: firmy przebudowuj\u0105 si\u0119 wok\u00f3\u0142 AI\t\t\t<\/a>\n\t\t<\/h3>\n\t\t\t\t<div class=\"elementor-post__meta-data\">\n\t\t\t\t\t<span class=\"elementor-post-author\">\n\t\t\tMaciej Michalewski\t\t<\/span>\n\t\t\t\t<span class=\"elementor-post-date\">\n\t\t\t1 kwietnia 2026\t\t<\/span>\n\t\t\t\t<\/div>\n\t\t\t\t<div class=\"elementor-post__excerpt\">\n\t\t\t<p>Foundation Capital zbada\u0142o 25 firm i odkry\u0142o, \u017ce AI zmienia nie tylko narz\u0119dzia, ale ca\u0142\u0105 struktur\u0119 organizacji. Cztery role pozostan\u0105 ludzkie.<\/p>\n\t\t<\/div>\n\t\t\n\t\t<a class=\"elementor-post__read-more\" href=\"https:\/\/elementapp.ai\/blog\/wielka-reorganizacja-firmy-przebudowuja-sie-woko-ai\/\" aria-label=\"Read more about Wielka reorganizacja: firmy przebudowuj\u0105 si\u0119 wok\u00f3\u0142 AI\" tabindex=\"-1\" >\n\t\t\tCzytaj wi\u0119cej \u00bb\t\t<\/a>\n\n\t\t\t\t<\/div>\n\t\t\t\t<\/article>\n\t\t\t\t<article class=\"elementor-post elementor-grid-item post-14110 post type-post status-publish format-standard has-post-thumbnail hentry category-blog-posts\" role=\"listitem\">\n\t\t\t\t<a class=\"elementor-post__thumbnail__link\" href=\"https:\/\/elementapp.ai\/blog\/social-media-polaryzuja-ai-depolaryzuje\/\" tabindex=\"-1\" >\n\t\t\t<div class=\"elementor-post__thumbnail\"><img loading=\"lazy\" decoding=\"async\" width=\"300\" height=\"158\" src=\"https:\/\/elementapp.ai\/blog\/wp-content\/uploads\/2026\/03\/hero_polaryzacja-300x158.jpg\" class=\"attachment-medium size-medium wp-image-14102\" alt=\"\" srcset=\"https:\/\/elementapp.ai\/blog\/wp-content\/uploads\/2026\/03\/hero_polaryzacja-300x158.jpg 300w, https:\/\/elementapp.ai\/blog\/wp-content\/uploads\/2026\/03\/hero_polaryzacja-768x403.jpg 768w, https:\/\/elementapp.ai\/blog\/wp-content\/uploads\/2026\/03\/hero_polaryzacja.jpg 1200w\" sizes=\"(max-width: 300px) 100vw, 300px\" \/><\/div>\n\t\t<\/a>\n\t\t\t\t<div class=\"elementor-post__text\">\n\t\t\t\t<h3 class=\"elementor-post__title\">\n\t\t\t<a href=\"https:\/\/elementapp.ai\/blog\/social-media-polaryzuja-ai-depolaryzuje\/\" >\n\t\t\t\tSocial Media polaryzuj\u0105. AI depolaryzuje?\t\t\t<\/a>\n\t\t<\/h3>\n\t\t\t\t<div class=\"elementor-post__meta-data\">\n\t\t\t\t\t<span class=\"elementor-post-author\">\n\t\t\tMaciej Michalewski\t\t<\/span>\n\t\t\t\t<span class=\"elementor-post-date\">\n\t\t\t30 marca 2026\t\t<\/span>\n\t\t\t\t<\/div>\n\t\t\t\t<div class=\"elementor-post__excerpt\">\n\t\t\t<p>Social Media polaryzuj\u0105. AI depolaryzuje? Wprowadzenie Niedawno chwali\u0142em Groka za fakt, \u017ce najmniej halucynuje i jest najmniej politycznie poprawny. Teraz mamy kolejne dane, kt\u00f3re uzupe\u0142niaj\u0105<\/p>\n\t\t<\/div>\n\t\t\n\t\t<a class=\"elementor-post__read-more\" href=\"https:\/\/elementapp.ai\/blog\/social-media-polaryzuja-ai-depolaryzuje\/\" aria-label=\"Read more about Social Media polaryzuj\u0105. AI depolaryzuje?\" tabindex=\"-1\" >\n\t\t\tCzytaj wi\u0119cej \u00bb\t\t<\/a>\n\n\t\t\t\t<\/div>\n\t\t\t\t<\/article>\n\t\t\t\t<article class=\"elementor-post elementor-grid-item post-14094 post type-post status-publish format-standard has-post-thumbnail hentry category-blog-posts\" role=\"listitem\">\n\t\t\t\t<a class=\"elementor-post__thumbnail__link\" href=\"https:\/\/elementapp.ai\/blog\/automatyzacja-prac-fizycznych-physical-intelligence\/\" tabindex=\"-1\" >\n\t\t\t<div class=\"elementor-post__thumbnail\"><img loading=\"lazy\" decoding=\"async\" width=\"300\" height=\"158\" src=\"https:\/\/elementapp.ai\/blog\/wp-content\/uploads\/2026\/03\/hero_physical_ai-1-300x158.jpg\" class=\"attachment-medium size-medium wp-image-14096\" alt=\"\" srcset=\"https:\/\/elementapp.ai\/blog\/wp-content\/uploads\/2026\/03\/hero_physical_ai-1-300x158.jpg 300w, https:\/\/elementapp.ai\/blog\/wp-content\/uploads\/2026\/03\/hero_physical_ai-1-768x403.jpg 768w, https:\/\/elementapp.ai\/blog\/wp-content\/uploads\/2026\/03\/hero_physical_ai-1.jpg 1200w\" sizes=\"(max-width: 300px) 100vw, 300px\" \/><\/div>\n\t\t<\/a>\n\t\t\t\t<div class=\"elementor-post__text\">\n\t\t\t\t<h3 class=\"elementor-post__title\">\n\t\t\t<a href=\"https:\/\/elementapp.ai\/blog\/automatyzacja-prac-fizycznych-physical-intelligence\/\" >\n\t\t\t\tRobot z polskim rodowodem, kt\u00f3ry wkr\u0119ca \u015bruby szybciej od cz\u0142owieka\t\t\t<\/a>\n\t\t<\/h3>\n\t\t\t\t<div class=\"elementor-post__meta-data\">\n\t\t\t\t\t<span class=\"elementor-post-author\">\n\t\t\tMaciej Michalewski\t\t<\/span>\n\t\t\t\t<span class=\"elementor-post-date\">\n\t\t\t24 marca 2026\t\t<\/span>\n\t\t\t\t<\/div>\n\t\t\t\t<div class=\"elementor-post__excerpt\">\n\t\t\t<p>Robot z polskim rodowodem, kt\u00f3ry wkr\u0119ca \u015bruby szybciej od cz\u0142owieka Kiedy m\u00f3wimy o automatyzacji, wi\u0119kszo\u015b\u0107 ludzi my\u015bli o chatbotach, generatorach obraz\u00f3w i asystentach programowania. Tymczasem<\/p>\n\t\t<\/div>\n\t\t\n\t\t<a class=\"elementor-post__read-more\" href=\"https:\/\/elementapp.ai\/blog\/automatyzacja-prac-fizycznych-physical-intelligence\/\" aria-label=\"Read more about Robot z polskim rodowodem, kt\u00f3ry wkr\u0119ca \u015bruby szybciej od cz\u0142owieka\" tabindex=\"-1\" >\n\t\t\tCzytaj wi\u0119cej \u00bb\t\t<\/a>\n\n\t\t\t\t<\/div>\n\t\t\t\t<\/article>\n\t\t\t\t<\/div>\n\t\t\n\t\t\t\t\t\t<\/div>\n\t\t\t\t<\/div>\n\t\t\t\t\t<\/div>\n\t\t<\/div>\n\t\t\t\t\t<\/div>\n\t\t<\/section>\n\t\t\t\t<\/div>\n\t\t","protected":false},"excerpt":{"rendered":"<p>Kwiecie\u0144 przyni\u00f3s\u0142 spadek liczby publikowanych ofert pracy. Sprawd\u017a, w kt\u00f3rych obszarach spadki by\u0142y najwi\u0119ksze, a gdzie utrzyma\u0142 si\u0119 wzrost.<\/p>\n","protected":false},"author":1,"featured_media":0,"comment_status":"open","ping_status":"open","sticky":false,"template":"","format":"standard","meta":{"_acf_changed":false,"_yoast_wpseo_focuskw":"","_yoast_wpseo_title":"%%title%%","_yoast_wpseo_metadesc":"Kwiecie\u0144 przyni\u00f3s\u0142 spadek liczby publikowanych ofert pracy. Sprawd\u017a, w kt\u00f3rych obszarach spadki by\u0142y najwi\u0119ksze, a gdzie utrzyma\u0142 si\u0119 wzrost.","_yoast_wpseo_opengraph-title":"","_yoast_wpseo_opengraph-description":"Kwiecie\u0144 przyni\u00f3s\u0142 spadek liczby publikowanych ofert pracy. Sprawd\u017a, w kt\u00f3rych obszarach spadki by\u0142y najwi\u0119ksze, a gdzie utrzyma\u0142 si\u0119 wzrost.","_yoast_wpseo_opengraph-image":"https:\/\/elementapp.ai\/blog\/wp-content\/uploads\/2025\/05\/Raport-GT-i-Element-kwiecien-2025-social-click.png","_yoast_wpseo_opengraph-image-id":12948,"_yoast_wpseo_twitter-title":"","_yoast_wpseo_twitter-description":"","_yoast_wpseo_twitter-image":"","_yoast_wpseo_twitter-image-id":0,"inline_featured_image":false,"site-sidebar-layout":"default","site-content-layout":"default","ast-global-header-display":"","ast-main-header-display":"","ast-hfb-above-header-display":"","ast-hfb-below-header-display":"","ast-hfb-mobile-header-display":"","site-post-title":"","ast-breadcrumbs-content":"","ast-featured-img":"","footer-sml-layout":"","theme-transparent-header-meta":"","adv-header-id-meta":"","stick-header-meta":"","header-above-stick-meta":"","header-main-stick-meta":"","header-below-stick-meta":"","footnotes":""},"categories":[2],"tags":[],"class_list":["post-12947","post","type-post","status-publish","format-standard","hentry","category-blog-posts"],"acf":[],"yoast_head":"<!-- This site is optimized with the Yoast SEO Premium plugin v27.4 (Yoast SEO v27.4) - https:\/\/yoast.com\/product\/yoast-seo-premium-wordpress\/ -->\n<title>Raport ofert pracy \u2013 kwiecie\u0144 2025: spadek liczby og\u0142osze\u0144<\/title>\n<meta name=\"description\" content=\"Kwiecie\u0144 przyni\u00f3s\u0142 spadek liczby publikowanych ofert pracy. Sprawd\u017a, w kt\u00f3rych obszarach spadki by\u0142y najwi\u0119ksze, a gdzie utrzyma\u0142 si\u0119 wzrost.\" \/>\n<meta name=\"robots\" content=\"index, follow, max-snippet:-1, max-image-preview:large, max-video-preview:-1\" \/>\n<link rel=\"canonical\" href=\"https:\/\/elementapp.ai\/blog\/raport-ofert-pracy-kwiecien-2025-spadek-liczby-ogloszen\/\" \/>\n<meta property=\"og:locale\" content=\"pl_PL\" \/>\n<meta property=\"og:type\" content=\"article\" \/>\n<meta property=\"og:title\" content=\"Raport ofert pracy \u2013 kwiecie\u0144 2025: spadek liczby og\u0142osze\u0144\" \/>\n<meta property=\"og:description\" content=\"Kwiecie\u0144 przyni\u00f3s\u0142 spadek liczby publikowanych ofert pracy. Sprawd\u017a, w kt\u00f3rych obszarach spadki by\u0142y najwi\u0119ksze, a gdzie utrzyma\u0142 si\u0119 wzrost.\" \/>\n<meta property=\"og:url\" content=\"https:\/\/elementapp.ai\/blog\/raport-ofert-pracy-kwiecien-2025-spadek-liczby-ogloszen\/\" \/>\n<meta property=\"og:site_name\" content=\"Element&#039;s Blog - nowo\u015bci ze \u015bwiata rekrutacji, HR Tech i Element\" \/>\n<meta property=\"article:publisher\" content=\"https:\/\/www.facebook.com\/elementappats\" \/>\n<meta property=\"article:author\" content=\"https:\/\/www.facebook.com\/elementappats\/\" \/>\n<meta property=\"article:published_time\" content=\"2025-05-07T16:05:24+00:00\" \/>\n<meta property=\"article:modified_time\" content=\"2026-04-02T18:29:54+00:00\" \/>\n<meta property=\"og:image\" content=\"https:\/\/elementapp.ai\/blog\/wp-content\/uploads\/2025\/05\/Raport-GT-i-Element-kwiecien-2025-social-click.png\" \/>\n\t<meta property=\"og:image:width\" content=\"819\" \/>\n\t<meta property=\"og:image:height\" content=\"427\" \/>\n\t<meta property=\"og:image:type\" content=\"image\/png\" \/>\n<meta name=\"author\" content=\"Maciej Michalewski\" \/>\n<meta name=\"twitter:card\" content=\"summary_large_image\" \/>\n<meta name=\"twitter:label1\" content=\"Napisane przez\" \/>\n\t<meta name=\"twitter:data1\" content=\"Maciej Michalewski\" \/>\n\t<meta name=\"twitter:label2\" content=\"Szacowany czas czytania\" \/>\n\t<meta name=\"twitter:data2\" content=\"4 minuty\" \/>\n<!-- \/ Yoast SEO Premium plugin. -->","yoast_head_json":{"title":"Raport ofert pracy \u2013 kwiecie\u0144 2025: spadek liczby og\u0142osze\u0144","description":"Kwiecie\u0144 przyni\u00f3s\u0142 spadek liczby publikowanych ofert pracy. Sprawd\u017a, w kt\u00f3rych obszarach spadki by\u0142y najwi\u0119ksze, a gdzie utrzyma\u0142 si\u0119 wzrost.","robots":{"index":"index","follow":"follow","max-snippet":"max-snippet:-1","max-image-preview":"max-image-preview:large","max-video-preview":"max-video-preview:-1"},"canonical":"https:\/\/elementapp.ai\/blog\/raport-ofert-pracy-kwiecien-2025-spadek-liczby-ogloszen\/","og_locale":"pl_PL","og_type":"article","og_title":"Raport ofert pracy \u2013 kwiecie\u0144 2025: spadek liczby og\u0142osze\u0144","og_description":"Kwiecie\u0144 przyni\u00f3s\u0142 spadek liczby publikowanych ofert pracy. Sprawd\u017a, w kt\u00f3rych obszarach spadki by\u0142y najwi\u0119ksze, a gdzie utrzyma\u0142 si\u0119 wzrost.","og_url":"https:\/\/elementapp.ai\/blog\/raport-ofert-pracy-kwiecien-2025-spadek-liczby-ogloszen\/","og_site_name":"Element&#039;s Blog - nowo\u015bci ze \u015bwiata rekrutacji, HR Tech i Element","article_publisher":"https:\/\/www.facebook.com\/elementappats","article_author":"https:\/\/www.facebook.com\/elementappats\/","article_published_time":"2025-05-07T16:05:24+00:00","article_modified_time":"2026-04-02T18:29:54+00:00","og_image":[{"width":819,"height":427,"url":"https:\/\/elementapp.ai\/blog\/wp-content\/uploads\/2025\/05\/Raport-GT-i-Element-kwiecien-2025-social-click.png","type":"image\/png"}],"author":"Maciej Michalewski","twitter_card":"summary_large_image","twitter_misc":{"Napisane przez":"Maciej Michalewski","Szacowany czas czytania":"4 minuty"},"schema":{"@context":"https:\/\/schema.org","@graph":[{"@type":"Article","@id":"https:\/\/elementapp.ai\/blog\/raport-ofert-pracy-kwiecien-2025-spadek-liczby-ogloszen\/#article","isPartOf":{"@id":"https:\/\/elementapp.ai\/blog\/raport-ofert-pracy-kwiecien-2025-spadek-liczby-ogloszen\/"},"author":{"name":"Maciej Michalewski","@id":"https:\/\/elementapp.ai\/blog\/#\/schema\/person\/02f4e59e019634b9e2fb09c00bf93f1e"},"headline":"Raport ofert pracy \u2013 kwiecie\u0144 2025: spadek liczby og\u0142osze\u0144","datePublished":"2025-05-07T16:05:24+00:00","dateModified":"2026-04-02T18:29:54+00:00","mainEntityOfPage":{"@id":"https:\/\/elementapp.ai\/blog\/raport-ofert-pracy-kwiecien-2025-spadek-liczby-ogloszen\/"},"wordCount":270,"commentCount":0,"publisher":{"@id":"https:\/\/elementapp.ai\/blog\/#organization"},"image":{"@id":"https:\/\/elementapp.ai\/blog\/raport-ofert-pracy-kwiecien-2025-spadek-liczby-ogloszen\/#primaryimage"},"thumbnailUrl":"https:\/\/elementapp.ai\/blog\/wp-content\/uploads\/2025\/05\/Raport-GT-i-Element-kwiecien-2025-social-click.png","articleSection":["Blog-posts"],"inLanguage":"pl-PL","potentialAction":[{"@type":"CommentAction","name":"Comment","target":["https:\/\/elementapp.ai\/blog\/raport-ofert-pracy-kwiecien-2025-spadek-liczby-ogloszen\/#respond"]}]},{"@type":"WebPage","@id":"https:\/\/elementapp.ai\/blog\/raport-ofert-pracy-kwiecien-2025-spadek-liczby-ogloszen\/","url":"https:\/\/elementapp.ai\/blog\/raport-ofert-pracy-kwiecien-2025-spadek-liczby-ogloszen\/","name":"Raport ofert pracy \u2013 kwiecie\u0144 2025: spadek liczby og\u0142osze\u0144","isPartOf":{"@id":"https:\/\/elementapp.ai\/blog\/#website"},"primaryImageOfPage":{"@id":"https:\/\/elementapp.ai\/blog\/raport-ofert-pracy-kwiecien-2025-spadek-liczby-ogloszen\/#primaryimage"},"image":{"@id":"https:\/\/elementapp.ai\/blog\/raport-ofert-pracy-kwiecien-2025-spadek-liczby-ogloszen\/#primaryimage"},"thumbnailUrl":"https:\/\/elementapp.ai\/blog\/wp-content\/uploads\/2025\/05\/Raport-GT-i-Element-kwiecien-2025-social-click.png","datePublished":"2025-05-07T16:05:24+00:00","dateModified":"2026-04-02T18:29:54+00:00","description":"Kwiecie\u0144 przyni\u00f3s\u0142 spadek liczby publikowanych ofert pracy. Sprawd\u017a, w kt\u00f3rych obszarach spadki by\u0142y najwi\u0119ksze, a gdzie utrzyma\u0142 si\u0119 wzrost.","breadcrumb":{"@id":"https:\/\/elementapp.ai\/blog\/raport-ofert-pracy-kwiecien-2025-spadek-liczby-ogloszen\/#breadcrumb"},"inLanguage":"pl-PL","potentialAction":[{"@type":"ReadAction","target":["https:\/\/elementapp.ai\/blog\/raport-ofert-pracy-kwiecien-2025-spadek-liczby-ogloszen\/"]}]},{"@type":"ImageObject","inLanguage":"pl-PL","@id":"https:\/\/elementapp.ai\/blog\/raport-ofert-pracy-kwiecien-2025-spadek-liczby-ogloszen\/#primaryimage","url":"https:\/\/elementapp.ai\/blog\/wp-content\/uploads\/2025\/05\/Raport-GT-i-Element-kwiecien-2025-social-click.png","contentUrl":"https:\/\/elementapp.ai\/blog\/wp-content\/uploads\/2025\/05\/Raport-GT-i-Element-kwiecien-2025-social-click.png","width":819,"height":427,"caption":"Raport ofert pracy \u2013 kwiecie\u0144 2025: spadek liczby og\u0142osze\u0144"},{"@type":"BreadcrumbList","@id":"https:\/\/elementapp.ai\/blog\/raport-ofert-pracy-kwiecien-2025-spadek-liczby-ogloszen\/#breadcrumb","itemListElement":[{"@type":"ListItem","position":1,"name":"Strona g\u0142\u00f3wna","item":"https:\/\/elementapp.ai\/blog\/"},{"@type":"ListItem","position":2,"name":"Raport ofert pracy \u2013 kwiecie\u0144 2025: spadek liczby og\u0142osze\u0144"}]},{"@type":"WebSite","@id":"https:\/\/elementapp.ai\/blog\/#website","url":"https:\/\/elementapp.ai\/blog\/","name":"Element's Blog - nowo\u015bci ze \u015bwiata rekrutacji, HR Tech i Element","description":"Najciekawsze informacje ze \u015bwiata rekrutacji, rynku pracy, technologii rekrutacyjnych oraz systemu rekrutacyjnego Element","publisher":{"@id":"https:\/\/elementapp.ai\/blog\/#organization"},"potentialAction":[{"@type":"SearchAction","target":{"@type":"EntryPoint","urlTemplate":"https:\/\/elementapp.ai\/blog\/?s={search_term_string}"},"query-input":{"@type":"PropertyValueSpecification","valueRequired":true,"valueName":"search_term_string"}}],"inLanguage":"pl-PL"},{"@type":"Organization","@id":"https:\/\/elementapp.ai\/blog\/#organization","name":"Element ATS system rekrutacyjny","url":"https:\/\/elementapp.ai\/blog\/","logo":{"@type":"ImageObject","inLanguage":"pl-PL","@id":"https:\/\/elementapp.ai\/blog\/#\/schema\/logo\/image\/","url":"https:\/\/elementapp.ai\/blog\/wp-content\/uploads\/2019\/09\/element-system-logo.svg","contentUrl":"https:\/\/elementapp.ai\/blog\/wp-content\/uploads\/2019\/09\/element-system-logo.svg","width":1,"height":1,"caption":"Element ATS system rekrutacyjny"},"image":{"@id":"https:\/\/elementapp.ai\/blog\/#\/schema\/logo\/image\/"},"sameAs":["https:\/\/www.facebook.com\/elementappats"]},{"@type":"Person","@id":"https:\/\/elementapp.ai\/blog\/#\/schema\/person\/02f4e59e019634b9e2fb09c00bf93f1e","name":"Maciej Michalewski","image":{"@type":"ImageObject","inLanguage":"pl-PL","@id":"https:\/\/secure.gravatar.com\/avatar\/9d00803e2237f6212234740ce5ee8400cf3c04cf469dc8728a7fdd0d2a1e8cc7?s=96&d=mm&r=g","url":"https:\/\/secure.gravatar.com\/avatar\/9d00803e2237f6212234740ce5ee8400cf3c04cf469dc8728a7fdd0d2a1e8cc7?s=96&d=mm&r=g","contentUrl":"https:\/\/secure.gravatar.com\/avatar\/9d00803e2237f6212234740ce5ee8400cf3c04cf469dc8728a7fdd0d2a1e8cc7?s=96&d=mm&r=g","caption":"Maciej Michalewski"},"description":"Since 2010 I have been professionally involved in the recruitment industry. Since 2014, I and a team of talented software developers, have been developing Element, an innovative recruitment system which makes recruiting fast and simple. I am a tech lover, and my mission is to find and create new solutions that will positively impact the recruitment market.","sameAs":["https:\/\/www.facebook.com\/elementappats\/","https:\/\/www.linkedin.com\/company\/13982762"]}]}},"_links":{"self":[{"href":"https:\/\/elementapp.ai\/blog\/wp-json\/wp\/v2\/posts\/12947","targetHints":{"allow":["GET"]}}],"collection":[{"href":"https:\/\/elementapp.ai\/blog\/wp-json\/wp\/v2\/posts"}],"about":[{"href":"https:\/\/elementapp.ai\/blog\/wp-json\/wp\/v2\/types\/post"}],"author":[{"embeddable":true,"href":"https:\/\/elementapp.ai\/blog\/wp-json\/wp\/v2\/users\/1"}],"replies":[{"embeddable":true,"href":"https:\/\/elementapp.ai\/blog\/wp-json\/wp\/v2\/comments?post=12947"}],"version-history":[{"count":10,"href":"https:\/\/elementapp.ai\/blog\/wp-json\/wp\/v2\/posts\/12947\/revisions"}],"predecessor-version":[{"id":13257,"href":"https:\/\/elementapp.ai\/blog\/wp-json\/wp\/v2\/posts\/12947\/revisions\/13257"}],"wp:attachment":[{"href":"https:\/\/elementapp.ai\/blog\/wp-json\/wp\/v2\/media?parent=12947"}],"wp:term":[{"taxonomy":"category","embeddable":true,"href":"https:\/\/elementapp.ai\/blog\/wp-json\/wp\/v2\/categories?post=12947"},{"taxonomy":"post_tag","embeddable":true,"href":"https:\/\/elementapp.ai\/blog\/wp-json\/wp\/v2\/tags?post=12947"}],"curies":[{"name":"wp","href":"https:\/\/api.w.org\/{rel}","templated":true}]}}