{"id":1311,"date":"2020-03-24T10:49:38","date_gmt":"2020-03-24T09:49:38","guid":{"rendered":"https:\/\/elementapp.ai\/blog\/?p=1311"},"modified":"2021-06-21T22:02:20","modified_gmt":"2021-06-21T20:02:20","slug":"koronawirus-praca-raport-ofert-pracy-z-tygodnia-11-i-12","status":"publish","type":"post","link":"https:\/\/elementapp.ai\/blog\/koronawirus-praca-raport-ofert-pracy-z-tygodnia-11-i-12\/","title":{"rendered":"Koronawirus a liczba ofert pracy &#8211; tydzie\u0144 11 i 12 &#8211; dane z systemu ATS Element"},"content":{"rendered":"\t\t<div data-elementor-type=\"wp-post\" data-elementor-id=\"1311\" class=\"elementor elementor-1311\" data-elementor-post-type=\"post\">\n\t\t\t\t\t\t<section class=\"elementor-section elementor-top-section elementor-element elementor-element-584d1989 elementor-section-boxed elementor-section-height-default elementor-section-height-default\" data-id=\"584d1989\" data-element_type=\"section\" data-e-type=\"section\">\n\t\t\t\t\t\t<div class=\"elementor-container elementor-column-gap-default\">\n\t\t\t\t\t<div class=\"elementor-column elementor-col-100 elementor-top-column elementor-element elementor-element-3dd4bd2d\" data-id=\"3dd4bd2d\" data-element_type=\"column\" data-e-type=\"column\">\n\t\t\t<div class=\"elementor-widget-wrap elementor-element-populated\">\n\t\t\t\t\t\t<div class=\"elementor-element elementor-element-2033f1da elementor-widget-divider--view-line_icon elementor-view-default elementor-widget-divider--element-align-center elementor-widget elementor-widget-divider\" data-id=\"2033f1da\" data-element_type=\"widget\" data-e-type=\"widget\" data-widget_type=\"divider.default\">\n\t\t\t\t<div class=\"elementor-widget-container\">\n\t\t\t\t\t\t\t<div class=\"elementor-divider\">\n\t\t\t<span class=\"elementor-divider-separator\">\n\t\t\t\t\t\t\t<div class=\"elementor-icon elementor-divider__element\">\n\t\t\t\t\t<i aria-hidden=\"true\" class=\"far fa-bookmark\"><\/i><\/div>\n\t\t\t\t\t\t<\/span>\n\t\t<\/div>\n\t\t\t\t\t\t<\/div>\n\t\t\t\t<\/div>\n\t\t\t\t\t<\/div>\n\t\t<\/div>\n\t\t\t\t\t<\/div>\n\t\t<\/section>\n\t\t\t\t<section class=\"elementor-section elementor-top-section elementor-element elementor-element-72c8d17f elementor-section-boxed elementor-section-height-default elementor-section-height-default\" data-id=\"72c8d17f\" data-element_type=\"section\" data-e-type=\"section\">\n\t\t\t\t\t\t<div class=\"elementor-container elementor-column-gap-default\">\n\t\t\t\t\t<div class=\"elementor-column elementor-col-100 elementor-top-column elementor-element elementor-element-43f9a12d\" data-id=\"43f9a12d\" data-element_type=\"column\" data-e-type=\"column\">\n\t\t\t<div class=\"elementor-widget-wrap elementor-element-populated\">\n\t\t\t\t\t\t<div class=\"elementor-element elementor-element-56763219 elementor-widget elementor-widget-heading\" data-id=\"56763219\" data-element_type=\"widget\" data-e-type=\"widget\" data-widget_type=\"heading.default\">\n\t\t\t\t<div class=\"elementor-widget-container\">\n\t\t\t\t\t<h1 class=\"elementor-heading-title elementor-size-default\">Koronawirus a oferty pracy - tydzie\u0144 11 i 12 - dane z systemu ATS Element<\/h1>\t\t\t\t<\/div>\n\t\t\t\t<\/div>\n\t\t\t\t<div class=\"elementor-element elementor-element-3094db2c elementor-widget elementor-widget-text-editor\" data-id=\"3094db2c\" data-element_type=\"widget\" data-e-type=\"widget\" data-widget_type=\"text-editor.default\">\n\t\t\t\t<div class=\"elementor-widget-container\">\n\t\t\t\t\t\t\t\t\t24 marca 2020\t\t\t\t\t\t\t\t<\/div>\n\t\t\t\t<\/div>\n\t\t\t\t\t<\/div>\n\t\t<\/div>\n\t\t\t\t\t<\/div>\n\t\t<\/section>\n\t\t\t\t<section class=\"elementor-section elementor-top-section elementor-element elementor-element-dbf4bd8 elementor-section-boxed elementor-section-height-default elementor-section-height-default\" data-id=\"dbf4bd8\" data-element_type=\"section\" data-e-type=\"section\" data-settings=\"{&quot;background_background&quot;:&quot;classic&quot;}\">\n\t\t\t\t\t\t<div class=\"elementor-container elementor-column-gap-default\">\n\t\t\t\t\t<div class=\"elementor-column elementor-col-50 elementor-top-column elementor-element elementor-element-36bffb0e\" data-id=\"36bffb0e\" data-element_type=\"column\" data-e-type=\"column\" data-settings=\"{&quot;background_background&quot;:&quot;classic&quot;}\">\n\t\t\t<div class=\"elementor-widget-wrap elementor-element-populated\">\n\t\t\t\t\t\t<div class=\"elementor-element elementor-element-06ccfba elementor-widget elementor-widget-text-editor\" data-id=\"06ccfba\" data-element_type=\"widget\" data-e-type=\"widget\" data-widget_type=\"text-editor.default\">\n\t\t\t\t<div class=\"elementor-widget-container\">\n\t\t\t\t\t\t\t\t\t<p><b>Koronawirus powoduje spadek zatrudnienia. Wida\u0107 to r\u00f3wnie\u017c w liczbie publikowanych ofert pracy. Dzi\u0119ki modu\u0142owi <span style=\"color: #0000ff;\"><a style=\"color: #0000ff;\" href=\"https:\/\/elementapp.ai\/job-monit\" target=\"_blank\" rel=\"noopener\">Job Monit<\/a><\/span> funkcjonuj\u0105cemu w ramach <span style=\"color: #0000ff;\"><a style=\"color: #0000ff;\" href=\"https:\/\/elementapp.ai\" target=\"_blank\" rel=\"noopener\">systemu rekrutacyjnego Element<\/a><\/span>, sprawdzili\u015bmy liczb\u0119 opublikowanych ofert pracy w tygodniu 11 i 12. Widoczny spadek nie jest \u017cadnym zaskoczeniem, albowiem to w\u0142a\u015bnie w ostatnich dw\u00f3ch tygodniach koronawirus wywo\u0142uje w Polsce najwi\u0119ksze obawy.<\/b><\/p><p>Ten kr\u00f3tki raport publikacji ofert pracy prezentuje konkretne liczby na podstawie analizy ponad 50 portali og\u0142oszeniowych, w tym tak\u017ce portalu Linkedin. Kolorem \u017c\u00f3\u0142tym zaznaczyli\u015bmy weekendy. Modu\u0142 monitoringu systemu rekrutacyjnego Element jasno pokazuje, \u017ce liczba ofert pracy spad\u0142a mi\u0119dzy 11 a 12 tygodniem o kilka tysi\u0119cy w ka\u017cdym z dni!<\/p><p style=\"text-align: center;\">(kliknij by powi\u0119kszy\u0107)<\/p>\t\t\t\t\t\t\t\t<\/div>\n\t\t\t\t<\/div>\n\t\t\t\t<div class=\"elementor-element elementor-element-7ec3b72 elementor-widget elementor-widget-image\" data-id=\"7ec3b72\" data-element_type=\"widget\" data-e-type=\"widget\" data-widget_type=\"image.default\">\n\t\t\t\t<div class=\"elementor-widget-container\">\n\t\t\t\t\t\t\t\t\t\t\t\t\t\t\t\t<a href=\"https:\/\/elementapp.ai\/blog\/wp-content\/uploads\/2020\/03\/Oferty-pracy-tydzie\u0144-tydzie\u0144-11-i-12.png\" data-elementor-open-lightbox=\"yes\" data-elementor-lightbox-title=\"Koronawirus - oferty pracy tydzie\u0144 11 i 12\" data-elementor-lightbox-description=\"Koronawiurs - oferty pracy tydzie\u0144 11 i 12\" data-e-action-hash=\"#elementor-action%3Aaction%3Dlightbox%26settings%3DeyJpZCI6MTMxMywidXJsIjoiaHR0cHM6XC9cL2VsZW1lbnRhcHAuYWlcL2Jsb2dcL3dwLWNvbnRlbnRcL3VwbG9hZHNcLzIwMjBcLzAzXC9PZmVydHktcHJhY3ktdHlkemllXHUwMTQ0LXR5ZHppZVx1MDE0NC0xMS1pLTEyLnBuZyJ9\">\n\t\t\t\t\t\t\t<img fetchpriority=\"high\" decoding=\"async\" width=\"839\" height=\"385\" src=\"https:\/\/elementapp.ai\/blog\/wp-content\/uploads\/2020\/03\/Oferty-pracy-tydzie\u0144-tydzie\u0144-11-i-12.png\" class=\"attachment-large size-large wp-image-1313\" alt=\"Koronawirus - oferty pracy tydzie\u0144 11 i 12\" srcset=\"https:\/\/elementapp.ai\/blog\/wp-content\/uploads\/2020\/03\/Oferty-pracy-tydzie\u0144-tydzie\u0144-11-i-12.png 839w, https:\/\/elementapp.ai\/blog\/wp-content\/uploads\/2020\/03\/Oferty-pracy-tydzie\u0144-tydzie\u0144-11-i-12-300x138.png 300w, https:\/\/elementapp.ai\/blog\/wp-content\/uploads\/2020\/03\/Oferty-pracy-tydzie\u0144-tydzie\u0144-11-i-12-768x352.png 768w\" sizes=\"(max-width: 839px) 100vw, 839px\" \/>\t\t\t\t\t\t\t\t<\/a>\n\t\t\t\t\t\t\t\t\t\t\t\t\t\t\t<\/div>\n\t\t\t\t<\/div>\n\t\t\t\t<div class=\"elementor-element elementor-element-c22112b elementor-widget elementor-widget-heading\" data-id=\"c22112b\" data-element_type=\"widget\" data-e-type=\"widget\" data-widget_type=\"heading.default\">\n\t\t\t\t<div class=\"elementor-widget-container\">\n\t\t\t\t\t<h2 class=\"elementor-heading-title elementor-size-small\">Sk\u0105d bierzemy dane do raport\u00f3w rekrutacyjnych? Kilka s\u0142\u00f3w o systemie ATS Element<\/h2>\t\t\t\t<\/div>\n\t\t\t\t<\/div>\n\t\t\t\t<div class=\"elementor-element elementor-element-83237e2 elementor-widget elementor-widget-text-editor\" data-id=\"83237e2\" data-element_type=\"widget\" data-e-type=\"widget\" data-widget_type=\"text-editor.default\">\n\t\t\t\t<div class=\"elementor-widget-container\">\n\t\t\t\t\t\t\t\t\t<p><span style=\"color: #0000ff;\"><a style=\"color: #0000ff;\" href=\"https:\/\/elementapp.ai\">Element<\/a><\/span> posiada unikaln\u0105 na rynku funkcj\u0119 \u015bledzenia og\u0142osze\u0144 rekrutacyjnych publikowanych kilkudziesi\u0119ciu najwi\u0119kszych portalach rekrutacyjnych w Polsce, a tak\u017ce na portalu Linkedin. Funkcja ta realizowana jest przez modu\u0142 <span style=\"color: #0000ff;\"><a style=\"color: #0000ff;\" href=\"https:\/\/elementapp.ai\/job-monit\" target=\"_blank\" rel=\"noopener\">Job Monit<\/a><\/span>. Dzi\u0119ki tej fukcjonalno\u015bci, rekruterzy pracuj\u0105cy na naszym <span style=\"color: #0000ff;\"><a style=\"color: #0000ff;\" href=\"https:\/\/elementapp.ai\">ATS<\/a><\/span>:<\/p><ul><li>dowiaduj\u0105 si\u0119 o nowych og\u0142oszeniach wszystkich firm w Polsce jako pierwsi<\/li><li>nigdy nie przeocz\u0105 sytuacji, gdy firma, kt\u00f3r\u0105 rekruter jest zainteresowany, posiada potrzeb\u0119 rekrutacyjn\u0105, kt\u00f3r\u0105 opublikowa\u0142a w og\u0142oszeniu.<\/li><li>zazwyczaj jako pierwsi docieraj\u0105 do firm, kt\u00f3re opublikowa\u0142y nowe og\u0142oszenia rekrutacyjne<\/li><\/ul><p>Pe\u0142na wiedza o rynku og\u0142osze\u0144 rekrutacyjnych pozwala tak\u017ce gromadzi\u0107 interesuj\u0105ce dane o rynku pracy i publikowa\u0107 takie raporty, jak powy\u017cszy.<\/p><p><b>Powi\u0105zane artyku\u0142y:<\/b><\/p><ul><li><span style=\"color: #000080;\"><a style=\"color: #000080;\" href=\"https:\/\/elementapp.ai\/blog\/ogloszenia-rekrutacyjne-raport-element\/\">Raport og\u0142osze\u0144 rekrutacyjnych &#8211; 2019 rok<\/a><\/span><\/li><li><span style=\"color: #000080;\"><a style=\"color: #000080;\" href=\"https:\/\/elementapp.ai\/blog\/agencje-direct-executive-search-ogloszenia-styczen-2020\/\">Agencje Direct\/Executive Search &#8211; raport og\u0142osze\u0144<\/a><\/span><\/li><li><span style=\"color: #000080;\"><a style=\"color: #000080;\" href=\"https:\/\/elementapp.ai\/blog\/agencje-pracy-tymczasowej-raport-ogloszen-styczen-2020\/\">Raport og\u0142osze\u0144 agencji pracy tymczasowej<\/a><\/span><\/li><\/ul><p><strong>Polecamy<\/strong>:<\/p><ul><li><span style=\"color: #0000ff;\"><a style=\"color: #0000ff;\" href=\"http:\/\/eepurl.com\/gQc7aH\" target=\"_blank\" rel=\"noopener\">Subskrybuj<\/a><span style=\"color: #000000;\"> nowo\u015bci na naszym blogu<\/span><\/span><span style=\"color: #000000;\">\u00a0<\/span><\/li><li><span style=\"color: #0000ff;\"><a style=\"color: #0000ff;\" href=\"https:\/\/elementapp.ai\/blog\/?p=3955&amp;elementor-preview=3955&amp;ver=1617173059#sprawdz-demo\" target=\"_blank\" rel=\"noopener\">Um\u00f3w<\/a> si\u0119<\/span> na wideo prezentacj\u0119 i poznaj <span style=\"color: #0000ff;\"><a style=\"color: #0000ff;\" href=\"https:\/\/elementapp.ai\" target=\"_blank\" rel=\"noopener\">najlepszy system rekrutacyjny<\/a><\/span>!\u00a0<\/li><li><strong>Zobacz najcz\u0119\u015bciej czytane posty na naszym blogu<\/strong>:<ul><li><span style=\"color: #0000ff;\"><a style=\"color: #0000ff;\" href=\"https:\/\/elementapp.ai\/blog\/linkedin-nowy-limit-zaproszen\/\" target=\"_blank\" rel=\"noopener\">Nowy limit zaprosze\u0144 na Linkedin &#8211; jak go omin\u0105\u0107?<\/a><\/span><\/li><li><span style=\"color: #0000ff;\"><a href=\"https:\/\/elementapp.ai\/blog\/przyszlosc-pracy-w-hr\/\" target=\"_blank\" rel=\"noopener\">Przysz\u0142o\u015b\u0107 pracy w HR<\/a><\/span><\/li><li><span style=\"color: #0000ff;\"><a style=\"color: #0000ff;\" href=\"https:\/\/elementapp.ai\/blog\/jak-powinien-wygladac-profil-linkedin\/\" target=\"_blank\" rel=\"noopener\">Jak powinien wygl\u0105da\u0107 profil na portalu Linkedin<\/a><\/span><\/li><li><span style=\"color: #0000ff;\"><a href=\"https:\/\/elementapp.ai\/blog\/sztuczna-inteligencja-ciekawostki\/\" target=\"_blank\" rel=\"noopener\">Sztuczna inteligencja &#8211; ciekawostki<\/a><\/span><\/li><\/ul><\/li><\/ul>\t\t\t\t\t\t\t\t<\/div>\n\t\t\t\t<\/div>\n\t\t\t\t<div class=\"elementor-element elementor-element-0e43740 elementor-cta--layout-image-left elementor-cta--skin-classic elementor-animated-content elementor-bg-transform elementor-bg-transform-zoom-in elementor-widget elementor-widget-global elementor-global-2891 elementor-widget-call-to-action\" data-id=\"0e43740\" data-element_type=\"widget\" data-e-type=\"widget\" data-widget_type=\"call-to-action.default\">\n\t\t\t\t<div class=\"elementor-widget-container\">\n\t\t\t\t\t\t\t<a class=\"elementor-cta\" href=\"https:\/\/elementapp.ai\/#sprawdz-demo\">\n\t\t\t\t\t\t\t<div class=\"elementor-cta__content\">\n\t\t\t\t\n\t\t\t\t\t\t\t\t\t<h2 class=\"elementor-cta__title elementor-cta__content-item elementor-content-item\">\n\t\t\t\t\t\tPOZNAJ ELEMENT\t\t\t\t\t<\/h2>\n\t\t\t\t\n\t\t\t\t\t\t\t\t\t<div class=\"elementor-cta__description elementor-cta__content-item elementor-content-item\">\n\t\t\t\t\t\tSystem ATS, kt\u00f3ry budujemy z pasj\u0105 i rekrutacyjnym do\u015bwiadczeniem\t\t\t\t\t<\/div>\n\t\t\t\t\n\t\t\t\t\t\t\t\t\t<div class=\"elementor-cta__button-wrapper elementor-cta__content-item elementor-content-item \">\n\t\t\t\t\t<span class=\"elementor-cta__button elementor-button elementor-size-\">\n\t\t\t\t\t\tSPRAWD\u0179 DEMO\t\t\t\t\t<\/span>\n\t\t\t\t\t<\/div>\n\t\t\t\t\t\t\t<\/div>\n\t\t\t\t\t\t<\/a>\n\t\t\t\t\t\t<\/div>\n\t\t\t\t<\/div>\n\t\t\t\t<div class=\"elementor-element elementor-element-4e03d6cc elementor-author-box--image-valign-middle elementor-widget elementor-widget-author-box\" data-id=\"4e03d6cc\" data-element_type=\"widget\" data-e-type=\"widget\" data-widget_type=\"author-box.default\">\n\t\t\t\t<div class=\"elementor-widget-container\">\n\t\t\t\t\t\t\t<div class=\"elementor-author-box\">\n\t\t\t\t\t\t\t<a href=\"https:\/\/www.linkedin.com\/in\/maciejmichalewski\/\" class=\"elementor-author-box__avatar\">\n\t\t\t\t\t<img decoding=\"async\" src=\"https:\/\/elementapp.ai\/blog\/wp-content\/uploads\/2020\/01\/profile-photo.jpg\" alt=\"Picture of Maciej Michalewski\" loading=\"lazy\">\n\t\t\t\t<\/a>\n\t\t\t\n\t\t\t<div class=\"elementor-author-box__text\">\n\t\t\t\t\t\t\t\t\t<a href=\"https:\/\/www.linkedin.com\/in\/maciejmichalewski\/\">\n\t\t\t\t\t\t<h3 class=\"elementor-author-box__name\">\n\t\t\t\t\t\t\tMaciej Michalewski\t\t\t\t\t\t<\/h3>\n\t\t\t\t\t<\/a>\n\t\t\t\t\n\t\t\t\t\t\t\t\t\t<div class=\"elementor-author-box__bio\">\n\t\t\t\t\t\t<p>CEO @ Element. Recruitment Automation Software.<\/p>\n\t\t\t\t\t<\/div>\n\t\t\t\t\n\t\t\t\t\t\t\t<\/div>\n\t\t<\/div>\n\t\t\t\t\t\t<\/div>\n\t\t\t\t<\/div>\n\t\t\t\t<div class=\"elementor-element elementor-element-4f677545 elementor-widget-divider--view-line elementor-widget elementor-widget-divider\" data-id=\"4f677545\" data-element_type=\"widget\" data-e-type=\"widget\" data-widget_type=\"divider.default\">\n\t\t\t\t<div class=\"elementor-widget-container\">\n\t\t\t\t\t\t\t<div class=\"elementor-divider\">\n\t\t\t<span class=\"elementor-divider-separator\">\n\t\t\t\t\t\t<\/span>\n\t\t<\/div>\n\t\t\t\t\t\t<\/div>\n\t\t\t\t<\/div>\n\t\t\t\t\t<\/div>\n\t\t<\/div>\n\t\t\t\t<div class=\"elementor-column elementor-col-50 elementor-top-column elementor-element elementor-element-0e64aa4\" data-id=\"0e64aa4\" data-element_type=\"column\" data-e-type=\"column\">\n\t\t\t<div class=\"elementor-widget-wrap elementor-element-populated\">\n\t\t\t\t\t\t<div class=\"elementor-element elementor-element-9f5d03b elementor-widget elementor-widget-heading\" data-id=\"9f5d03b\" data-element_type=\"widget\" data-e-type=\"widget\" data-widget_type=\"heading.default\">\n\t\t\t\t<div class=\"elementor-widget-container\">\n\t\t\t\t\t<h3 class=\"elementor-heading-title elementor-size-default\">Ostatnie wpisy:<\/h3>\t\t\t\t<\/div>\n\t\t\t\t<\/div>\n\t\t\t\t<div class=\"elementor-element elementor-element-819ba22 elementor-grid-1 elementor-grid-tablet-1 elementor-grid-mobile-1 elementor-posts--thumbnail-top elementor-widget elementor-widget-posts\" data-id=\"819ba22\" data-element_type=\"widget\" data-e-type=\"widget\" data-settings=\"{&quot;classic_columns&quot;:&quot;1&quot;,&quot;classic_columns_tablet&quot;:&quot;1&quot;,&quot;classic_row_gap&quot;:{&quot;unit&quot;:&quot;px&quot;,&quot;size&quot;:26,&quot;sizes&quot;:[]},&quot;classic_columns_mobile&quot;:&quot;1&quot;,&quot;classic_row_gap_tablet&quot;:{&quot;unit&quot;:&quot;px&quot;,&quot;size&quot;:&quot;&quot;,&quot;sizes&quot;:[]},&quot;classic_row_gap_mobile&quot;:{&quot;unit&quot;:&quot;px&quot;,&quot;size&quot;:&quot;&quot;,&quot;sizes&quot;:[]}}\" data-widget_type=\"posts.classic\">\n\t\t\t\t<div class=\"elementor-widget-container\">\n\t\t\t\t\t\t\t<div class=\"elementor-posts-container elementor-posts elementor-posts--skin-classic elementor-grid\" role=\"list\">\n\t\t\t\t<article class=\"elementor-post elementor-grid-item post-14172 post type-post status-publish format-standard has-post-thumbnail hentry category-blog-posts tag-grant-thornton tag-hr-owiec-na-rynku-pracy tag-raport-hr tag-rekrutacja-hr tag-rynek-pracy-hr\" role=\"listitem\">\n\t\t\t\t<a class=\"elementor-post__thumbnail__link\" href=\"https:\/\/elementapp.ai\/blog\/hr-owiec-na-rynku-pracy-2026-vii-edycja-raportu\/\" tabindex=\"-1\" >\n\t\t\t<div class=\"elementor-post__thumbnail\"><img decoding=\"async\" width=\"300\" height=\"158\" src=\"https:\/\/elementapp.ai\/blog\/wp-content\/uploads\/2026\/04\/hr-owiec-na-rynku-pracy-2026-vii-edycja-300x158.jpg\" class=\"attachment-medium size-medium wp-image-14170\" alt=\"HR-owiec na rynku pracy 2026 \u2014 VII edycja raportu Grant Thornton i Element\" srcset=\"https:\/\/elementapp.ai\/blog\/wp-content\/uploads\/2026\/04\/hr-owiec-na-rynku-pracy-2026-vii-edycja-300x158.jpg 300w, https:\/\/elementapp.ai\/blog\/wp-content\/uploads\/2026\/04\/hr-owiec-na-rynku-pracy-2026-vii-edycja-768x403.jpg 768w, https:\/\/elementapp.ai\/blog\/wp-content\/uploads\/2026\/04\/hr-owiec-na-rynku-pracy-2026-vii-edycja.jpg 1200w\" sizes=\"(max-width: 300px) 100vw, 300px\" \/><\/div>\n\t\t<\/a>\n\t\t\t\t<div class=\"elementor-post__text\">\n\t\t\t\t<h3 class=\"elementor-post__title\">\n\t\t\t<a href=\"https:\/\/elementapp.ai\/blog\/hr-owiec-na-rynku-pracy-2026-vii-edycja-raportu\/\" >\n\t\t\t\tHR-owiec na rynku pracy 2026 \u2014 pobierz VII edycj\u0119 raportu\t\t\t<\/a>\n\t\t<\/h3>\n\t\t\t\t<div class=\"elementor-post__meta-data\">\n\t\t\t\t\t<span class=\"elementor-post-author\">\n\t\t\tMaciej Michalewski\t\t<\/span>\n\t\t\t\t<span class=\"elementor-post-date\">\n\t\t\t28 kwietnia 2026\t\t<\/span>\n\t\t\t\t<\/div>\n\t\t\t\t<div class=\"elementor-post__excerpt\">\n\t\t\t<p>VII edycja raportu \u201eHR-owiec na rynku pracy&#8221;: 72 508 ofert HR w 2025 roku, +55% dla rekruter\u00f3w IT, pensje HRBP i dyrektora HR. Pobierz bezp\u0142atnie.<\/p>\n\t\t<\/div>\n\t\t\n\t\t<a class=\"elementor-post__read-more\" href=\"https:\/\/elementapp.ai\/blog\/hr-owiec-na-rynku-pracy-2026-vii-edycja-raportu\/\" aria-label=\"Read more about HR-owiec na rynku pracy 2026 \u2014 pobierz VII edycj\u0119 raportu\" tabindex=\"-1\" >\n\t\t\tCzytaj wi\u0119cej \u00bb\t\t<\/a>\n\n\t\t\t\t<\/div>\n\t\t\t\t<\/article>\n\t\t\t\t<article class=\"elementor-post elementor-grid-item post-14158 post type-post status-publish format-standard has-post-thumbnail hentry category-blog-posts tag-agenci-ai tag-ai-w-enterprise tag-aron-levie tag-change-management tag-headless-software tag-transformacja-cyfrowa\" role=\"listitem\">\n\t\t\t\t<a class=\"elementor-post__thumbnail__link\" href=\"https:\/\/elementapp.ai\/blog\/agenci-ai-nie-zmienia-firm-ktore-nie-zmienia-sie-same\/\" tabindex=\"-1\" >\n\t\t\t<div class=\"elementor-post__thumbnail\"><img decoding=\"async\" width=\"300\" height=\"158\" src=\"https:\/\/elementapp.ai\/blog\/wp-content\/uploads\/2026\/04\/social-agenci-ai-enterprise-levie-v2-300x158.png\" class=\"attachment-medium size-medium wp-image-14164\" alt=\"\" srcset=\"https:\/\/elementapp.ai\/blog\/wp-content\/uploads\/2026\/04\/social-agenci-ai-enterprise-levie-v2-300x158.png 300w, https:\/\/elementapp.ai\/blog\/wp-content\/uploads\/2026\/04\/social-agenci-ai-enterprise-levie-v2-768x403.png 768w, https:\/\/elementapp.ai\/blog\/wp-content\/uploads\/2026\/04\/social-agenci-ai-enterprise-levie-v2.png 1200w\" sizes=\"(max-width: 300px) 100vw, 300px\" \/><\/div>\n\t\t<\/a>\n\t\t\t\t<div class=\"elementor-post__text\">\n\t\t\t\t<h3 class=\"elementor-post__title\">\n\t\t\t<a href=\"https:\/\/elementapp.ai\/blog\/agenci-ai-nie-zmienia-firm-ktore-nie-zmienia-sie-same\/\" >\n\t\t\t\tAgenci AI nie zmieni\u0105 firm, kt\u00f3re nie zmieni\u0105 si\u0119 same\t\t\t<\/a>\n\t\t<\/h3>\n\t\t\t\t<div class=\"elementor-post__meta-data\">\n\t\t\t\t\t<span class=\"elementor-post-author\">\n\t\t\tMaciej Michalewski\t\t<\/span>\n\t\t\t\t<span class=\"elementor-post-date\">\n\t\t\t13 kwietnia 2026\t\t<\/span>\n\t\t\t\t<\/div>\n\t\t\t\t<div class=\"elementor-post__excerpt\">\n\t\t\t<p>Aron Levie, CEO Box, spotka\u0142 si\u0119 z kilkudziesi\u0119cioma liderami IT i AI z du\u017cych przedsi\u0119biorstw. Jego obserwacje o agentach AI w enterprise potwierdzaj\u0105 trendy, kt\u00f3re widz\u0119 w codziennej pracy z firmami wdra\u017caj\u0105cymi AI.<\/p>\n\t\t<\/div>\n\t\t\n\t\t<a class=\"elementor-post__read-more\" href=\"https:\/\/elementapp.ai\/blog\/agenci-ai-nie-zmienia-firm-ktore-nie-zmienia-sie-same\/\" aria-label=\"Read more about Agenci AI nie zmieni\u0105 firm, kt\u00f3re nie zmieni\u0105 si\u0119 same\" tabindex=\"-1\" >\n\t\t\tCzytaj wi\u0119cej \u00bb\t\t<\/a>\n\n\t\t\t\t<\/div>\n\t\t\t\t<\/article>\n\t\t\t\t<article class=\"elementor-post elementor-grid-item post-14134 post type-post status-publish format-standard has-post-thumbnail hentry category-blog-posts\" role=\"listitem\">\n\t\t\t\t<a class=\"elementor-post__thumbnail__link\" href=\"https:\/\/elementapp.ai\/blog\/gallup-2026-zaangazowanie-pracownikow-menedzerowie-ai\/\" tabindex=\"-1\" >\n\t\t\t<div class=\"elementor-post__thumbnail\"><img loading=\"lazy\" decoding=\"async\" width=\"300\" height=\"164\" src=\"https:\/\/elementapp.ai\/blog\/wp-content\/uploads\/2026\/04\/hero-gallup-2026-v3-300x164.jpg\" class=\"attachment-medium size-medium wp-image-14138\" alt=\"\" srcset=\"https:\/\/elementapp.ai\/blog\/wp-content\/uploads\/2026\/04\/hero-gallup-2026-v3-300x164.jpg 300w, https:\/\/elementapp.ai\/blog\/wp-content\/uploads\/2026\/04\/hero-gallup-2026-v3-768x419.jpg 768w, https:\/\/elementapp.ai\/blog\/wp-content\/uploads\/2026\/04\/hero-gallup-2026-v3-1536x837.jpg 1536w, https:\/\/elementapp.ai\/blog\/wp-content\/uploads\/2026\/04\/hero-gallup-2026-v3.jpg 1600w\" sizes=\"(max-width: 300px) 100vw, 300px\" \/><\/div>\n\t\t<\/a>\n\t\t\t\t<div class=\"elementor-post__text\">\n\t\t\t\t<h3 class=\"elementor-post__title\">\n\t\t\t<a href=\"https:\/\/elementapp.ai\/blog\/gallup-2026-zaangazowanie-pracownikow-menedzerowie-ai\/\" >\n\t\t\t\tGallup 2026: \u015bwiat pracy si\u0119 sypie, a mened\u017cerowie trac\u0105 zapa\u0142 szybciej ni\u017c reszta\t\t\t<\/a>\n\t\t<\/h3>\n\t\t\t\t<div class=\"elementor-post__meta-data\">\n\t\t\t\t\t<span class=\"elementor-post-author\">\n\t\t\tMaciej Michalewski\t\t<\/span>\n\t\t\t\t<span class=\"elementor-post-date\">\n\t\t\t8 kwietnia 2026\t\t<\/span>\n\t\t\t\t<\/div>\n\t\t\t\t<div class=\"elementor-post__excerpt\">\n\t\t\t<p>Raport Gallup State of the Global Workplace 2026 pokazuje, \u017ce globalne zaanga\u017cowanie spad\u0142o do 20%, a mened\u017cerowie trac\u0105 zapa\u0142 szybciej ni\u017c ich zespo\u0142y. Paradoks AI: indywidualna produktywno\u015b\u0107 ro\u015bnie, organizacyjna nie.<\/p>\n\t\t<\/div>\n\t\t\n\t\t<a class=\"elementor-post__read-more\" href=\"https:\/\/elementapp.ai\/blog\/gallup-2026-zaangazowanie-pracownikow-menedzerowie-ai\/\" aria-label=\"Read more about Gallup 2026: \u015bwiat pracy si\u0119 sypie, a mened\u017cerowie trac\u0105 zapa\u0142 szybciej ni\u017c reszta\" tabindex=\"-1\" >\n\t\t\tCzytaj wi\u0119cej \u00bb\t\t<\/a>\n\n\t\t\t\t<\/div>\n\t\t\t\t<\/article>\n\t\t\t\t<article class=\"elementor-post elementor-grid-item post-14119 post type-post status-publish format-standard has-post-thumbnail hentry category-blog-posts\" role=\"listitem\">\n\t\t\t\t<a class=\"elementor-post__thumbnail__link\" href=\"https:\/\/elementapp.ai\/blog\/wielka-reorganizacja-firmy-przebudowuja-sie-woko-ai\/\" tabindex=\"-1\" >\n\t\t\t<div class=\"elementor-post__thumbnail\"><img loading=\"lazy\" decoding=\"async\" width=\"300\" height=\"158\" src=\"https:\/\/elementapp.ai\/blog\/wp-content\/uploads\/2026\/04\/hero-wielka-reorganizacja-v2-300x158.jpg\" class=\"attachment-medium size-medium wp-image-14127\" alt=\"\" srcset=\"https:\/\/elementapp.ai\/blog\/wp-content\/uploads\/2026\/04\/hero-wielka-reorganizacja-v2-300x158.jpg 300w, https:\/\/elementapp.ai\/blog\/wp-content\/uploads\/2026\/04\/hero-wielka-reorganizacja-v2-768x403.jpg 768w, https:\/\/elementapp.ai\/blog\/wp-content\/uploads\/2026\/04\/hero-wielka-reorganizacja-v2.jpg 1200w\" sizes=\"(max-width: 300px) 100vw, 300px\" \/><\/div>\n\t\t<\/a>\n\t\t\t\t<div class=\"elementor-post__text\">\n\t\t\t\t<h3 class=\"elementor-post__title\">\n\t\t\t<a href=\"https:\/\/elementapp.ai\/blog\/wielka-reorganizacja-firmy-przebudowuja-sie-woko-ai\/\" >\n\t\t\t\tWielka reorganizacja: firmy przebudowuj\u0105 si\u0119 wok\u00f3\u0142 AI\t\t\t<\/a>\n\t\t<\/h3>\n\t\t\t\t<div class=\"elementor-post__meta-data\">\n\t\t\t\t\t<span class=\"elementor-post-author\">\n\t\t\tMaciej Michalewski\t\t<\/span>\n\t\t\t\t<span class=\"elementor-post-date\">\n\t\t\t1 kwietnia 2026\t\t<\/span>\n\t\t\t\t<\/div>\n\t\t\t\t<div class=\"elementor-post__excerpt\">\n\t\t\t<p>Foundation Capital zbada\u0142o 25 firm i odkry\u0142o, \u017ce AI zmienia nie tylko narz\u0119dzia, ale ca\u0142\u0105 struktur\u0119 organizacji. Cztery role pozostan\u0105 ludzkie.<\/p>\n\t\t<\/div>\n\t\t\n\t\t<a class=\"elementor-post__read-more\" href=\"https:\/\/elementapp.ai\/blog\/wielka-reorganizacja-firmy-przebudowuja-sie-woko-ai\/\" aria-label=\"Read more about Wielka reorganizacja: firmy przebudowuj\u0105 si\u0119 wok\u00f3\u0142 AI\" tabindex=\"-1\" >\n\t\t\tCzytaj wi\u0119cej \u00bb\t\t<\/a>\n\n\t\t\t\t<\/div>\n\t\t\t\t<\/article>\n\t\t\t\t<article class=\"elementor-post elementor-grid-item post-14110 post type-post status-publish format-standard has-post-thumbnail hentry category-blog-posts\" role=\"listitem\">\n\t\t\t\t<a class=\"elementor-post__thumbnail__link\" href=\"https:\/\/elementapp.ai\/blog\/social-media-polaryzuja-ai-depolaryzuje\/\" tabindex=\"-1\" >\n\t\t\t<div class=\"elementor-post__thumbnail\"><img loading=\"lazy\" decoding=\"async\" width=\"300\" height=\"158\" src=\"https:\/\/elementapp.ai\/blog\/wp-content\/uploads\/2026\/03\/hero_polaryzacja-300x158.jpg\" class=\"attachment-medium size-medium wp-image-14102\" alt=\"\" srcset=\"https:\/\/elementapp.ai\/blog\/wp-content\/uploads\/2026\/03\/hero_polaryzacja-300x158.jpg 300w, https:\/\/elementapp.ai\/blog\/wp-content\/uploads\/2026\/03\/hero_polaryzacja-768x403.jpg 768w, https:\/\/elementapp.ai\/blog\/wp-content\/uploads\/2026\/03\/hero_polaryzacja.jpg 1200w\" sizes=\"(max-width: 300px) 100vw, 300px\" \/><\/div>\n\t\t<\/a>\n\t\t\t\t<div class=\"elementor-post__text\">\n\t\t\t\t<h3 class=\"elementor-post__title\">\n\t\t\t<a href=\"https:\/\/elementapp.ai\/blog\/social-media-polaryzuja-ai-depolaryzuje\/\" >\n\t\t\t\tSocial Media polaryzuj\u0105. AI depolaryzuje?\t\t\t<\/a>\n\t\t<\/h3>\n\t\t\t\t<div class=\"elementor-post__meta-data\">\n\t\t\t\t\t<span class=\"elementor-post-author\">\n\t\t\tMaciej Michalewski\t\t<\/span>\n\t\t\t\t<span class=\"elementor-post-date\">\n\t\t\t30 marca 2026\t\t<\/span>\n\t\t\t\t<\/div>\n\t\t\t\t<div class=\"elementor-post__excerpt\">\n\t\t\t<p>Social Media polaryzuj\u0105. AI depolaryzuje? Wprowadzenie Niedawno chwali\u0142em Groka za fakt, \u017ce najmniej halucynuje i jest najmniej politycznie poprawny. Teraz mamy kolejne dane, kt\u00f3re uzupe\u0142niaj\u0105<\/p>\n\t\t<\/div>\n\t\t\n\t\t<a class=\"elementor-post__read-more\" href=\"https:\/\/elementapp.ai\/blog\/social-media-polaryzuja-ai-depolaryzuje\/\" aria-label=\"Read more about Social Media polaryzuj\u0105. AI depolaryzuje?\" tabindex=\"-1\" >\n\t\t\tCzytaj wi\u0119cej \u00bb\t\t<\/a>\n\n\t\t\t\t<\/div>\n\t\t\t\t<\/article>\n\t\t\t\t<article class=\"elementor-post elementor-grid-item post-14094 post type-post status-publish format-standard has-post-thumbnail hentry category-blog-posts\" role=\"listitem\">\n\t\t\t\t<a class=\"elementor-post__thumbnail__link\" href=\"https:\/\/elementapp.ai\/blog\/automatyzacja-prac-fizycznych-physical-intelligence\/\" tabindex=\"-1\" >\n\t\t\t<div class=\"elementor-post__thumbnail\"><img loading=\"lazy\" decoding=\"async\" width=\"300\" height=\"158\" src=\"https:\/\/elementapp.ai\/blog\/wp-content\/uploads\/2026\/03\/hero_physical_ai-1-300x158.jpg\" class=\"attachment-medium size-medium wp-image-14096\" alt=\"\" srcset=\"https:\/\/elementapp.ai\/blog\/wp-content\/uploads\/2026\/03\/hero_physical_ai-1-300x158.jpg 300w, https:\/\/elementapp.ai\/blog\/wp-content\/uploads\/2026\/03\/hero_physical_ai-1-768x403.jpg 768w, https:\/\/elementapp.ai\/blog\/wp-content\/uploads\/2026\/03\/hero_physical_ai-1.jpg 1200w\" sizes=\"(max-width: 300px) 100vw, 300px\" \/><\/div>\n\t\t<\/a>\n\t\t\t\t<div class=\"elementor-post__text\">\n\t\t\t\t<h3 class=\"elementor-post__title\">\n\t\t\t<a href=\"https:\/\/elementapp.ai\/blog\/automatyzacja-prac-fizycznych-physical-intelligence\/\" >\n\t\t\t\tRobot z polskim rodowodem, kt\u00f3ry wkr\u0119ca \u015bruby szybciej od cz\u0142owieka\t\t\t<\/a>\n\t\t<\/h3>\n\t\t\t\t<div class=\"elementor-post__meta-data\">\n\t\t\t\t\t<span class=\"elementor-post-author\">\n\t\t\tMaciej Michalewski\t\t<\/span>\n\t\t\t\t<span class=\"elementor-post-date\">\n\t\t\t24 marca 2026\t\t<\/span>\n\t\t\t\t<\/div>\n\t\t\t\t<div class=\"elementor-post__excerpt\">\n\t\t\t<p>Robot z polskim rodowodem, kt\u00f3ry wkr\u0119ca \u015bruby szybciej od cz\u0142owieka Kiedy m\u00f3wimy o automatyzacji, wi\u0119kszo\u015b\u0107 ludzi my\u015bli o chatbotach, generatorach obraz\u00f3w i asystentach programowania. Tymczasem<\/p>\n\t\t<\/div>\n\t\t\n\t\t<a class=\"elementor-post__read-more\" href=\"https:\/\/elementapp.ai\/blog\/automatyzacja-prac-fizycznych-physical-intelligence\/\" aria-label=\"Read more about Robot z polskim rodowodem, kt\u00f3ry wkr\u0119ca \u015bruby szybciej od cz\u0142owieka\" tabindex=\"-1\" >\n\t\t\tCzytaj wi\u0119cej \u00bb\t\t<\/a>\n\n\t\t\t\t<\/div>\n\t\t\t\t<\/article>\n\t\t\t\t<\/div>\n\t\t\n\t\t\t\t\t\t<\/div>\n\t\t\t\t<\/div>\n\t\t\t\t\t<\/div>\n\t\t<\/div>\n\t\t\t\t\t<\/div>\n\t\t<\/section>\n\t\t\t\t<\/div>\n\t\t","protected":false},"excerpt":{"rendered":"<p>Koronawirus a oferty pracy &#8211; sprawdzili\u015bmy raport z tygodnia 11 i 12. Raport z naszego ATS pokazuje liczb\u0119 publikowanych ofert na ponad 50 portalach pracy.<\/p>\n","protected":false},"author":1,"featured_media":0,"comment_status":"open","ping_status":"open","sticky":false,"template":"","format":"standard","meta":{"_acf_changed":false,"_yoast_wpseo_focuskw":"","_yoast_wpseo_title":"koronawirus praca - raport ofert pracy z tygodnia 11 i 12","_yoast_wpseo_metadesc":"Koronawirus a oferty pracy - sprawdzili\u015bmy raport z tygodnia 11 i 12. Raport z naszego ATS pokazuje liczb\u0119 publikowanych ofert na ponad 50 portalach pracy.","_yoast_wpseo_opengraph-title":"","_yoast_wpseo_opengraph-description":"","_yoast_wpseo_opengraph-image":"","_yoast_wpseo_opengraph-image-id":0,"_yoast_wpseo_twitter-title":"","_yoast_wpseo_twitter-description":"","_yoast_wpseo_twitter-image":"","_yoast_wpseo_twitter-image-id":0,"inline_featured_image":false,"site-sidebar-layout":"default","site-content-layout":"default","ast-global-header-display":"","ast-main-header-display":"","ast-hfb-above-header-display":"","ast-hfb-below-header-display":"","ast-hfb-mobile-header-display":"","site-post-title":"","ast-breadcrumbs-content":"","ast-featured-img":"","footer-sml-layout":"","theme-transparent-header-meta":"","adv-header-id-meta":"","stick-header-meta":"","header-above-stick-meta":"","header-main-stick-meta":"","header-below-stick-meta":"","footnotes":""},"categories":[2],"tags":[],"class_list":["post-1311","post","type-post","status-publish","format-standard","hentry","category-blog-posts"],"acf":[],"yoast_head":"<!-- This site is optimized with the Yoast SEO Premium plugin v27.4 (Yoast SEO v27.4) - https:\/\/yoast.com\/product\/yoast-seo-premium-wordpress\/ -->\n<title>koronawirus praca - raport ofert pracy z tygodnia 11 i 12<\/title>\n<meta name=\"description\" content=\"Koronawirus a oferty pracy - sprawdzili\u015bmy raport z tygodnia 11 i 12. Raport z naszego ATS pokazuje liczb\u0119 publikowanych ofert na ponad 50 portalach pracy.\" \/>\n<meta name=\"robots\" content=\"index, follow, max-snippet:-1, max-image-preview:large, max-video-preview:-1\" \/>\n<link rel=\"canonical\" href=\"https:\/\/elementapp.ai\/blog\/koronawirus-praca-raport-ofert-pracy-z-tygodnia-11-i-12\/\" \/>\n<meta property=\"og:locale\" content=\"pl_PL\" \/>\n<meta property=\"og:type\" content=\"article\" \/>\n<meta property=\"og:title\" content=\"Koronawirus a liczba ofert pracy - tydzie\u0144 11 i 12 - dane z systemu ATS Element\" \/>\n<meta property=\"og:description\" content=\"Koronawirus a oferty pracy - sprawdzili\u015bmy raport z tygodnia 11 i 12. Raport z naszego ATS pokazuje liczb\u0119 publikowanych ofert na ponad 50 portalach pracy.\" \/>\n<meta property=\"og:url\" content=\"https:\/\/elementapp.ai\/blog\/koronawirus-praca-raport-ofert-pracy-z-tygodnia-11-i-12\/\" \/>\n<meta property=\"og:site_name\" content=\"Element&#039;s Blog - nowo\u015bci ze \u015bwiata rekrutacji, HR Tech i Element\" \/>\n<meta property=\"article:publisher\" content=\"https:\/\/www.facebook.com\/elementappats\" \/>\n<meta property=\"article:author\" content=\"https:\/\/www.facebook.com\/elementappats\/\" \/>\n<meta property=\"article:published_time\" content=\"2020-03-24T09:49:38+00:00\" \/>\n<meta property=\"article:modified_time\" content=\"2021-06-21T20:02:20+00:00\" \/>\n<meta property=\"og:image\" content=\"https:\/\/elementapp.ai\/blog\/wp-content\/uploads\/2020\/03\/Oferty-pracy-tydzie%C5%84-tydzie%C5%84-11-i-12.png\" \/>\n<meta name=\"author\" content=\"Maciej Michalewski\" \/>\n<meta name=\"twitter:card\" content=\"summary_large_image\" \/>\n<meta name=\"twitter:label1\" content=\"Napisane przez\" \/>\n\t<meta name=\"twitter:data1\" content=\"Maciej Michalewski\" \/>\n\t<meta name=\"twitter:label2\" content=\"Szacowany czas czytania\" \/>\n\t<meta name=\"twitter:data2\" content=\"2 minuty\" \/>\n<!-- \/ Yoast SEO Premium plugin. -->","yoast_head_json":{"title":"koronawirus praca - raport ofert pracy z tygodnia 11 i 12","description":"Koronawirus a oferty pracy - sprawdzili\u015bmy raport z tygodnia 11 i 12. Raport z naszego ATS pokazuje liczb\u0119 publikowanych ofert na ponad 50 portalach pracy.","robots":{"index":"index","follow":"follow","max-snippet":"max-snippet:-1","max-image-preview":"max-image-preview:large","max-video-preview":"max-video-preview:-1"},"canonical":"https:\/\/elementapp.ai\/blog\/koronawirus-praca-raport-ofert-pracy-z-tygodnia-11-i-12\/","og_locale":"pl_PL","og_type":"article","og_title":"Koronawirus a liczba ofert pracy - tydzie\u0144 11 i 12 - dane z systemu ATS Element","og_description":"Koronawirus a oferty pracy - sprawdzili\u015bmy raport z tygodnia 11 i 12. Raport z naszego ATS pokazuje liczb\u0119 publikowanych ofert na ponad 50 portalach pracy.","og_url":"https:\/\/elementapp.ai\/blog\/koronawirus-praca-raport-ofert-pracy-z-tygodnia-11-i-12\/","og_site_name":"Element&#039;s Blog - nowo\u015bci ze \u015bwiata rekrutacji, HR Tech i Element","article_publisher":"https:\/\/www.facebook.com\/elementappats","article_author":"https:\/\/www.facebook.com\/elementappats\/","article_published_time":"2020-03-24T09:49:38+00:00","article_modified_time":"2021-06-21T20:02:20+00:00","og_image":[{"url":"https:\/\/elementapp.ai\/blog\/wp-content\/uploads\/2020\/03\/Oferty-pracy-tydzie%C5%84-tydzie%C5%84-11-i-12.png","type":"","width":"","height":""}],"author":"Maciej Michalewski","twitter_card":"summary_large_image","twitter_misc":{"Napisane przez":"Maciej Michalewski","Szacowany czas czytania":"2 minuty"},"schema":{"@context":"https:\/\/schema.org","@graph":[{"@type":"Article","@id":"https:\/\/elementapp.ai\/blog\/koronawirus-praca-raport-ofert-pracy-z-tygodnia-11-i-12\/#article","isPartOf":{"@id":"https:\/\/elementapp.ai\/blog\/koronawirus-praca-raport-ofert-pracy-z-tygodnia-11-i-12\/"},"author":{"name":"Maciej Michalewski","@id":"https:\/\/elementapp.ai\/blog\/#\/schema\/person\/02f4e59e019634b9e2fb09c00bf93f1e"},"headline":"Koronawirus a liczba ofert pracy &#8211; tydzie\u0144 11 i 12 &#8211; dane z systemu ATS Element","datePublished":"2020-03-24T09:49:38+00:00","dateModified":"2021-06-21T20:02:20+00:00","mainEntityOfPage":{"@id":"https:\/\/elementapp.ai\/blog\/koronawirus-praca-raport-ofert-pracy-z-tygodnia-11-i-12\/"},"wordCount":383,"commentCount":5,"publisher":{"@id":"https:\/\/elementapp.ai\/blog\/#organization"},"image":{"@id":"https:\/\/elementapp.ai\/blog\/koronawirus-praca-raport-ofert-pracy-z-tygodnia-11-i-12\/#primaryimage"},"thumbnailUrl":"https:\/\/elementapp.ai\/blog\/wp-content\/uploads\/2020\/03\/Oferty-pracy-tydzie%C5%84-tydzie%C5%84-11-i-12.png","articleSection":["Blog-posts"],"inLanguage":"pl-PL","potentialAction":[{"@type":"CommentAction","name":"Comment","target":["https:\/\/elementapp.ai\/blog\/koronawirus-praca-raport-ofert-pracy-z-tygodnia-11-i-12\/#respond"]}]},{"@type":"WebPage","@id":"https:\/\/elementapp.ai\/blog\/koronawirus-praca-raport-ofert-pracy-z-tygodnia-11-i-12\/","url":"https:\/\/elementapp.ai\/blog\/koronawirus-praca-raport-ofert-pracy-z-tygodnia-11-i-12\/","name":"koronawirus praca - raport ofert pracy z tygodnia 11 i 12","isPartOf":{"@id":"https:\/\/elementapp.ai\/blog\/#website"},"primaryImageOfPage":{"@id":"https:\/\/elementapp.ai\/blog\/koronawirus-praca-raport-ofert-pracy-z-tygodnia-11-i-12\/#primaryimage"},"image":{"@id":"https:\/\/elementapp.ai\/blog\/koronawirus-praca-raport-ofert-pracy-z-tygodnia-11-i-12\/#primaryimage"},"thumbnailUrl":"https:\/\/elementapp.ai\/blog\/wp-content\/uploads\/2020\/03\/Oferty-pracy-tydzie%C5%84-tydzie%C5%84-11-i-12.png","datePublished":"2020-03-24T09:49:38+00:00","dateModified":"2021-06-21T20:02:20+00:00","description":"Koronawirus a oferty pracy - sprawdzili\u015bmy raport z tygodnia 11 i 12. Raport z naszego ATS pokazuje liczb\u0119 publikowanych ofert na ponad 50 portalach pracy.","breadcrumb":{"@id":"https:\/\/elementapp.ai\/blog\/koronawirus-praca-raport-ofert-pracy-z-tygodnia-11-i-12\/#breadcrumb"},"inLanguage":"pl-PL","potentialAction":[{"@type":"ReadAction","target":["https:\/\/elementapp.ai\/blog\/koronawirus-praca-raport-ofert-pracy-z-tygodnia-11-i-12\/"]}]},{"@type":"ImageObject","inLanguage":"pl-PL","@id":"https:\/\/elementapp.ai\/blog\/koronawirus-praca-raport-ofert-pracy-z-tygodnia-11-i-12\/#primaryimage","url":"https:\/\/elementapp.ai\/blog\/wp-content\/uploads\/2020\/03\/Oferty-pracy-tydzie%C5%84-tydzie%C5%84-11-i-12.png","contentUrl":"https:\/\/elementapp.ai\/blog\/wp-content\/uploads\/2020\/03\/Oferty-pracy-tydzie%C5%84-tydzie%C5%84-11-i-12.png"},{"@type":"BreadcrumbList","@id":"https:\/\/elementapp.ai\/blog\/koronawirus-praca-raport-ofert-pracy-z-tygodnia-11-i-12\/#breadcrumb","itemListElement":[{"@type":"ListItem","position":1,"name":"Strona g\u0142\u00f3wna","item":"https:\/\/elementapp.ai\/blog\/"},{"@type":"ListItem","position":2,"name":"Koronawirus a liczba ofert pracy &#8211; tydzie\u0144 11 i 12 &#8211; dane z systemu ATS Element"}]},{"@type":"WebSite","@id":"https:\/\/elementapp.ai\/blog\/#website","url":"https:\/\/elementapp.ai\/blog\/","name":"Element's Blog - nowo\u015bci ze \u015bwiata rekrutacji, HR Tech i Element","description":"Najciekawsze informacje ze \u015bwiata rekrutacji, rynku pracy, technologii rekrutacyjnych oraz systemu rekrutacyjnego Element","publisher":{"@id":"https:\/\/elementapp.ai\/blog\/#organization"},"potentialAction":[{"@type":"SearchAction","target":{"@type":"EntryPoint","urlTemplate":"https:\/\/elementapp.ai\/blog\/?s={search_term_string}"},"query-input":{"@type":"PropertyValueSpecification","valueRequired":true,"valueName":"search_term_string"}}],"inLanguage":"pl-PL"},{"@type":"Organization","@id":"https:\/\/elementapp.ai\/blog\/#organization","name":"Element ATS system rekrutacyjny","url":"https:\/\/elementapp.ai\/blog\/","logo":{"@type":"ImageObject","inLanguage":"pl-PL","@id":"https:\/\/elementapp.ai\/blog\/#\/schema\/logo\/image\/","url":"https:\/\/elementapp.ai\/blog\/wp-content\/uploads\/2019\/09\/element-system-logo.svg","contentUrl":"https:\/\/elementapp.ai\/blog\/wp-content\/uploads\/2019\/09\/element-system-logo.svg","width":1,"height":1,"caption":"Element ATS system rekrutacyjny"},"image":{"@id":"https:\/\/elementapp.ai\/blog\/#\/schema\/logo\/image\/"},"sameAs":["https:\/\/www.facebook.com\/elementappats"]},{"@type":"Person","@id":"https:\/\/elementapp.ai\/blog\/#\/schema\/person\/02f4e59e019634b9e2fb09c00bf93f1e","name":"Maciej Michalewski","image":{"@type":"ImageObject","inLanguage":"pl-PL","@id":"https:\/\/secure.gravatar.com\/avatar\/9d00803e2237f6212234740ce5ee8400cf3c04cf469dc8728a7fdd0d2a1e8cc7?s=96&d=mm&r=g","url":"https:\/\/secure.gravatar.com\/avatar\/9d00803e2237f6212234740ce5ee8400cf3c04cf469dc8728a7fdd0d2a1e8cc7?s=96&d=mm&r=g","contentUrl":"https:\/\/secure.gravatar.com\/avatar\/9d00803e2237f6212234740ce5ee8400cf3c04cf469dc8728a7fdd0d2a1e8cc7?s=96&d=mm&r=g","caption":"Maciej Michalewski"},"description":"Since 2010 I have been professionally involved in the recruitment industry. Since 2014, I and a team of talented software developers, have been developing Element, an innovative recruitment system which makes recruiting fast and simple. I am a tech lover, and my mission is to find and create new solutions that will positively impact the recruitment market.","sameAs":["https:\/\/www.facebook.com\/elementappats\/","https:\/\/www.linkedin.com\/company\/13982762"]}]}},"_links":{"self":[{"href":"https:\/\/elementapp.ai\/blog\/wp-json\/wp\/v2\/posts\/1311","targetHints":{"allow":["GET"]}}],"collection":[{"href":"https:\/\/elementapp.ai\/blog\/wp-json\/wp\/v2\/posts"}],"about":[{"href":"https:\/\/elementapp.ai\/blog\/wp-json\/wp\/v2\/types\/post"}],"author":[{"embeddable":true,"href":"https:\/\/elementapp.ai\/blog\/wp-json\/wp\/v2\/users\/1"}],"replies":[{"embeddable":true,"href":"https:\/\/elementapp.ai\/blog\/wp-json\/wp\/v2\/comments?post=1311"}],"version-history":[{"count":0,"href":"https:\/\/elementapp.ai\/blog\/wp-json\/wp\/v2\/posts\/1311\/revisions"}],"wp:attachment":[{"href":"https:\/\/elementapp.ai\/blog\/wp-json\/wp\/v2\/media?parent=1311"}],"wp:term":[{"taxonomy":"category","embeddable":true,"href":"https:\/\/elementapp.ai\/blog\/wp-json\/wp\/v2\/categories?post=1311"},{"taxonomy":"post_tag","embeddable":true,"href":"https:\/\/elementapp.ai\/blog\/wp-json\/wp\/v2\/tags?post=1311"}],"curies":[{"name":"wp","href":"https:\/\/api.w.org\/{rel}","templated":true}]}}