{"id":13716,"date":"2021-01-10T10:00:00","date_gmt":"2021-01-10T09:00:00","guid":{"rendered":"https:\/\/elementapp.ai\/blog\/?p=13716"},"modified":"2026-03-01T10:16:48","modified_gmt":"2026-03-01T09:16:48","slug":"big-tech-politics-capitol-social-networks","status":"publish","type":"post","link":"https:\/\/elementapp.ai\/blog\/big-tech-politics-capitol-social-networks\/","title":{"rendered":"Big Tech and politics: what the Capitol events mean for social networks"},"content":{"rendered":"\t\t<div data-elementor-type=\"wp-post\" data-elementor-id=\"13716\" class=\"elementor elementor-13716\" data-elementor-post-type=\"post\">\n\t\t\t\t\t\t<section class=\"elementor-section elementor-top-section elementor-element elementor-element-660f07e9 elementor-section-boxed elementor-section-height-default elementor-section-height-default\" data-id=\"660f07e9\" data-element_type=\"section\" data-e-type=\"section\">\n\t\t\t\t\t\t<div class=\"elementor-container elementor-column-gap-default\">\n\t\t\t\t\t<div class=\"elementor-column elementor-col-100 elementor-top-column elementor-element elementor-element-36f27fc\" data-id=\"36f27fc\" data-element_type=\"column\" data-e-type=\"column\">\n\t\t\t<div class=\"elementor-widget-wrap\">\n\t\t\t\t\t\t\t<\/div>\n\t\t<\/div>\n\t\t\t\t\t<\/div>\n\t\t<\/section>\n\t\t\t\t<section class=\"elementor-section elementor-top-section elementor-element elementor-element-63a4c3c6 elementor-section-boxed elementor-section-height-default elementor-section-height-default\" data-id=\"63a4c3c6\" data-element_type=\"section\" data-e-type=\"section\">\n\t\t\t\t\t\t<div class=\"elementor-container elementor-column-gap-default\">\n\t\t\t\t\t<div class=\"elementor-column elementor-col-100 elementor-top-column elementor-element elementor-element-2685107\" data-id=\"2685107\" data-element_type=\"column\" data-e-type=\"column\">\n\t\t\t<div class=\"elementor-widget-wrap elementor-element-populated\">\n\t\t\t\t\t\t<div class=\"elementor-element elementor-element-47e0516b elementor-widget-divider--view-line_icon elementor-view-default elementor-widget-divider--element-align-center elementor-widget elementor-widget-divider\" data-id=\"47e0516b\" data-element_type=\"widget\" data-e-type=\"widget\" data-widget_type=\"divider.default\">\n\t\t\t\t<div class=\"elementor-widget-container\">\n\t\t\t\t\t\t\t<div class=\"elementor-divider\">\n\t\t\t<span class=\"elementor-divider-separator\">\n\t\t\t\t\t\t\t<div class=\"elementor-icon elementor-divider__element\">\n\t\t\t\t\t<i aria-hidden=\"true\" class=\"far fa-bookmark\"><\/i><\/div>\n\t\t\t\t\t\t<\/span>\n\t\t<\/div>\n\t\t\t\t\t\t<\/div>\n\t\t\t\t<\/div>\n\t\t\t\t\t<\/div>\n\t\t<\/div>\n\t\t\t\t\t<\/div>\n\t\t<\/section>\n\t\t\t\t<section class=\"elementor-section elementor-top-section elementor-element elementor-element-5b26e9cf elementor-section-boxed elementor-section-height-default elementor-section-height-default\" data-id=\"5b26e9cf\" data-element_type=\"section\" data-e-type=\"section\">\n\t\t\t\t\t\t<div class=\"elementor-container elementor-column-gap-default\">\n\t\t\t\t\t<div class=\"elementor-column elementor-col-100 elementor-top-column elementor-element elementor-element-757b62ca\" data-id=\"757b62ca\" data-element_type=\"column\" data-e-type=\"column\">\n\t\t\t<div class=\"elementor-widget-wrap elementor-element-populated\">\n\t\t\t\t\t\t<div class=\"elementor-element elementor-element-1e348173 elementor-widget elementor-widget-heading\" data-id=\"1e348173\" data-element_type=\"widget\" data-e-type=\"widget\" data-widget_type=\"heading.default\">\n\t\t\t\t<div class=\"elementor-widget-container\">\n\t\t\t\t\t<h1 class=\"elementor-heading-title elementor-size-default\">Big Tech and politics: what the Capitol events mean for social networks<\/h1>\t\t\t\t<\/div>\n\t\t\t\t<\/div>\n\t\t\t\t<div class=\"elementor-element elementor-element-dw54432 elementor-widget elementor-widget-text-editor\" data-id=\"dw54432\" data-element_type=\"widget\" data-e-type=\"widget\" data-widget_type=\"text-editor.default\">\n\t\t\t\t<div class=\"elementor-widget-container\">\n\t\t\t\t\t\t\t\t\t2021-01-10\t\t\t\t\t\t\t\t<\/div>\n\t\t\t\t<\/div>\n\t\t\t\t\t<\/div>\n\t\t<\/div>\n\t\t\t\t\t<\/div>\n\t\t<\/section>\n\t\t\t\t<section class=\"elementor-section elementor-top-section elementor-element elementor-element-5736439b elementor-section-boxed elementor-section-height-default elementor-section-height-default\" data-id=\"5736439b\" data-element_type=\"section\" data-e-type=\"section\" data-settings=\"{&quot;background_background&quot;:&quot;classic&quot;}\">\n\t\t\t\t\t\t<div class=\"elementor-container elementor-column-gap-default\">\n\t\t\t\t\t<div class=\"elementor-column elementor-col-66 elementor-top-column elementor-element elementor-element-df5d8a\" data-id=\"df5d8a\" data-element_type=\"column\" data-e-type=\"column\" data-settings=\"{&quot;background_background&quot;:&quot;classic&quot;}\">\n\t\t\t<div class=\"elementor-widget-wrap elementor-element-populated\">\n\t\t\t\t\t\t<div class=\"elementor-element elementor-element-79274c80 elementor-widget elementor-widget-text-editor\" data-id=\"79274c80\" data-element_type=\"widget\" data-e-type=\"widget\" data-widget_type=\"text-editor.default\">\n\t\t\t\t<div class=\"elementor-widget-container\">\n\t\t\t\t\t\t\t\t\t<p>I am a technology person &#8212; the most obvious proof being <a href=\"https:\/\/elementapp.ai\" target=\"_blank\" rel=\"noopener\" style=\"color: #0000ff\"><span style=\"color: #0000ff;\">Element<\/span><\/a>. But the recent events in the US and their collision with technology, specifically social networks, are so wild that I had to write about them. Fair warning: this article has nothing to do with <a href=\"https:\/\/elementapp.ai\" target=\"_blank\" rel=\"noopener\" style=\"color: #0000ff\"><span style=\"color: #0000ff;\">our recruitment system<\/span><\/a>, recruitment, or HR. None of it.<\/p>\t\t\t\t\t\t\t\t<\/div>\n\t\t\t\t<\/div>\n\t\t\t\t<div class=\"elementor-element elementor-element-4498920a elementor-widget elementor-widget-text-editor\" data-id=\"4498920a\" data-element_type=\"widget\" data-e-type=\"widget\" data-widget_type=\"text-editor.default\">\n\t\t\t\t<div class=\"elementor-widget-container\">\n\t\t\t\t\t\t\t\t\t<p><span style=\"font-weight: 400;\">Here we go.<\/span><\/p>\t\t\t\t\t\t\t\t<\/div>\n\t\t\t\t<\/div>\n\t\t\t\t<div class=\"elementor-element elementor-element-90124e55 elementor-widget elementor-widget-text-editor\" data-id=\"90124e55\" data-element_type=\"widget\" data-e-type=\"widget\" data-widget_type=\"text-editor.default\">\n\t\t\t\t<div class=\"elementor-widget-container\">\n\t\t\t\t\t\t\t\t\t<p><span style=\"font-weight: 400;\"><span style=\"color: #1010e0;\"><a style=\"color: #0000ff\" href=\"https:\/\/en.wikipedia.org\/wiki\/Big_Tech\" target=\"_blank\" rel=\"noopener nofollow\">Big Tech<\/a><\/span> means the biggest US tech companies: <strong>Amazon<\/strong>, <strong>Apple<\/strong>, <strong>Google<\/strong>, <strong>Facebook<\/strong>, and <strong>Microsoft<\/strong>. In political conversations, <strong>Twitter<\/strong> gets lumped in too, mostly because of its outsized role in spreading information and its special place in political campaigns ever since Donald Trump made it his megaphone.<\/span><\/p>\t\t\t\t\t\t\t\t<\/div>\n\t\t\t\t<\/div>\n\t\t\t\t<div class=\"elementor-element elementor-element-1f6e9337 elementor-widget elementor-widget-text-editor\" data-id=\"1f6e9337\" data-element_type=\"widget\" data-e-type=\"widget\" data-widget_type=\"text-editor.default\">\n\t\t\t\t<div class=\"elementor-widget-container\">\n\t\t\t\t\t\t\t\t\t<p><span style=\"font-weight: 400;\">The Trump presidency was one controversy after another. And now we are watching the Big Tech part of the story blow up:<\/span><\/p>\t\t\t\t\t\t\t\t<\/div>\n\t\t\t\t<\/div>\n\t\t\t\t<div class=\"elementor-element elementor-element-421e4a2c elementor-widget elementor-widget-text-editor\" data-id=\"421e4a2c\" data-element_type=\"widget\" data-e-type=\"widget\" data-widget_type=\"text-editor.default\">\n\t\t\t\t<div class=\"elementor-widget-container\">\n\t\t\t\t\t\t\t\t\t<ul><li><span style=\"font-weight: 400;\">Twitter &#8212; Trump&#8217;s account blocked, all posts deleted.<\/span><\/li><li>Twitter &#8212; The official @POTUS account (President of the United States) &#8212; Trump&#8217;s latest posts are being removed, though the account itself stays up.<\/li><li>Facebook &#8212; Trump&#8217;s account banned.<\/li><li>Instagram &#8212; Trump&#8217;s account banned.<\/li><\/ul>\t\t\t\t\t\t\t\t<\/div>\n\t\t\t\t<\/div>\n\t\t\t\t<div class=\"elementor-element elementor-element-113a99f9 elementor-widget elementor-widget-text-editor\" data-id=\"113a99f9\" data-element_type=\"widget\" data-e-type=\"widget\" data-widget_type=\"text-editor.default\">\n\t\t\t\t<div class=\"elementor-widget-container\">\n\t\t\t\t\t\t\t\t\t<p><span style=\"font-weight: 400;\">So what are American conservatives doing? They are migrating en masse to <span style=\"color: #0000ff;\"><a style=\"color: #0000ff\" href=\"https:\/\/parler.com\/auth\/access\" target=\"_blank\" rel=\"noopener nofollow\"><span style=\"color: #1010e0;\">Parler<\/span><\/a><\/span>, a messenger that promises more freedom around published content and no censorship of the kind they got used to on Twitter, Facebook, and YouTube.<\/span><\/p>\t\t\t\t\t\t\t\t<\/div>\n\t\t\t\t<\/div>\n\t\t\t\t<div class=\"elementor-element elementor-element-4d471a53 elementor-widget elementor-widget-text-editor\" data-id=\"4d471a53\" data-element_type=\"widget\" data-e-type=\"widget\" data-widget_type=\"text-editor.default\">\n\t\t\t\t<div class=\"elementor-widget-container\">\n\t\t\t\t\t\t\t\t\t<p><span style=\"font-weight: 400;\">The migration is so massive that Parler simply cannot handle the traffic. The app has been glitching and crashing for days.<\/span><\/p>\t\t\t\t\t\t\t\t<\/div>\n\t\t\t\t<\/div>\n\t\t\t\t<div class=\"elementor-element elementor-element-9d3c129b elementor-widget elementor-widget-text-editor\" data-id=\"9d3c129b\" data-element_type=\"widget\" data-e-type=\"widget\" data-widget_type=\"text-editor.default\">\n\t\t\t\t<div class=\"elementor-widget-container\">\n\t\t\t\t\t\t\t\t\t<p><span style=\"font-weight: 400;\">Meanwhile, Elon Musk &#8212; who has been going after Facebook ever since the<span style=\"color: #1010e0;\"> <a style=\"color: #0000ff\" href=\"https:\/\/en.wikipedia.org\/wiki\/Cambridge_Analytica#The_Scandal\" rel=\"noopener nofollow\">Cambridge Analytica scandal<\/a><\/span> (<span style=\"color: #1010e0;\"><a style=\"color: #0000ff\" href=\"https:\/\/time.com\/5212921\/elon-musk-deletes-facebook\/\" target=\"_blank\" rel=\"noopener nofollow\">he deleted his own profile, Tesla&#8217;s, and SpaceX&#8217;s from the platform<\/a><\/span>) &#8212; first called out the link between Facebook and the current political turmoil:<\/span><\/p>\t\t\t\t\t\t\t\t<\/div>\n\t\t\t\t<\/div>\n\t\t\t\t<div class=\"elementor-element elementor-element-3ce986c2 elementor-widget elementor-widget-image\" data-id=\"3ce986c2\" data-element_type=\"widget\" data-e-type=\"widget\" data-widget_type=\"image.default\">\n\t\t\t\t<div class=\"elementor-widget-container\">\n\t\t\t\t\t\t\t\t\t\t\t\t\t\t\t\t<a href=\"https:\/\/elementapp.ai\/blog\/wp-content\/uploads\/2021\/01\/musk-post-on-fb.jpg\" data-elementor-open-lightbox=\"yes\" data-elementor-lightbox-title=\"musk post on fb\" data-e-action-hash=\"#elementor-action%3Aaction%3Dlightbox%26settings%3DeyJpZCI6MzU0MCwidXJsIjoiaHR0cHM6XC9cL2VsZW1lbnRhcHAuYWlcL2Jsb2dcL3dwLWNvbnRlbnRcL3VwbG9hZHNcLzIwMjFcLzAxXC9tdXNrLXBvc3Qtb24tZmIuanBnIn0%3D\">\n\t\t\t\t\t\t\t<img fetchpriority=\"high\" decoding=\"async\" width=\"647\" height=\"388\" src=\"https:\/\/elementapp.ai\/blog\/wp-content\/uploads\/2021\/01\/musk-post-on-fb.jpg\" class=\"attachment-medium_large size-medium_large wp-image-3540\" alt=\"\" srcset=\"https:\/\/elementapp.ai\/blog\/wp-content\/uploads\/2021\/01\/musk-post-on-fb.jpg 647w, https:\/\/elementapp.ai\/blog\/wp-content\/uploads\/2021\/01\/musk-post-on-fb-300x180.jpg 300w\" sizes=\"(max-width: 647px) 100vw, 647px\" \/>\t\t\t\t\t\t\t\t<\/a>\n\t\t\t\t\t\t\t\t\t\t\t\t\t\t\t<\/div>\n\t\t\t\t<\/div>\n\t\t\t\t<div class=\"elementor-element elementor-element-96b6cbb6 elementor-widget elementor-widget-text-editor\" data-id=\"96b6cbb6\" data-element_type=\"widget\" data-e-type=\"widget\" data-widget_type=\"text-editor.default\">\n\t\t\t\t<div class=\"elementor-widget-container\">\n\t\t\t\t\t\t\t\t\t<p><span id=\"docs-internal-guid-d689b492-7fff-e878-60b9-731d08e8f7b2\"><span style=\"font-size: 11pt; font-family: Arial; color: #222222; font-variant-numeric: normal; font-variant-east-asian: normal; vertical-align: baseline; white-space: pre-wrap;\">Then he pointed his <span style=\"color: #1212de;\"><a style=\"color: #0000ff\" href=\"https:\/\/twitter.com\/elonmusk\" target=\"_blank\" rel=\"noopener nofollow\">41 million Twitter followers<\/a><\/span> at <span style=\"color: #1212de;\"><a style=\"color: #0000ff\" href=\"https:\/\/signal.org\/pl\/\" target=\"_blank\" rel=\"noopener nofollow\">Signal<\/a><\/span> as an alternative to Facebook&#8217;s messenger:<\/span><\/span><\/p>\t\t\t\t\t\t\t\t<\/div>\n\t\t\t\t<\/div>\n\t\t\t\t<div class=\"elementor-element elementor-element-74e01325 elementor-widget elementor-widget-image\" data-id=\"74e01325\" data-element_type=\"widget\" data-e-type=\"widget\" data-widget_type=\"image.default\">\n\t\t\t\t<div class=\"elementor-widget-container\">\n\t\t\t\t\t\t\t\t\t\t\t\t\t\t\t\t<a href=\"https:\/\/elementapp.ai\/blog\/wp-content\/uploads\/2021\/01\/musk-use-signal.jpg\" data-elementor-open-lightbox=\"yes\" data-elementor-lightbox-title=\"musk use signal\" data-elementor-lightbox-description=\"Musk&#039;s Twitter post &quot;use signal&quot;\" data-e-action-hash=\"#elementor-action%3Aaction%3Dlightbox%26settings%3DeyJpZCI6MzU0MSwidXJsIjoiaHR0cHM6XC9cL2VsZW1lbnRhcHAuYWlcL2Jsb2dcL3dwLWNvbnRlbnRcL3VwbG9hZHNcLzIwMjFcLzAxXC9tdXNrLXVzZS1zaWduYWwuanBnIn0%3D\">\n\t\t\t\t\t\t\t<img decoding=\"async\" width=\"648\" height=\"65\" src=\"https:\/\/elementapp.ai\/blog\/wp-content\/uploads\/2021\/01\/musk-use-signal.jpg\" class=\"attachment-medium_large size-medium_large wp-image-3541\" alt=\"\" srcset=\"https:\/\/elementapp.ai\/blog\/wp-content\/uploads\/2021\/01\/musk-use-signal.jpg 648w, https:\/\/elementapp.ai\/blog\/wp-content\/uploads\/2021\/01\/musk-use-signal-300x30.jpg 300w\" sizes=\"(max-width: 648px) 100vw, 648px\" \/>\t\t\t\t\t\t\t\t<\/a>\n\t\t\t\t\t\t\t\t\t\t\t\t\t\t\t<\/div>\n\t\t\t\t<\/div>\n\t\t\t\t<div class=\"elementor-element elementor-element-8254ed84 elementor-widget elementor-widget-text-editor\" data-id=\"8254ed84\" data-element_type=\"widget\" data-e-type=\"widget\" data-widget_type=\"text-editor.default\">\n\t\t\t\t<div class=\"elementor-widget-container\">\n\t\t\t\t\t\t\t\t\t<p><span style=\"font-weight: 400;\">So here is the picture: the internet communication giants are censoring and blocking accounts, and on the other side, alternatives are popping up that are riding this wave. One post from Musk and it turns into a storm. <span style=\"color: #1919e0;\"><a style=\"color: #0000ff\" href=\"https:\/\/parler.com\/auth\/access\" target=\"_blank\" rel=\"noopener nofollow\">Parler<\/a><\/span> and <span style=\"color: #1919e0;\"><a style=\"color: #0000ff\" href=\"https:\/\/signal.org\/pl\/\" target=\"_blank\" rel=\"noopener nofollow\">Signal<\/a><\/span> immediately shoot to the top of the App Store downloads:<\/span><\/p>\t\t\t\t\t\t\t\t<\/div>\n\t\t\t\t<\/div>\n\t\t\t\t<div class=\"elementor-element elementor-element-b8e932dd elementor-widget elementor-widget-image\" data-id=\"b8e932dd\" data-element_type=\"widget\" data-e-type=\"widget\" data-widget_type=\"image.default\">\n\t\t\t\t<div class=\"elementor-widget-container\">\n\t\t\t\t\t\t\t\t\t\t\t\t\t\t\t\t<a href=\"https:\/\/elementapp.ai\/blog\/wp-content\/uploads\/2021\/01\/parler-signal-top-chart-178x300.jpg\" data-elementor-open-lightbox=\"yes\" data-e-action-hash=\"#elementor-action%3Aaction%3Dlightbox%26settings%3DW10%3D\">\n\t\t\t\t\t\t\t<img decoding=\"async\" src=\"https:\/\/elementapp.ai\/blog\/wp-content\/uploads\/2021\/01\/parler-signal-top-chart-178x300.jpg\" title=\"\" alt=\"Parler and Signal on App Store top chart\" loading=\"lazy\" \/>\t\t\t\t\t\t\t\t<\/a>\n\t\t\t\t\t\t\t\t\t\t\t\t\t\t\t<\/div>\n\t\t\t\t<\/div>\n\t\t\t\t<div class=\"elementor-element elementor-element-23ace728 elementor-widget elementor-widget-text-editor\" data-id=\"23ace728\" data-element_type=\"widget\" data-e-type=\"widget\" data-widget_type=\"text-editor.default\">\n\t\t\t\t<div class=\"elementor-widget-container\">\n\t\t\t\t\t\t\t\t\t<p><span style=\"font-weight: 400;\">And what does Big Tech do in response?<\/span><\/p>\t\t\t\t\t\t\t\t<\/div>\n\t\t\t\t<\/div>\n\t\t\t\t<div class=\"elementor-element elementor-element-52f28bc7 elementor-widget elementor-widget-text-editor\" data-id=\"52f28bc7\" data-element_type=\"widget\" data-e-type=\"widget\" data-widget_type=\"text-editor.default\">\n\t\t\t\t<div class=\"elementor-widget-container\">\n\t\t\t\t\t\t\t\t\t<p><span style=\"font-weight: 400;\">Google and Apple pull Parler from their app stores, citing violent content. Amazon terminates its hosting agreement for the app. The notice period? 24 hours. Ruthless.<\/span><\/p>\t\t\t\t\t\t\t\t<\/div>\n\t\t\t\t<\/div>\n\t\t\t\t<div class=\"elementor-element elementor-element-a5e02e08 elementor-widget elementor-widget-text-editor\" data-id=\"a5e02e08\" data-element_type=\"widget\" data-e-type=\"widget\" data-widget_type=\"text-editor.default\">\n\t\t\t\t<div class=\"elementor-widget-container\">\n\t\t\t\t\t\t\t\t\t<p><span style=\"font-weight: 400;\">The polarization that social media feeds on (this mechanism was brilliantly laid out in the Netflix documentary <span style=\"color: #1818de;\"><a style=\"color: #0000ff\" href=\"https:\/\/www.imdb.com\/title\/tt11464826\/?ref_=nv_sr_srsg_0\" target=\"_blank\" rel=\"noopener nofollow\">The Social Dilemma<\/a>)<\/span> has cranked political conflict up to levels I have never seen before. And it has triggered a real exodus of users from the dominant platforms to alternatives like <span style=\"color: #1818de;\"><a style=\"color: #0000ff\" href=\"https:\/\/parler.com\/\" target=\"_blank\" rel=\"noopener nofollow\">Parler<\/a><\/span>, <span style=\"color: #1818de;\"><a style=\"color: #0000ff\" href=\"https:\/\/www.minds.com\/\" target=\"_blank\" rel=\"noopener nofollow\">Minds.com<\/a><\/span>, <span style=\"color: #1818de;\"><a style=\"color: #0000ff\" href=\"https:\/\/signal.org\/pl\/\" target=\"_blank\" rel=\"noopener nofollow\">Signal<\/a><\/span>, and <span style=\"color: #1818de;\"><a style=\"color: #0000ff\" href=\"https:\/\/telegram.org\/\" target=\"_blank\" rel=\"noopener nofollow\">Telegram<\/a><\/span>.<\/span><\/p>\t\t\t\t\t\t\t\t<\/div>\n\t\t\t\t<\/div>\n\t\t\t\t<div class=\"elementor-element elementor-element-bb0cb653 elementor-widget elementor-widget-text-editor\" data-id=\"bb0cb653\" data-element_type=\"widget\" data-e-type=\"widget\" data-widget_type=\"text-editor.default\">\n\t\t\t\t<div class=\"elementor-widget-container\">\n\t\t\t\t\t\t\t\t\t<p><span style=\"font-weight: 400;\">What is happening right now is a clear signal that there is real demand for alternative platforms. This could trigger something that seemed almost impossible just a few years ago &#8212; the dominance of Twitter, Facebook, and Google actually slowing down, and eventually, cracking.<\/span><\/p>\t\t\t\t\t\t\t\t<\/div>\n\t\t\t\t<\/div>\n\t\t\t\t<div class=\"elementor-element elementor-element-614240bc elementor-widget elementor-widget-text-editor\" data-id=\"614240bc\" data-element_type=\"widget\" data-e-type=\"widget\" data-widget_type=\"text-editor.default\">\n\t\t\t\t<div class=\"elementor-widget-container\">\n\t\t\t\t\t\t\t\t\t<p><span style=\"font-weight: 400;\">One more thing. I came across this observation while researching the topic:<\/span><\/p>\t\t\t\t\t\t\t\t<\/div>\n\t\t\t\t<\/div>\n\t\t\t\t<div class=\"elementor-element elementor-element-2fad4546 elementor-widget elementor-widget-image\" data-id=\"2fad4546\" data-element_type=\"widget\" data-e-type=\"widget\" data-widget_type=\"image.default\">\n\t\t\t\t<div class=\"elementor-widget-container\">\n\t\t\t\t\t\t\t\t\t\t\t\t\t\t\t\t<a href=\"https:\/\/elementapp.ai\/blog\/wp-content\/uploads\/2021\/01\/komentarz.jpg\" data-elementor-open-lightbox=\"yes\" data-elementor-lightbox-title=\"komentarz\" data-elementor-lightbox-description=\"Komentarz do usuni\u0119cia konta Trumpa z FB i TT\" data-e-action-hash=\"#elementor-action%3Aaction%3Dlightbox%26settings%3DeyJpZCI6MzYyMSwidXJsIjoiaHR0cHM6XC9cL2VsZW1lbnRhcHAuYWlcL2Jsb2dcL3dwLWNvbnRlbnRcL3VwbG9hZHNcLzIwMjFcLzAxXC9rb21lbnRhcnouanBnIn0%3D\">\n\t\t\t\t\t\t\t<img decoding=\"async\" width=\"768\" height=\"619\" src=\"https:\/\/elementapp.ai\/blog\/wp-content\/uploads\/2021\/01\/komentarz-768x619.jpg\" class=\"attachment-medium_large size-medium_large wp-image-3621\" alt=\"\" srcset=\"https:\/\/elementapp.ai\/blog\/wp-content\/uploads\/2021\/01\/komentarz-768x619.jpg 768w, https:\/\/elementapp.ai\/blog\/wp-content\/uploads\/2021\/01\/komentarz-300x242.jpg 300w, https:\/\/elementapp.ai\/blog\/wp-content\/uploads\/2021\/01\/komentarz.jpg 829w\" sizes=\"(max-width: 768px) 100vw, 768px\" \/>\t\t\t\t\t\t\t\t<\/a>\n\t\t\t\t\t\t\t\t\t\t\t\t\t\t\t<\/div>\n\t\t\t\t<\/div>\n\t\t\t\t<div class=\"elementor-element elementor-element-fb3135f2 elementor-widget elementor-widget-text-editor\" data-id=\"fb3135f2\" data-element_type=\"widget\" data-e-type=\"widget\" data-widget_type=\"text-editor.default\">\n\t\t\t\t<div class=\"elementor-widget-container\">\n\t\t\t\t\t\t\t\t\t<p>I agree with the general point: politicians are dangerously dependent on Twitter and Facebook. But I have two issues with this take.<\/p>\t\t\t\t\t\t\t\t<\/div>\n\t\t\t\t<\/div>\n\t\t\t\t<div class=\"elementor-element elementor-element-ba932577 elementor-widget elementor-widget-text-editor\" data-id=\"ba932577\" data-element_type=\"widget\" data-e-type=\"widget\" data-widget_type=\"text-editor.default\">\n\t\t\t\t<div class=\"elementor-widget-container\">\n\t\t\t\t\t\t\t\t\t<p>First, I disagree that people will not go where there is freedom of speech. They already are. Right now, conservatives are actively searching for new platforms, and the explosion in Parler and Signal downloads is direct proof.<\/p>\t\t\t\t\t\t\t\t<\/div>\n\t\t\t\t<\/div>\n\t\t\t\t<div class=\"elementor-element elementor-element-cd63453b elementor-widget elementor-widget-text-editor\" data-id=\"cd63453b\" data-element_type=\"widget\" data-e-type=\"widget\" data-widget_type=\"text-editor.default\">\n\t\t\t\t<div class=\"elementor-widget-container\">\n\t\t\t\t\t\t\t\t\t<p>Second, I do not think nationalizing Twitter or Facebook is realistic. What I do think is realistic? Legal restrictions on censorship. That feels much closer to actually happening.<\/p>\t\t\t\t\t\t\t\t<\/div>\n\t\t\t\t<\/div>\n\t\t\t\t<div class=\"elementor-element elementor-element-c4b741de elementor-widget elementor-widget-text-editor\" data-id=\"c4b741de\" data-element_type=\"widget\" data-e-type=\"widget\" data-widget_type=\"text-editor.default\">\n\t\t\t\t<div class=\"elementor-widget-container\">\n\t\t\t\t\t\t\t\t\t<p>To wrap up &#8212; I cannot stop watching this unfold. But I am worried, too. There are voices in the US calling for companies and individuals to be denied services based on their political or social views. I would really not want Google &#8212; whose services are the infrastructure behind our <span style=\"color: #0000ff;\"><a style=\"color: #0000ff\" href=\"https:\/\/elementapp.ai\" target=\"_blank\" rel=\"noopener\">recruitment system<\/a><\/span> &#8212; to come to us one day with an ultimatum to drop a client because that client&#8217;s business conflicts with some political stance. In Poland, this sounds absurd. But in the US, &#8220;<span style=\"color: #0000ff;\"><a style=\"color: #0000ff\" href=\"https:\/\/en.wikipedia.org\/wiki\/Cancel_culture\" target=\"_blank\" rel=\"noopener nofollow\">cancel culture<\/a><\/span>&#8221; is already very real.<\/p>\t\t\t\t\t\t\t\t<\/div>\n\t\t\t\t<\/div>\n\t\t\t\t<div class=\"elementor-element elementor-element-fbec89b0 elementor-widget elementor-widget-text-editor\" data-id=\"fbec89b0\" data-element_type=\"widget\" data-e-type=\"widget\" data-widget_type=\"text-editor.default\">\n\t\t\t\t<div class=\"elementor-widget-container\">\n\t\t\t\t\t\t\t\t\t<p>Read more about <a href=\"https:\/\/elementapp.ai\/wszystko-o-ats\" target=\"_blank\" rel=\"noopener\" style=\"color: #0000ff\">ATS<\/a> and <a href=\"https:\/\/elementapp.ai\/wszystko-o-ats\" target=\"_blank\" rel=\"noopener\" style=\"color: #0000ff\">Element<\/a> here.<\/p>\t\t\t\t\t\t\t\t<\/div>\n\t\t\t\t<\/div>\n\t\t\t\t<div class=\"elementor-element elementor-element-b7adfc0 elementor-cta--layout-image-right elementor-cta--skin-classic elementor-animated-content elementor-bg-transform elementor-bg-transform-zoom-in elementor-widget elementor-widget-global elementor-global-2896 elementor-widget-call-to-action\" data-id=\"b7adfc0\" data-element_type=\"widget\" data-e-type=\"widget\" data-widget_type=\"call-to-action.default\">\n\t\t\t\t<div class=\"elementor-widget-container\">\n\t\t\t\t\t\t\t<div class=\"elementor-cta\">\n\t\t\t\t\t\t\t<div class=\"elementor-cta__content\">\n\t\t\t\t\n\t\t\t\t\t\t\t\t\t<h2 class=\"elementor-cta__title elementor-cta__content-item elementor-content-item\">\n\t\t\t\t\t\tDISCOVER ELEMENT!\t\t\t\t\t<\/h2>\n\t\t\t\t\n\t\t\t\t\t\t\t\t\t<div class=\"elementor-cta__description elementor-cta__content-item elementor-content-item\">\n\t\t\t\t\t\tFast, agile and user-friendly ATS created by recruiters for recruiters\t\t\t\t\t<\/div>\n\t\t\t\t\n\t\t\t\t\t\t\t\t\t<div class=\"elementor-cta__button-wrapper elementor-cta__content-item elementor-content-item \">\n\t\t\t\t\t<a class=\"elementor-cta__button elementor-button elementor-size-\" href=\"https:\/\/elementapp.ai\/eng\/#schedule-demo\">\n\t\t\t\t\t\tSCHEDULE A DEMO\t\t\t\t\t<\/a>\n\t\t\t\t\t<\/div>\n\t\t\t\t\t\t\t<\/div>\n\t\t\t\t\t\t<\/div>\n\t\t\t\t\t\t<\/div>\n\t\t\t\t<\/div>\n\t\t\t\t<div class=\"elementor-element elementor-element-bee359d elementor-author-box--image-valign-middle elementor-author-box--layout-image-left elementor-widget elementor-widget-author-box\" data-id=\"bee359d\" data-element_type=\"widget\" data-e-type=\"widget\" data-widget_type=\"author-box.default\">\n\t\t\t\t<div class=\"elementor-widget-container\">\n\t\t\t\t\t\t\t<div class=\"elementor-author-box\">\n\t\t\t\t\t\t\t<a href=\"https:\/\/www.linkedin.com\/in\/maciejmichalewski\/\" class=\"elementor-author-box__avatar\">\n\t\t\t\t\t<img decoding=\"async\" src=\"https:\/\/elementapp.ai\/blog\/wp-content\/uploads\/2020\/01\/profile-photo.jpg\" alt=\"Picture of Maciej Michalewski\" loading=\"lazy\">\n\t\t\t\t<\/a>\n\t\t\t\n\t\t\t<div class=\"elementor-author-box__text\">\n\t\t\t\t\t\t\t\t\t<a href=\"https:\/\/www.linkedin.com\/in\/maciejmichalewski\/\">\n\t\t\t\t\t\t<h4 class=\"elementor-author-box__name\">\n\t\t\t\t\t\t\tMaciej Michalewski\t\t\t\t\t\t<\/h4>\n\t\t\t\t\t<\/a>\n\t\t\t\t\n\t\t\t\t\t\t\t\t\t<div class=\"elementor-author-box__bio\">\n\t\t\t\t\t\t<p>CEO @ Element. Recruitment Automation Software<\/p>\n\t\t\t\t\t<\/div>\n\t\t\t\t\n\t\t\t\t\t\t\t<\/div>\n\t\t<\/div>\n\t\t\t\t\t\t<\/div>\n\t\t\t\t<\/div>\n\t\t\t\t<div class=\"elementor-element elementor-element-4b5fd11 elementor-widget-divider--view-line elementor-widget elementor-widget-divider\" data-id=\"4b5fd11\" data-element_type=\"widget\" data-e-type=\"widget\" data-widget_type=\"divider.default\">\n\t\t\t\t<div class=\"elementor-widget-container\">\n\t\t\t\t\t\t\t<div class=\"elementor-divider\">\n\t\t\t<span class=\"elementor-divider-separator\">\n\t\t\t\t\t\t<\/span>\n\t\t<\/div>\n\t\t\t\t\t\t<\/div>\n\t\t\t\t<\/div>\n\t\t\t\t<div class=\"elementor-element elementor-element-1be8569 elementor-share-buttons--view-icon-text elementor-share-buttons--skin-gradient elementor-share-buttons--shape-square elementor-grid-0 elementor-share-buttons--color-official elementor-widget elementor-widget-share-buttons\" data-id=\"1be8569\" data-element_type=\"widget\" data-e-type=\"widget\" data-widget_type=\"share-buttons.default\">\n\t\t\t\t<div class=\"elementor-widget-container\">\n\t\t\t\t\t\t\t<div class=\"elementor-grid\" role=\"list\">\n\t\t\t\t\t\t\t\t<div class=\"elementor-grid-item\" role=\"listitem\">\n\t\t\t\t\t\t<div class=\"elementor-share-btn elementor-share-btn_facebook\" role=\"button\" tabindex=\"0\" aria-label=\"Share on facebook\">\n\t\t\t\t\t\t\t\t\t\t\t\t\t\t\t<span class=\"elementor-share-btn__icon\">\n\t\t\t\t\t\t\t\t<i class=\"fab fa-facebook\" aria-hidden=\"true\"><\/i>\t\t\t\t\t\t\t<\/span>\n\t\t\t\t\t\t\t\t\t\t\t\t\t\t\t\t\t\t\t\t\t\t<div class=\"elementor-share-btn__text\">\n\t\t\t\t\t\t\t\t\t\t\t\t\t\t\t\t\t\t\t<span class=\"elementor-share-btn__title\">\n\t\t\t\t\t\t\t\t\t\tFacebook\t\t\t\t\t\t\t\t\t<\/span>\n\t\t\t\t\t\t\t\t\t\t\t\t\t\t\t\t\t<\/div>\n\t\t\t\t\t\t\t\t\t\t\t\t\t<\/div>\n\t\t\t\t\t<\/div>\n\t\t\t\t\t\t\t\t\t<div class=\"elementor-grid-item\" role=\"listitem\">\n\t\t\t\t\t\t<div class=\"elementor-share-btn elementor-share-btn_twitter\" role=\"button\" tabindex=\"0\" aria-label=\"Share on twitter\">\n\t\t\t\t\t\t\t\t\t\t\t\t\t\t\t<span class=\"elementor-share-btn__icon\">\n\t\t\t\t\t\t\t\t<i class=\"fab fa-twitter\" aria-hidden=\"true\"><\/i>\t\t\t\t\t\t\t<\/span>\n\t\t\t\t\t\t\t\t\t\t\t\t\t\t\t\t\t\t\t\t\t\t<div class=\"elementor-share-btn__text\">\n\t\t\t\t\t\t\t\t\t\t\t\t\t\t\t\t\t\t\t<span class=\"elementor-share-btn__title\">\n\t\t\t\t\t\t\t\t\t\tTwitter\t\t\t\t\t\t\t\t\t<\/span>\n\t\t\t\t\t\t\t\t\t\t\t\t\t\t\t\t\t<\/div>\n\t\t\t\t\t\t\t\t\t\t\t\t\t<\/div>\n\t\t\t\t\t<\/div>\n\t\t\t\t\t\t\t\t\t<div class=\"elementor-grid-item\" role=\"listitem\">\n\t\t\t\t\t\t<div class=\"elementor-share-btn elementor-share-btn_linkedin\" role=\"button\" tabindex=\"0\" aria-label=\"Share on linkedin\">\n\t\t\t\t\t\t\t\t\t\t\t\t\t\t\t<span class=\"elementor-share-btn__icon\">\n\t\t\t\t\t\t\t\t<i class=\"fab fa-linkedin\" aria-hidden=\"true\"><\/i>\t\t\t\t\t\t\t<\/span>\n\t\t\t\t\t\t\t\t\t\t\t\t\t\t\t\t\t\t\t\t\t\t<div class=\"elementor-share-btn__text\">\n\t\t\t\t\t\t\t\t\t\t\t\t\t\t\t\t\t\t\t<span class=\"elementor-share-btn__title\">\n\t\t\t\t\t\t\t\t\t\tLinkedIn\t\t\t\t\t\t\t\t\t<\/span>\n\t\t\t\t\t\t\t\t\t\t\t\t\t\t\t\t\t<\/div>\n\t\t\t\t\t\t\t\t\t\t\t\t\t<\/div>\n\t\t\t\t\t<\/div>\n\t\t\t\t\t\t<\/div>\n\t\t\t\t\t\t<\/div>\n\t\t\t\t<\/div>\n\t\t\t\t\t<\/div>\n\t\t<\/div>\n\t\t\t\t<div class=\"elementor-column elementor-col-33 elementor-top-column elementor-element elementor-element-31924be4\" data-id=\"31924be4\" data-element_type=\"column\" data-e-type=\"column\">\n\t\t\t<div class=\"elementor-widget-wrap elementor-element-populated\">\n\t\t\t\t\t\t<div class=\"elementor-element elementor-element-6e36edc9 elementor-widget elementor-widget-heading\" data-id=\"6e36edc9\" data-element_type=\"widget\" data-e-type=\"widget\" data-widget_type=\"heading.default\">\n\t\t\t\t<div class=\"elementor-widget-container\">\n\t\t\t\t\t<h3 class=\"elementor-heading-title elementor-size-default\">Recent posts:<\/h3>\t\t\t\t<\/div>\n\t\t\t\t<\/div>\n\t\t\t\t<div class=\"elementor-element elementor-element-3d998dab elementor-grid-1 elementor-grid-tablet-1 elementor-grid-mobile-1 elementor-posts--thumbnail-top elementor-widget elementor-widget-posts\" data-id=\"3d998dab\" data-element_type=\"widget\" data-e-type=\"widget\" data-settings=\"{&quot;classic_columns&quot;:&quot;1&quot;,&quot;classic_columns_tablet&quot;:&quot;1&quot;,&quot;classic_row_gap&quot;:{&quot;unit&quot;:&quot;px&quot;,&quot;size&quot;:26,&quot;sizes&quot;:[]},&quot;classic_columns_mobile&quot;:&quot;1&quot;,&quot;classic_row_gap_tablet&quot;:{&quot;unit&quot;:&quot;px&quot;,&quot;size&quot;:&quot;&quot;,&quot;sizes&quot;:[]},&quot;classic_row_gap_mobile&quot;:{&quot;unit&quot;:&quot;px&quot;,&quot;size&quot;:&quot;&quot;,&quot;sizes&quot;:[]}}\" data-widget_type=\"posts.classic\">\n\t\t\t\t<div class=\"elementor-widget-container\">\n\t\t\t\t\t\t\t<div class=\"elementor-posts-container elementor-posts elementor-posts--skin-classic elementor-grid\" role=\"list\">\n\t\t\t\t<article class=\"elementor-post elementor-grid-item post-14150 post type-post status-publish format-standard has-post-thumbnail hentry category-english-posts\" role=\"listitem\">\n\t\t\t\t<a class=\"elementor-post__thumbnail__link\" href=\"https:\/\/elementapp.ai\/blog\/the-great-reorg-companies-rebuilding-around-ai\/\" tabindex=\"-1\" >\n\t\t\t<div class=\"elementor-post__thumbnail\"><img loading=\"lazy\" decoding=\"async\" width=\"300\" height=\"164\" src=\"https:\/\/elementapp.ai\/blog\/wp-content\/uploads\/2026\/04\/hero-great-reorg-en-300x164.jpg\" class=\"attachment-medium size-medium wp-image-14148\" alt=\"\" srcset=\"https:\/\/elementapp.ai\/blog\/wp-content\/uploads\/2026\/04\/hero-great-reorg-en-300x164.jpg 300w, https:\/\/elementapp.ai\/blog\/wp-content\/uploads\/2026\/04\/hero-great-reorg-en-768x419.jpg 768w, https:\/\/elementapp.ai\/blog\/wp-content\/uploads\/2026\/04\/hero-great-reorg-en-1536x837.jpg 1536w, https:\/\/elementapp.ai\/blog\/wp-content\/uploads\/2026\/04\/hero-great-reorg-en.jpg 1600w\" sizes=\"(max-width: 300px) 100vw, 300px\" \/><\/div>\n\t\t<\/a>\n\t\t\t\t<div class=\"elementor-post__text\">\n\t\t\t\t<h3 class=\"elementor-post__title\">\n\t\t\t<a href=\"https:\/\/elementapp.ai\/blog\/the-great-reorg-companies-rebuilding-around-ai\/\" >\n\t\t\t\tThe Great Reorg: companies are rebuilding around AI\t\t\t<\/a>\n\t\t<\/h3>\n\t\t\t\t<div class=\"elementor-post__meta-data\">\n\t\t\t\t\t<span class=\"elementor-post-author\">\n\t\t\tMaciej Michalewski\t\t<\/span>\n\t\t\t\t<\/div>\n\t\t\t\t<div class=\"elementor-post__excerpt\">\n\t\t\t<p>Foundation Capital interviewed 25 companies and found that AI is not just speeding up work \u2014 it is forcing organizations to rebuild from the ground up around four human roles.<\/p>\n\t\t<\/div>\n\t\t\n\t\t<a class=\"elementor-post__read-more\" href=\"https:\/\/elementapp.ai\/blog\/the-great-reorg-companies-rebuilding-around-ai\/\" aria-label=\"Read more about The Great Reorg: companies are rebuilding around AI\" tabindex=\"-1\" >\n\t\t\tREAD MORE \u00bb\t\t<\/a>\n\n\t\t\t\t<\/div>\n\t\t\t\t<\/article>\n\t\t\t\t<article class=\"elementor-post elementor-grid-item post-14146 post type-post status-publish format-standard has-post-thumbnail hentry category-english-posts\" role=\"listitem\">\n\t\t\t\t<a class=\"elementor-post__thumbnail__link\" href=\"https:\/\/elementapp.ai\/blog\/gallup-2026-employee-engagement-managers-ai\/\" tabindex=\"-1\" >\n\t\t\t<div class=\"elementor-post__thumbnail\"><img loading=\"lazy\" decoding=\"async\" width=\"300\" height=\"164\" src=\"https:\/\/elementapp.ai\/blog\/wp-content\/uploads\/2026\/04\/hero-gallup-2026-en-300x164.jpg\" class=\"attachment-medium size-medium wp-image-14144\" alt=\"\" srcset=\"https:\/\/elementapp.ai\/blog\/wp-content\/uploads\/2026\/04\/hero-gallup-2026-en-300x164.jpg 300w, https:\/\/elementapp.ai\/blog\/wp-content\/uploads\/2026\/04\/hero-gallup-2026-en-768x419.jpg 768w, https:\/\/elementapp.ai\/blog\/wp-content\/uploads\/2026\/04\/hero-gallup-2026-en-1536x837.jpg 1536w, https:\/\/elementapp.ai\/blog\/wp-content\/uploads\/2026\/04\/hero-gallup-2026-en.jpg 1600w\" sizes=\"(max-width: 300px) 100vw, 300px\" \/><\/div>\n\t\t<\/a>\n\t\t\t\t<div class=\"elementor-post__text\">\n\t\t\t\t<h3 class=\"elementor-post__title\">\n\t\t\t<a href=\"https:\/\/elementapp.ai\/blog\/gallup-2026-employee-engagement-managers-ai\/\" >\n\t\t\t\tGallup 2026: the workplace is cracking and managers lose drive faster than the rest\t\t\t<\/a>\n\t\t<\/h3>\n\t\t\t\t<div class=\"elementor-post__meta-data\">\n\t\t\t\t\t<span class=\"elementor-post-author\">\n\t\t\tMaciej Michalewski\t\t<\/span>\n\t\t\t\t<\/div>\n\t\t\t\t<div class=\"elementor-post__excerpt\">\n\t\t\t<p>Gallup State of the Global Workplace 2026: engagement fell to 20%, managers lose drive faster than their teams, and the AI paradox is clear: personal productivity rises, organizational does not.<\/p>\n\t\t<\/div>\n\t\t\n\t\t<a class=\"elementor-post__read-more\" href=\"https:\/\/elementapp.ai\/blog\/gallup-2026-employee-engagement-managers-ai\/\" aria-label=\"Read more about Gallup 2026: the workplace is cracking and managers lose drive faster than the rest\" tabindex=\"-1\" >\n\t\t\tREAD MORE \u00bb\t\t<\/a>\n\n\t\t\t\t<\/div>\n\t\t\t\t<\/article>\n\t\t\t\t<article class=\"elementor-post elementor-grid-item post-14098 post type-post status-publish format-standard has-post-thumbnail hentry category-english-posts\" role=\"listitem\">\n\t\t\t\t<a class=\"elementor-post__thumbnail__link\" href=\"https:\/\/elementapp.ai\/blog\/physical-intelligence-automating-physical-work\/\" tabindex=\"-1\" >\n\t\t\t<div class=\"elementor-post__thumbnail\"><img loading=\"lazy\" decoding=\"async\" width=\"300\" height=\"158\" src=\"https:\/\/elementapp.ai\/blog\/wp-content\/uploads\/2026\/03\/hero_physical_ai_en-300x158.jpg\" class=\"attachment-medium size-medium wp-image-14097\" alt=\"\" srcset=\"https:\/\/elementapp.ai\/blog\/wp-content\/uploads\/2026\/03\/hero_physical_ai_en-300x158.jpg 300w, https:\/\/elementapp.ai\/blog\/wp-content\/uploads\/2026\/03\/hero_physical_ai_en-768x403.jpg 768w, https:\/\/elementapp.ai\/blog\/wp-content\/uploads\/2026\/03\/hero_physical_ai_en.jpg 1200w\" sizes=\"(max-width: 300px) 100vw, 300px\" \/><\/div>\n\t\t<\/a>\n\t\t\t\t<div class=\"elementor-post__text\">\n\t\t\t\t<h3 class=\"elementor-post__title\">\n\t\t\t<a href=\"https:\/\/elementapp.ai\/blog\/physical-intelligence-automating-physical-work\/\" >\n\t\t\t\tA Polish-founded robot that drives screws faster than humans\t\t\t<\/a>\n\t\t<\/h3>\n\t\t\t\t<div class=\"elementor-post__meta-data\">\n\t\t\t\t\t<span class=\"elementor-post-author\">\n\t\t\tMaciej Michalewski\t\t<\/span>\n\t\t\t\t<\/div>\n\t\t\t\t<div class=\"elementor-post__excerpt\">\n\t\t\t<p>A Polish-founded robot that drives screws faster than humans When people think about automation, they usually picture chatbots, image generators, and coding assistants. Meanwhile, AI<\/p>\n\t\t<\/div>\n\t\t\n\t\t<a class=\"elementor-post__read-more\" href=\"https:\/\/elementapp.ai\/blog\/physical-intelligence-automating-physical-work\/\" aria-label=\"Read more about A Polish-founded robot that drives screws faster than humans\" tabindex=\"-1\" >\n\t\t\tREAD MORE \u00bb\t\t<\/a>\n\n\t\t\t\t<\/div>\n\t\t\t\t<\/article>\n\t\t\t\t<article class=\"elementor-post elementor-grid-item post-14083 post type-post status-publish format-standard has-post-thumbnail hentry category-english-posts\" role=\"listitem\">\n\t\t\t\t<a class=\"elementor-post__thumbnail__link\" href=\"https:\/\/elementapp.ai\/blog\/people-prefer-ai-poetry-over-shakespeare\/\" tabindex=\"-1\" >\n\t\t\t<div class=\"elementor-post__thumbnail\"><img loading=\"lazy\" decoding=\"async\" width=\"300\" height=\"158\" src=\"https:\/\/elementapp.ai\/blog\/wp-content\/uploads\/2026\/03\/hero_ai_poetry_en-300x158.jpg\" class=\"attachment-medium size-medium wp-image-14092\" alt=\"\" srcset=\"https:\/\/elementapp.ai\/blog\/wp-content\/uploads\/2026\/03\/hero_ai_poetry_en-300x158.jpg 300w, https:\/\/elementapp.ai\/blog\/wp-content\/uploads\/2026\/03\/hero_ai_poetry_en-768x403.jpg 768w, https:\/\/elementapp.ai\/blog\/wp-content\/uploads\/2026\/03\/hero_ai_poetry_en.jpg 1200w\" sizes=\"(max-width: 300px) 100vw, 300px\" \/><\/div>\n\t\t<\/a>\n\t\t\t\t<div class=\"elementor-post__text\">\n\t\t\t\t<h3 class=\"elementor-post__title\">\n\t\t\t<a href=\"https:\/\/elementapp.ai\/blog\/people-prefer-ai-poetry-over-shakespeare\/\" >\n\t\t\t\tPeople prefer AI poetry over Shakespeare\t\t\t<\/a>\n\t\t<\/h3>\n\t\t\t\t<div class=\"elementor-post__meta-data\">\n\t\t\t\t\t<span class=\"elementor-post-author\">\n\t\t\tMaciej Michalewski\t\t<\/span>\n\t\t\t\t<\/div>\n\t\t\t\t<div class=\"elementor-post__excerpt\">\n\t\t\t<p>A study published in Scientific Reports (Nature) produced results that should interest anyone who thinks human creativity is easy to tell apart from machine output.<\/p>\n\t\t<\/div>\n\t\t\n\t\t<a class=\"elementor-post__read-more\" href=\"https:\/\/elementapp.ai\/blog\/people-prefer-ai-poetry-over-shakespeare\/\" aria-label=\"Read more about People prefer AI poetry over Shakespeare\" tabindex=\"-1\" >\n\t\t\tREAD MORE \u00bb\t\t<\/a>\n\n\t\t\t\t<\/div>\n\t\t\t\t<\/article>\n\t\t\t\t<article class=\"elementor-post elementor-grid-item post-14078 post type-post status-publish format-standard has-post-thumbnail hentry category-english-posts\" role=\"listitem\">\n\t\t\t\t<a class=\"elementor-post__thumbnail__link\" href=\"https:\/\/elementapp.ai\/blog\/tools-monitoring-ai-impact-on-job-market\/\" tabindex=\"-1\" >\n\t\t\t<div class=\"elementor-post__thumbnail\"><img loading=\"lazy\" decoding=\"async\" width=\"300\" height=\"158\" src=\"https:\/\/elementapp.ai\/blog\/wp-content\/uploads\/2026\/03\/hero_ai_job_tools-300x158.jpg\" class=\"attachment-medium size-medium wp-image-14073\" alt=\"\" srcset=\"https:\/\/elementapp.ai\/blog\/wp-content\/uploads\/2026\/03\/hero_ai_job_tools-300x158.jpg 300w, https:\/\/elementapp.ai\/blog\/wp-content\/uploads\/2026\/03\/hero_ai_job_tools-768x403.jpg 768w, https:\/\/elementapp.ai\/blog\/wp-content\/uploads\/2026\/03\/hero_ai_job_tools.jpg 1200w\" sizes=\"(max-width: 300px) 100vw, 300px\" \/><\/div>\n\t\t<\/a>\n\t\t\t\t<div class=\"elementor-post__text\">\n\t\t\t\t<h3 class=\"elementor-post__title\">\n\t\t\t<a href=\"https:\/\/elementapp.ai\/blog\/tools-monitoring-ai-impact-on-job-market\/\" >\n\t\t\t\tThree tools that measure AI&#8217;s impact on the job market\t\t\t<\/a>\n\t\t<\/h3>\n\t\t\t\t<div class=\"elementor-post__meta-data\">\n\t\t\t\t\t<span class=\"elementor-post-author\">\n\t\t\tMaciej Michalewski\t\t<\/span>\n\t\t\t\t<\/div>\n\t\t\t\t<div class=\"elementor-post__excerpt\">\n\t\t\t<p>The debate about AI&#8217;s impact on the job market has been going on for years, but it only recently moved past the &#8220;experts predict&#8221; stage.<\/p>\n\t\t<\/div>\n\t\t\n\t\t<a class=\"elementor-post__read-more\" href=\"https:\/\/elementapp.ai\/blog\/tools-monitoring-ai-impact-on-job-market\/\" aria-label=\"Read more about Three tools that measure AI&#8217;s impact on the job market\" tabindex=\"-1\" >\n\t\t\tREAD MORE \u00bb\t\t<\/a>\n\n\t\t\t\t<\/div>\n\t\t\t\t<\/article>\n\t\t\t\t<article class=\"elementor-post elementor-grid-item post-14057 post type-post status-publish format-standard has-post-thumbnail hentry category-english-posts\" role=\"listitem\">\n\t\t\t\t<a class=\"elementor-post__thumbnail__link\" href=\"https:\/\/elementapp.ai\/blog\/poland-job-market-february-2026-grant-thornton-report\/\" tabindex=\"-1\" >\n\t\t\t<div class=\"elementor-post__thumbnail\"><img loading=\"lazy\" decoding=\"async\" width=\"300\" height=\"158\" src=\"https:\/\/elementapp.ai\/blog\/wp-content\/uploads\/2026\/03\/hero-gt-feb-2026-en-300x158.jpg\" class=\"attachment-medium size-medium wp-image-14056\" alt=\"\" srcset=\"https:\/\/elementapp.ai\/blog\/wp-content\/uploads\/2026\/03\/hero-gt-feb-2026-en-300x158.jpg 300w, https:\/\/elementapp.ai\/blog\/wp-content\/uploads\/2026\/03\/hero-gt-feb-2026-en-768x403.jpg 768w, https:\/\/elementapp.ai\/blog\/wp-content\/uploads\/2026\/03\/hero-gt-feb-2026-en.jpg 1200w\" sizes=\"(max-width: 300px) 100vw, 300px\" \/><\/div>\n\t\t<\/a>\n\t\t\t\t<div class=\"elementor-post__text\">\n\t\t\t\t<h3 class=\"elementor-post__title\">\n\t\t\t<a href=\"https:\/\/elementapp.ai\/blog\/poland-job-market-february-2026-grant-thornton-report\/\" >\n\t\t\t\tPoland&#8217;s job market: 238,000 offers and the specter of jobless recovery\t\t\t<\/a>\n\t\t<\/h3>\n\t\t\t\t<div class=\"elementor-post__meta-data\">\n\t\t\t\t\t<span class=\"elementor-post-author\">\n\t\t\tMaciej Michalewski\t\t<\/span>\n\t\t\t\t<\/div>\n\t\t\t\t<div class=\"elementor-post__excerpt\">\n\t\t\t<p>In February 2026, Polish employers posted 238,000 job offers \u2013 7% fewer than last year. Analysis of the Grant Thornton report and Element CEO commentary.<\/p>\n\t\t<\/div>\n\t\t\n\t\t<a class=\"elementor-post__read-more\" href=\"https:\/\/elementapp.ai\/blog\/poland-job-market-february-2026-grant-thornton-report\/\" aria-label=\"Read more about Poland&#8217;s job market: 238,000 offers and the specter of jobless recovery\" tabindex=\"-1\" >\n\t\t\tREAD MORE \u00bb\t\t<\/a>\n\n\t\t\t\t<\/div>\n\t\t\t\t<\/article>\n\t\t\t\t<\/div>\n\t\t\n\t\t\t\t\t\t<\/div>\n\t\t\t\t<\/div>\n\t\t\t\t\t<\/div>\n\t\t<\/div>\n\t\t\t\t\t<\/div>\n\t\t<\/section>\n\t\t\t\t<\/div>\n\t\t","protected":false},"excerpt":{"rendered":"<p>Big Tech and politics: what the Capitol events mean for social networks I am a technology person &#8212; the most obvious proof being Element. But the recent events in the US and their collision with technology, specifically social networks, are so wild that I had to write about them. Fair warning: this article has nothing &hellip;<\/p>\n<p class=\"read-more\"> <a class=\"\" href=\"https:\/\/elementapp.ai\/blog\/poland-job-market-february-2026-grant-thornton-report\/\"> <span class=\"screen-reader-text\">Poland&#8217;s job market: 238,000 offers and the specter of jobless recovery<\/span> Read More &raquo;<\/a><\/p>\n","protected":false},"author":1,"featured_media":13707,"comment_status":"open","ping_status":"open","sticky":false,"template":"","format":"standard","meta":{"_acf_changed":false,"_yoast_wpseo_focuskw":"Big Tech politics social networks","_yoast_wpseo_title":"Big Tech and politics: Trump bans, Parler, what comes next","_yoast_wpseo_metadesc":"Twitter banned Trump. Facebook followed. Parler and Signal surged. Then Apple, Google, and Amazon pulled the rug from under Parler. What happened next.","_yoast_wpseo_opengraph-title":"Big Tech and politics: Trump bans, Parler, what comes next","_yoast_wpseo_opengraph-description":"Twitter banned Trump. Facebook followed. Parler and Signal surged. Then Apple, Google, and Amazon pulled the rug from under Parler. What happened next.","_yoast_wpseo_opengraph-image":"https:\/\/elementapp.ai\/blog\/wp-content\/uploads\/2026\/02\/hero_3533.jpg","_yoast_wpseo_opengraph-image-id":13707,"_yoast_wpseo_twitter-title":"Big Tech and politics: Trump bans, Parler, what comes next","_yoast_wpseo_twitter-description":"Twitter banned Trump. Facebook followed. Parler and Signal surged. Then Apple, Google, and Amazon pulled the rug from under Parler. What happened next.","_yoast_wpseo_twitter-image":"https:\/\/elementapp.ai\/blog\/wp-content\/uploads\/2026\/02\/hero_3533.jpg","_yoast_wpseo_twitter-image-id":13707,"inline_featured_image":false,"site-sidebar-layout":"default","site-content-layout":"default","ast-global-header-display":"","ast-main-header-display":"","ast-hfb-above-header-display":"","ast-hfb-below-header-display":"","ast-hfb-mobile-header-display":"","site-post-title":"","ast-breadcrumbs-content":"","ast-featured-img":"","footer-sml-layout":"","theme-transparent-header-meta":"","adv-header-id-meta":"","stick-header-meta":"","header-above-stick-meta":"","header-main-stick-meta":"","header-below-stick-meta":"","footnotes":""},"categories":[297],"tags":[],"class_list":["post-13716","post","type-post","status-publish","format-standard","has-post-thumbnail","hentry","category-english-posts"],"acf":[],"yoast_head":"<!-- This site is optimized with the Yoast SEO Premium plugin v27.4 (Yoast SEO v27.4) - https:\/\/yoast.com\/product\/yoast-seo-premium-wordpress\/ -->\n<title>Big Tech and politics: Trump bans, Parler, what comes next<\/title>\n<meta name=\"description\" content=\"Twitter banned Trump. Facebook followed. Parler and Signal surged. Then Apple, Google, and Amazon pulled the rug from under Parler. What happened next.\" \/>\n<meta name=\"robots\" content=\"index, follow, max-snippet:-1, max-image-preview:large, max-video-preview:-1\" \/>\n<link rel=\"canonical\" href=\"https:\/\/elementapp.ai\/blog\/big-tech-politics-capitol-social-networks\/\" \/>\n<meta property=\"og:locale\" content=\"pl_PL\" \/>\n<meta property=\"og:type\" content=\"article\" \/>\n<meta property=\"og:title\" content=\"Big Tech and politics: Trump bans, Parler, what comes next\" \/>\n<meta property=\"og:description\" content=\"Twitter banned Trump. Facebook followed. Parler and Signal surged. Then Apple, Google, and Amazon pulled the rug from under Parler. What happened next.\" \/>\n<meta property=\"og:url\" content=\"https:\/\/elementapp.ai\/blog\/big-tech-politics-capitol-social-networks\/\" \/>\n<meta property=\"og:site_name\" content=\"Element&#039;s Blog - nowo\u015bci ze \u015bwiata rekrutacji, HR Tech i Element\" \/>\n<meta property=\"article:publisher\" content=\"https:\/\/www.facebook.com\/elementappats\" \/>\n<meta property=\"article:author\" content=\"https:\/\/www.facebook.com\/elementappats\/\" \/>\n<meta property=\"article:published_time\" content=\"2021-01-10T09:00:00+00:00\" \/>\n<meta property=\"article:modified_time\" content=\"2026-03-01T09:16:48+00:00\" \/>\n<meta property=\"og:image\" content=\"https:\/\/elementapp.ai\/blog\/wp-content\/uploads\/2026\/02\/hero_3533.jpg\" \/>\n\t<meta property=\"og:image:width\" content=\"1200\" \/>\n\t<meta property=\"og:image:height\" content=\"630\" \/>\n\t<meta property=\"og:image:type\" content=\"image\/jpeg\" \/>\n<meta name=\"author\" content=\"Maciej Michalewski\" \/>\n<meta name=\"twitter:card\" content=\"summary_large_image\" \/>\n<meta name=\"twitter:title\" content=\"Big Tech and politics: Trump bans, Parler, what comes next\" \/>\n<meta name=\"twitter:description\" content=\"Twitter banned Trump. Facebook followed. Parler and Signal surged. Then Apple, Google, and Amazon pulled the rug from under Parler. What happened next.\" \/>\n<meta name=\"twitter:image\" content=\"https:\/\/elementapp.ai\/blog\/wp-content\/uploads\/2026\/02\/hero_3533.jpg\" \/>\n<meta name=\"twitter:label1\" content=\"Napisane przez\" \/>\n\t<meta name=\"twitter:data1\" content=\"Maciej Michalewski\" \/>\n\t<meta name=\"twitter:label2\" content=\"Szacowany czas czytania\" \/>\n\t<meta name=\"twitter:data2\" content=\"3 minuty\" \/>\n<!-- \/ Yoast SEO Premium plugin. -->","yoast_head_json":{"title":"Big Tech and politics: Trump bans, Parler, what comes next","description":"Twitter banned Trump. Facebook followed. Parler and Signal surged. Then Apple, Google, and Amazon pulled the rug from under Parler. What happened next.","robots":{"index":"index","follow":"follow","max-snippet":"max-snippet:-1","max-image-preview":"max-image-preview:large","max-video-preview":"max-video-preview:-1"},"canonical":"https:\/\/elementapp.ai\/blog\/big-tech-politics-capitol-social-networks\/","og_locale":"pl_PL","og_type":"article","og_title":"Big Tech and politics: Trump bans, Parler, what comes next","og_description":"Twitter banned Trump. Facebook followed. Parler and Signal surged. Then Apple, Google, and Amazon pulled the rug from under Parler. What happened next.","og_url":"https:\/\/elementapp.ai\/blog\/big-tech-politics-capitol-social-networks\/","og_site_name":"Element&#039;s Blog - nowo\u015bci ze \u015bwiata rekrutacji, HR Tech i Element","article_publisher":"https:\/\/www.facebook.com\/elementappats","article_author":"https:\/\/www.facebook.com\/elementappats\/","article_published_time":"2021-01-10T09:00:00+00:00","article_modified_time":"2026-03-01T09:16:48+00:00","og_image":[{"width":1200,"height":630,"url":"https:\/\/elementapp.ai\/blog\/wp-content\/uploads\/2026\/02\/hero_3533.jpg","type":"image\/jpeg"}],"author":"Maciej Michalewski","twitter_card":"summary_large_image","twitter_title":"Big Tech and politics: Trump bans, Parler, what comes next","twitter_description":"Twitter banned Trump. Facebook followed. Parler and Signal surged. Then Apple, Google, and Amazon pulled the rug from under Parler. What happened next.","twitter_image":"https:\/\/elementapp.ai\/blog\/wp-content\/uploads\/2026\/02\/hero_3533.jpg","twitter_misc":{"Napisane przez":"Maciej Michalewski","Szacowany czas czytania":"3 minuty"},"schema":{"@context":"https:\/\/schema.org","@graph":[{"@type":"Article","@id":"https:\/\/elementapp.ai\/blog\/big-tech-politics-capitol-social-networks\/#article","isPartOf":{"@id":"https:\/\/elementapp.ai\/blog\/big-tech-politics-capitol-social-networks\/"},"author":{"name":"Maciej Michalewski","@id":"https:\/\/elementapp.ai\/blog\/#\/schema\/person\/02f4e59e019634b9e2fb09c00bf93f1e"},"headline":"Big Tech and politics: what the Capitol events mean for social networks","datePublished":"2021-01-10T09:00:00+00:00","dateModified":"2026-03-01T09:16:48+00:00","mainEntityOfPage":{"@id":"https:\/\/elementapp.ai\/blog\/big-tech-politics-capitol-social-networks\/"},"wordCount":712,"commentCount":0,"publisher":{"@id":"https:\/\/elementapp.ai\/blog\/#organization"},"image":{"@id":"https:\/\/elementapp.ai\/blog\/big-tech-politics-capitol-social-networks\/#primaryimage"},"thumbnailUrl":"https:\/\/elementapp.ai\/blog\/wp-content\/uploads\/2026\/02\/hero_3533.jpg","articleSection":["English-posts"],"inLanguage":"pl-PL","potentialAction":[{"@type":"CommentAction","name":"Comment","target":["https:\/\/elementapp.ai\/blog\/big-tech-politics-capitol-social-networks\/#respond"]}]},{"@type":"WebPage","@id":"https:\/\/elementapp.ai\/blog\/big-tech-politics-capitol-social-networks\/","url":"https:\/\/elementapp.ai\/blog\/big-tech-politics-capitol-social-networks\/","name":"Big Tech and politics: Trump bans, Parler, what comes next","isPartOf":{"@id":"https:\/\/elementapp.ai\/blog\/#website"},"primaryImageOfPage":{"@id":"https:\/\/elementapp.ai\/blog\/big-tech-politics-capitol-social-networks\/#primaryimage"},"image":{"@id":"https:\/\/elementapp.ai\/blog\/big-tech-politics-capitol-social-networks\/#primaryimage"},"thumbnailUrl":"https:\/\/elementapp.ai\/blog\/wp-content\/uploads\/2026\/02\/hero_3533.jpg","datePublished":"2021-01-10T09:00:00+00:00","dateModified":"2026-03-01T09:16:48+00:00","description":"Twitter banned Trump. Facebook followed. Parler and Signal surged. Then Apple, Google, and Amazon pulled the rug from under Parler. What happened next.","breadcrumb":{"@id":"https:\/\/elementapp.ai\/blog\/big-tech-politics-capitol-social-networks\/#breadcrumb"},"inLanguage":"pl-PL","potentialAction":[{"@type":"ReadAction","target":["https:\/\/elementapp.ai\/blog\/big-tech-politics-capitol-social-networks\/"]}]},{"@type":"ImageObject","inLanguage":"pl-PL","@id":"https:\/\/elementapp.ai\/blog\/big-tech-politics-capitol-social-networks\/#primaryimage","url":"https:\/\/elementapp.ai\/blog\/wp-content\/uploads\/2026\/02\/hero_3533.jpg","contentUrl":"https:\/\/elementapp.ai\/blog\/wp-content\/uploads\/2026\/02\/hero_3533.jpg","width":1200,"height":630},{"@type":"BreadcrumbList","@id":"https:\/\/elementapp.ai\/blog\/big-tech-politics-capitol-social-networks\/#breadcrumb","itemListElement":[{"@type":"ListItem","position":1,"name":"Strona g\u0142\u00f3wna","item":"https:\/\/elementapp.ai\/blog\/"},{"@type":"ListItem","position":2,"name":"Big Tech and politics: what the Capitol events mean for social networks"}]},{"@type":"WebSite","@id":"https:\/\/elementapp.ai\/blog\/#website","url":"https:\/\/elementapp.ai\/blog\/","name":"Element's Blog - nowo\u015bci ze \u015bwiata rekrutacji, HR Tech i Element","description":"Najciekawsze informacje ze \u015bwiata rekrutacji, rynku pracy, technologii rekrutacyjnych oraz systemu rekrutacyjnego Element","publisher":{"@id":"https:\/\/elementapp.ai\/blog\/#organization"},"potentialAction":[{"@type":"SearchAction","target":{"@type":"EntryPoint","urlTemplate":"https:\/\/elementapp.ai\/blog\/?s={search_term_string}"},"query-input":{"@type":"PropertyValueSpecification","valueRequired":true,"valueName":"search_term_string"}}],"inLanguage":"pl-PL"},{"@type":"Organization","@id":"https:\/\/elementapp.ai\/blog\/#organization","name":"Element ATS system rekrutacyjny","url":"https:\/\/elementapp.ai\/blog\/","logo":{"@type":"ImageObject","inLanguage":"pl-PL","@id":"https:\/\/elementapp.ai\/blog\/#\/schema\/logo\/image\/","url":"https:\/\/elementapp.ai\/blog\/wp-content\/uploads\/2019\/09\/element-system-logo.svg","contentUrl":"https:\/\/elementapp.ai\/blog\/wp-content\/uploads\/2019\/09\/element-system-logo.svg","width":1,"height":1,"caption":"Element ATS system rekrutacyjny"},"image":{"@id":"https:\/\/elementapp.ai\/blog\/#\/schema\/logo\/image\/"},"sameAs":["https:\/\/www.facebook.com\/elementappats"]},{"@type":"Person","@id":"https:\/\/elementapp.ai\/blog\/#\/schema\/person\/02f4e59e019634b9e2fb09c00bf93f1e","name":"Maciej Michalewski","image":{"@type":"ImageObject","inLanguage":"pl-PL","@id":"https:\/\/secure.gravatar.com\/avatar\/9d00803e2237f6212234740ce5ee8400cf3c04cf469dc8728a7fdd0d2a1e8cc7?s=96&d=mm&r=g","url":"https:\/\/secure.gravatar.com\/avatar\/9d00803e2237f6212234740ce5ee8400cf3c04cf469dc8728a7fdd0d2a1e8cc7?s=96&d=mm&r=g","contentUrl":"https:\/\/secure.gravatar.com\/avatar\/9d00803e2237f6212234740ce5ee8400cf3c04cf469dc8728a7fdd0d2a1e8cc7?s=96&d=mm&r=g","caption":"Maciej Michalewski"},"description":"Since 2010 I have been professionally involved in the recruitment industry. Since 2014, I and a team of talented software developers, have been developing Element, an innovative recruitment system which makes recruiting fast and simple. I am a tech lover, and my mission is to find and create new solutions that will positively impact the recruitment market.","sameAs":["https:\/\/www.facebook.com\/elementappats\/","https:\/\/www.linkedin.com\/company\/13982762"]}]}},"_links":{"self":[{"href":"https:\/\/elementapp.ai\/blog\/wp-json\/wp\/v2\/posts\/13716","targetHints":{"allow":["GET"]}}],"collection":[{"href":"https:\/\/elementapp.ai\/blog\/wp-json\/wp\/v2\/posts"}],"about":[{"href":"https:\/\/elementapp.ai\/blog\/wp-json\/wp\/v2\/types\/post"}],"author":[{"embeddable":true,"href":"https:\/\/elementapp.ai\/blog\/wp-json\/wp\/v2\/users\/1"}],"replies":[{"embeddable":true,"href":"https:\/\/elementapp.ai\/blog\/wp-json\/wp\/v2\/comments?post=13716"}],"version-history":[{"count":4,"href":"https:\/\/elementapp.ai\/blog\/wp-json\/wp\/v2\/posts\/13716\/revisions"}],"predecessor-version":[{"id":13732,"href":"https:\/\/elementapp.ai\/blog\/wp-json\/wp\/v2\/posts\/13716\/revisions\/13732"}],"wp:featuredmedia":[{"embeddable":true,"href":"https:\/\/elementapp.ai\/blog\/wp-json\/wp\/v2\/media\/13707"}],"wp:attachment":[{"href":"https:\/\/elementapp.ai\/blog\/wp-json\/wp\/v2\/media?parent=13716"}],"wp:term":[{"taxonomy":"category","embeddable":true,"href":"https:\/\/elementapp.ai\/blog\/wp-json\/wp\/v2\/categories?post=13716"},{"taxonomy":"post_tag","embeddable":true,"href":"https:\/\/elementapp.ai\/blog\/wp-json\/wp\/v2\/tags?post=13716"}],"curies":[{"name":"wp","href":"https:\/\/api.w.org\/{rel}","templated":true}]}}