{"id":14177,"date":"2026-05-01T15:29:23","date_gmt":"2026-05-01T13:29:23","guid":{"rendered":"https:\/\/elementapp.ai\/blog\/?p=14177"},"modified":"2026-05-01T15:33:47","modified_gmt":"2026-05-01T13:33:47","slug":"danehr-pl-nowe-centrum-danych-polski-rynek-pracy","status":"publish","type":"post","link":"https:\/\/elementapp.ai\/blog\/danehr-pl-nowe-centrum-danych-polski-rynek-pracy\/","title":{"rendered":"danehr.pl: nowe centrum danych o polskim rynku pracy od Polskiego Forum HR"},"content":{"rendered":"\t\t<div data-elementor-type=\"wp-post\" data-elementor-id=\"14177\" class=\"elementor elementor-14177\" data-elementor-post-type=\"post\">\n\t\t\t\t\t\t<section class=\"elementor-section elementor-top-section elementor-element elementor-element-3877834d elementor-section-boxed elementor-section-height-default elementor-section-height-default\" data-id=\"3877834d\" data-element_type=\"section\" data-e-type=\"section\">\n\t\t\t\t\t\t<div class=\"elementor-container elementor-column-gap-default\">\n\t\t\t\t\t<div class=\"elementor-column elementor-col-100 elementor-top-column elementor-element elementor-element-a2362de\" data-id=\"a2362de\" data-element_type=\"column\" data-e-type=\"column\">\n\t\t\t<div class=\"elementor-widget-wrap\">\n\t\t\t\t\t\t\t<\/div>\n\t\t<\/div>\n\t\t\t\t\t<\/div>\n\t\t<\/section>\n\t\t\t\t<section class=\"elementor-section elementor-top-section elementor-element elementor-element-712989b2 elementor-section-boxed elementor-section-height-default elementor-section-height-default\" data-id=\"712989b2\" data-element_type=\"section\" data-e-type=\"section\">\n\t\t\t\t\t\t<div class=\"elementor-container elementor-column-gap-default\">\n\t\t\t\t\t<div class=\"elementor-column elementor-col-100 elementor-top-column elementor-element elementor-element-7f684d2a\" data-id=\"7f684d2a\" data-element_type=\"column\" data-e-type=\"column\">\n\t\t\t<div class=\"elementor-widget-wrap elementor-element-populated\">\n\t\t\t\t\t\t<div class=\"elementor-element elementor-element-5d7c90b5 elementor-widget-divider--view-line_icon elementor-view-default elementor-widget-divider--element-align-center elementor-widget elementor-widget-divider\" data-id=\"5d7c90b5\" data-element_type=\"widget\" data-e-type=\"widget\" data-widget_type=\"divider.default\">\n\t\t\t\t<div class=\"elementor-widget-container\">\n\t\t\t\t\t\t\t<div class=\"elementor-divider\">\n\t\t\t<span class=\"elementor-divider-separator\">\n\t\t\t\t\t\t\t<div class=\"elementor-icon elementor-divider__element\">\n\t\t\t\t\t<i aria-hidden=\"true\" class=\"far fa-bookmark\"><\/i><\/div>\n\t\t\t\t\t\t<\/span>\n\t\t<\/div>\n\t\t\t\t\t\t<\/div>\n\t\t\t\t<\/div>\n\t\t\t\t\t<\/div>\n\t\t<\/div>\n\t\t\t\t\t<\/div>\n\t\t<\/section>\n\t\t\t\t<section class=\"elementor-section elementor-top-section elementor-element elementor-element-275afbfa elementor-section-boxed elementor-section-height-default elementor-section-height-default\" data-id=\"275afbfa\" data-element_type=\"section\" data-e-type=\"section\">\n\t\t\t\t\t\t<div class=\"elementor-container elementor-column-gap-default\">\n\t\t\t\t\t<div class=\"elementor-column elementor-col-100 elementor-top-column elementor-element elementor-element-59180378\" data-id=\"59180378\" data-element_type=\"column\" data-e-type=\"column\">\n\t\t\t<div class=\"elementor-widget-wrap elementor-element-populated\">\n\t\t\t\t\t\t<div class=\"elementor-element elementor-element-7fd77430 elementor-widget elementor-widget-heading\" data-id=\"7fd77430\" data-element_type=\"widget\" data-e-type=\"widget\" data-widget_type=\"heading.default\">\n\t\t\t\t<div class=\"elementor-widget-container\">\n\t\t\t\t\t<h1 class=\"elementor-heading-title elementor-size-default\">danehr.pl: nowe centrum danych o polskim rynku pracy od Polskiego Forum HR<\/h1>\t\t\t\t<\/div>\n\t\t\t\t<\/div>\n\t\t\t\t<div class=\"elementor-element elementor-element-5d9791ca elementor-widget elementor-widget-text-editor\" data-id=\"5d9791ca\" data-element_type=\"widget\" data-e-type=\"widget\" data-widget_type=\"text-editor.default\">\n\t\t\t\t<div class=\"elementor-widget-container\">\n\t\t\t\t\t\t\t\t\t1 maja 2026\t\t\t\t\t\t\t\t<\/div>\n\t\t\t\t<\/div>\n\t\t\t\t\t<\/div>\n\t\t<\/div>\n\t\t\t\t\t<\/div>\n\t\t<\/section>\n\t\t\t\t<section class=\"elementor-section elementor-top-section elementor-element elementor-element-4abf4451 elementor-section-boxed elementor-section-height-default elementor-section-height-default\" data-id=\"4abf4451\" data-element_type=\"section\" data-e-type=\"section\" data-settings=\"{&quot;background_background&quot;:&quot;classic&quot;}\">\n\t\t\t\t\t\t<div class=\"elementor-container elementor-column-gap-default\">\n\t\t\t\t\t<div class=\"elementor-column elementor-col-66 elementor-top-column elementor-element elementor-element-672d92b6\" data-id=\"672d92b6\" data-element_type=\"column\" data-e-type=\"column\" data-settings=\"{&quot;background_background&quot;:&quot;classic&quot;}\">\n\t\t\t<div class=\"elementor-widget-wrap elementor-element-populated\">\n\t\t\t\t\t\t<div class=\"elementor-element elementor-element-97c48b8 elementor-widget elementor-widget-heading\" data-id=\"97c48b8\" data-element_type=\"widget\" data-e-type=\"widget\" data-widget_type=\"heading.default\">\n\t\t\t\t<div class=\"elementor-widget-container\">\n\t\t\t\t\t<h2 class=\"elementor-heading-title elementor-size-default\">Wprowadzenie<\/h2>\t\t\t\t<\/div>\n\t\t\t\t<\/div>\n\t\t\t\t<div class=\"elementor-element elementor-element-e89ec677 elementor-widget elementor-widget-text-editor\" data-id=\"e89ec677\" data-element_type=\"widget\" data-e-type=\"widget\" data-widget_type=\"text-editor.default\">\n\t\t\t\t<div class=\"elementor-widget-container\">\n\t\t\t\t\t\t\t\t\t<p>Polskie Forum HR uruchomi\u0142o <a href=\"https:\/\/danehr.pl\" target=\"_blank\" rel=\"nofollow noopener\" style=\"color: #0000ff\">danehr.pl<\/a>, czyli serwis, kt\u00f3ry zbiera w jednym miejscu najwa\u017cniejsze dane o polskim rynku pracy. Znajdziecie tam zatrudnienie, wynagrodzenia, bezrobocie, oferty pracy i rynek us\u0142ug HR, a \u017ar\u00f3d\u0142a to GUS, Eurostat, ManpowerGroup oraz cz\u0142onkowie PFHR. <a href=\"https:\/\/elementapp.ai\/wszystko-o-ats\" target=\"_blank\" rel=\"noopener\" style=\"color: #0000ff\">Element<\/a> jest partnerem technologicznym Polskiego Forum HR, dlatego dane z naszego systemu rekrutacyjnego, u\u017cywanego mi\u0119dzy innymi przez Grant Thornton, zasilaj\u0105 jedn\u0105 z sekcji portalu.<\/p>\t\t\t\t\t\t\t\t<\/div>\n\t\t\t\t<\/div>\n\t\t\t\t<div class=\"elementor-element elementor-element-8d82de5e elementor-widget elementor-widget-heading\" data-id=\"8d82de5e\" data-element_type=\"widget\" data-e-type=\"widget\" data-widget_type=\"heading.default\">\n\t\t\t\t<div class=\"elementor-widget-container\">\n\t\t\t\t\t<h2 class=\"elementor-heading-title elementor-size-default\">Co znajdziecie na danehr.pl<\/h2>\t\t\t\t<\/div>\n\t\t\t\t<\/div>\n\t\t\t\t<div class=\"elementor-element elementor-element-2b2fb2f9 elementor-widget elementor-widget-text-editor\" data-id=\"2b2fb2f9\" data-element_type=\"widget\" data-e-type=\"widget\" data-widget_type=\"text-editor.default\">\n\t\t\t\t<div class=\"elementor-widget-container\">\n\t\t\t\t\t\t\t\t\t<p>Serwis dzieli tre\u015bci na siedem kategorii, dzi\u0119ki czemu szybko trafiacie do interesuj\u0105cego was wska\u017anika bez przekopywania si\u0119 przez pe\u0142ne raporty.<\/p>\t\t\t\t\t\t\t\t<\/div>\n\t\t\t\t<\/div>\n\t\t\t\t<div class=\"elementor-element elementor-element-a05046ac elementor-widget elementor-widget-text-editor\" data-id=\"a05046ac\" data-element_type=\"widget\" data-e-type=\"widget\" data-widget_type=\"text-editor.default\">\n\t\t\t\t<div class=\"elementor-widget-container\">\n\t\t\t\t\t\t\t\t\t<ul>\n<li>Rynek pracy: zatrudnienie, prognozy, liczba pracuj\u0105cych<\/li>\n<li>Us\u0142ugi HR: obroty bran\u017cy doradztwa personalnego i dane o pracy tymczasowej<\/li>\n<li>Bezrobocie: stopa rejestrowana z dynamik\u0105 rok do roku<\/li>\n<li>Technologie: trendy technologiczne na rynku pracy<\/li>\n<li>Cudzoziemcy: zatrudnianie obcokrajowc\u00f3w w Polsce<\/li>\n<li>Wynagrodzenia: przeci\u0119tne pensje brutto w sektorach<\/li>\n<li>Wszystkie raporty: sekcja zbiorcza z bie\u017c\u0105cymi publikacjami<\/li>\n<\/ul>\t\t\t\t\t\t\t\t<\/div>\n\t\t\t\t<\/div>\n\t\t\t\t<div class=\"elementor-element elementor-element-d35125f3 elementor-widget elementor-widget-text-editor\" data-id=\"d35125f3\" data-element_type=\"widget\" data-e-type=\"widget\" data-widget_type=\"text-editor.default\">\n\t\t\t\t<div class=\"elementor-widget-container\">\n\t\t\t\t\t\t\t\t\t<p>Strona g\u0142\u00f3wna pokazuje dashboard ze wska\u017anikami i dynamik\u0105 rok do roku, a najnowsze raporty s\u0105 wyr\u00f3\u017cnione od razu na wej\u015bciu. Wyszukiwarka pomaga, gdy szukacie konkretnej liczby albo konkretnego \u017ar\u00f3d\u0142a.<\/p>\t\t\t\t\t\t\t\t<\/div>\n\t\t\t\t<\/div>\n\t\t\t\t<div class=\"elementor-element elementor-element-ddeffeec elementor-widget elementor-widget-heading\" data-id=\"ddeffeec\" data-element_type=\"widget\" data-e-type=\"widget\" data-widget_type=\"heading.default\">\n\t\t\t\t<div class=\"elementor-widget-container\">\n\t\t\t\t\t<h2 class=\"elementor-heading-title elementor-size-default\">Sk\u0105d bior\u0105 si\u0119 dane<\/h2>\t\t\t\t<\/div>\n\t\t\t\t<\/div>\n\t\t\t\t<div class=\"elementor-element elementor-element-d3bdc80f elementor-widget elementor-widget-text-editor\" data-id=\"d3bdc80f\" data-element_type=\"widget\" data-e-type=\"widget\" data-widget_type=\"text-editor.default\">\n\t\t\t\t<div class=\"elementor-widget-container\">\n\t\t\t\t\t\t\t\t\t<p>Wymienione na portalu \u017ar\u00f3d\u0142a to GUS, Eurostat, ManpowerGroup z barometrem zatrudnienia, Polskie Forum HR z danymi cz\u0142onkowskimi oraz Element. Nasz system zasila comiesi\u0119czny raport \u201eOferty pracy w Polsce&#8221;, kt\u00f3ry wsp\u00f3lnie z Grant Thornton publikujemy od kilku lat, a teraz te same liczby trafiaj\u0105 tak\u017ce do danehr.pl. Po\u0142\u0105czenie statystyk publicznych z publikacjami cz\u0142onk\u00f3w PFHR robi z portalu co\u015b wi\u0119cej ni\u017c prosty agregator, bo zamiast link\u00f3w dostajecie posk\u0142adane dane z komentarzem bran\u017cy.<\/p>\t\t\t\t\t\t\t\t<\/div>\n\t\t\t\t<\/div>\n\t\t\t\t<div class=\"elementor-element elementor-element-4b445a2a elementor-widget elementor-widget-heading\" data-id=\"4b445a2a\" data-element_type=\"widget\" data-e-type=\"widget\" data-widget_type=\"heading.default\">\n\t\t\t\t<div class=\"elementor-widget-container\">\n\t\t\t\t\t<h2 class=\"elementor-heading-title elementor-size-default\">Element jako partner technologiczny PFHR<\/h2>\t\t\t\t<\/div>\n\t\t\t\t<\/div>\n\t\t\t\t<div class=\"elementor-element elementor-element-9b0f2a0e elementor-widget elementor-widget-text-editor\" data-id=\"9b0f2a0e\" data-element_type=\"widget\" data-e-type=\"widget\" data-widget_type=\"text-editor.default\">\n\t\t\t\t<div class=\"elementor-widget-container\">\n\t\t\t\t\t\t\t\t\t<p>Polskie Forum HR zrzesza najwi\u0119ksze firmy doradztwa personalnego i agencje pracy w Polsce. Element jest partnerem technologicznym tej organizacji, a nasz <a style=\"color: #0000ff;\" href=\"https:\/\/elementapp.ai\/wszystko-o-ats\" target=\"_blank\" rel=\"noopener\">ATS<\/a> dostarcza twardych danych do raport\u00f3w o ofertach pracy. danehr.pl dzia\u0142a zreszt\u0105 na podobnej logice, jak nasze cykliczne raporty: surowe statystyki, kt\u00f3re dopiero w zestawieniu pokazuj\u0105 kierunek, w kt\u00f3rym idzie rynek.<\/p>\t\t\t\t\t\t\t\t<\/div>\n\t\t\t\t<\/div>\n\t\t\t\t<div class=\"elementor-element elementor-element-a8b998c6 elementor-widget elementor-widget-heading\" data-id=\"a8b998c6\" data-element_type=\"widget\" data-e-type=\"widget\" data-widget_type=\"heading.default\">\n\t\t\t\t<div class=\"elementor-widget-container\">\n\t\t\t\t\t<h2 class=\"elementor-heading-title elementor-size-default\">U nas te\u017c znajdziecie bibliotek\u0119 raport\u00f3w<\/h2>\t\t\t\t<\/div>\n\t\t\t\t<\/div>\n\t\t\t\t<div class=\"elementor-element elementor-element-25f495e0 elementor-widget elementor-widget-text-editor\" data-id=\"25f495e0\" data-element_type=\"widget\" data-e-type=\"widget\" data-widget_type=\"text-editor.default\">\n\t\t\t\t<div class=\"elementor-widget-container\">\n\t\t\t\t\t\t\t\t\t<p>Je\u017celi zagl\u0105dacie po raporty bran\u017cowe, to w Akademii Rekrutacji utrzymujemy ponad 80 raport\u00f3w rynkowych: p\u0142acowe, o portalach pracy, og\u00f3lne raporty z rynku pracy, publikacje Polskiego Forum HR oraz materia\u0142y od Devire, Hays, ManpowerGroup, No Fluff Jobs, Just Join IT i Grant Thornton. To prawdopodobnie najwi\u0119ksza polska biblioteka raport\u00f3w z rynku pracy zebrana w jednym miejscu, a <a href=\"https:\/\/elementapp.ai\/akademia-rekrutacji\" target=\"_blank\" rel=\"noopener\" style=\"color: #0000ff\">Akademi\u0119 Rekrutacji<\/a> aktualizujemy zawsze, gdy pojawia si\u0119 nowa publikacja warta uwagi.<\/p>\t\t\t\t\t\t\t\t<\/div>\n\t\t\t\t<\/div>\n\t\t\t\t<div class=\"elementor-element elementor-element-e1fe35e4 elementor-widget elementor-widget-text-editor\" data-id=\"e1fe35e4\" data-element_type=\"widget\" data-e-type=\"widget\" data-widget_type=\"text-editor.default\">\n\t\t\t\t<div class=\"elementor-widget-container\">\n\t\t\t\t\t\t\t\t\t<p>danehr.pl i Akademia Rekrutacji dobrze si\u0119 uzupe\u0142niaj\u0105. Pierwsza strona daje \u015bwie\u017ce wska\u017aniki i agreguje dane publiczne, a druga prowadzi do pe\u0142nych raport\u00f3w bran\u017cowych z analizami konkretnych segment\u00f3w rynku.<\/p>\t\t\t\t\t\t\t\t<\/div>\n\t\t\t\t<\/div>\n\t\t\t\t<div class=\"elementor-element elementor-element-cbd616a4 elementor-widget elementor-widget-heading\" data-id=\"cbd616a4\" data-element_type=\"widget\" data-e-type=\"widget\" data-widget_type=\"heading.default\">\n\t\t\t\t<div class=\"elementor-widget-container\">\n\t\t\t\t\t<h2 class=\"elementor-heading-title elementor-size-default\">Sprawd\u017acie sami<\/h2>\t\t\t\t<\/div>\n\t\t\t\t<\/div>\n\t\t\t\t<div class=\"elementor-element elementor-element-5a5e952e elementor-widget elementor-widget-text-editor\" data-id=\"5a5e952e\" data-element_type=\"widget\" data-e-type=\"widget\" data-widget_type=\"text-editor.default\">\n\t\t\t\t<div class=\"elementor-widget-container\">\n\t\t\t\t\t\t\t\t\t<p>Zajrzyjcie na <a href=\"https:\/\/danehr.pl\" target=\"_blank\" rel=\"nofollow noopener\" style=\"color: #0000ff\">danehr.pl<\/a> i zobaczcie najnowsze wska\u017aniki, a po raporty bran\u017cowe wpadnijcie do <a href=\"https:\/\/elementapp.ai\/akademia-rekrutacji\" target=\"_blank\" rel=\"noopener\" style=\"color: #0000ff\">naszej Akademii Rekrutacji<\/a>. Ciesz\u0119 si\u0119, \u017ce Polskie Forum HR uruchomi\u0142o t\u0119 stron\u0119, bo bran\u017ca HR potrzebowa\u0142a takiego centrum danych, a Element ma sw\u00f3j udzia\u0142 w jego zasilaniu.<\/p>\t\t\t\t\t\t\t\t<\/div>\n\t\t\t\t<\/div>\n\t\t\t\t<div class=\"elementor-element elementor-element-b2ff5c4 elementor-widget elementor-widget-text-editor\" data-id=\"b2ff5c4\" data-element_type=\"widget\" data-e-type=\"widget\" data-widget_type=\"text-editor.default\">\n\t\t\t\t<div class=\"elementor-widget-container\">\n\t\t\t\t\t\t\t\t\t<p><strong>Najcz\u0119\u015bciej czytane<\/strong>:<\/p><ol><li><span style=\"font-size: 16px;\"><strong><span style=\"color: #0000ff;\"><a style=\"color: #0000ff;\" href=\"https:\/\/elementapp.ai\/darmowe-ogloszenia-z-ofertami-pracy\">Darmowe og\u0142oszenia o prac\u0119 i najwi\u0119ksza lista \u017ar\u00f3de\u0142 kandydat\u00f3w<\/a><\/span><\/strong> &#8211; najwi\u0119ksza w Polsce lista bezp\u0142atnych i p\u0142atnych \u017ar\u00f3de\u0142 kandydat\u00f3w<\/span><\/li><li><span style=\"color: #0000ff;\"><a style=\"color: #0000ff;\" href=\"http:\/\/elementapp.ai\/wynagrodzenia-praca-hr\" target=\"_blank\" rel=\"noopener\"><strong>Praca w HR<\/strong><\/a> <span style=\"color: #000000;\">&#8211; najnowsze oferty pracy i aktualne \u015brednie wynagrodzenia w bran\u017cy HR<\/span><\/span><\/li><li><span style=\"color: #0000ff;\"><a style=\"color: #0000ff;\" href=\"https:\/\/elementapp.ai\/akademia-rekrutacji\" target=\"_blank\" rel=\"noopener\"><strong>Akademia Rekrutacji<\/strong><\/a> <span style=\"color: #000000;\">&#8211; zbi\u00f3r wiedzy na temat rekrutacji oraz raporty z rynku pracy.<\/span><\/span><\/li><li><strong><span style=\"color: #0000ff;\"><a style=\"color: #0000ff;\" href=\"https:\/\/elementapp.ai\/blog\/gowork-jak-reagowac-na-negatywne-opinie-o-pracodawcach\/\">Gowork &#8211; jak reagowa\u0107 na negatywne opinie o pracodawcach<\/a><\/span><\/strong> &#8211; Kompleksowy poradnik dla pracodawc\u00f3w.<\/li><li><a href=\"https:\/\/elementapp.ai\/blog\/jak-napisac-cv-i-profil-linkedin\/\"><span style=\"color: #0000ff;\"><b>Jak napisa\u0107 CV i profil LinkedIn <\/b><\/span><\/a>&#8211; kompleksowy\u00a0poradnik tworzenia CV i profil\u00f3w LinkedIn<\/li><li><strong><span style=\"color: #0000ff;\"><a style=\"color: #0000ff;\" href=\"https:\/\/elementapp.ai\/blog\/rodo-w-rekrutacji-sourcing-i-direct-search-wszystko-co-musisz-wiedziec\/\">RODO w rekrutacji &#8211; sourcing, direct search, og\u0142oszenia. Wszystko co musisz wiedzie\u0107<\/a><\/span><\/strong> &#8211; kompleksowy poradnik RODO w rekrutacji z naciskiem na dzia\u0142ania typu direct search \/ sourcing.<\/li><li><span style=\"color: #0000ff;\"><a style=\"color: #0000ff;\" href=\"https:\/\/elementapp.ai\/wszystko-o-ats\" target=\"_blank\" rel=\"noopener\"><strong>Wszystko o systemach ATS<\/strong><\/a><\/span> &#8211; poradnik wyboru systemu rekrutacyjnego<\/li><li><strong><span style=\"color: #0000ff;\"><a style=\"color: #0000ff;\" href=\"http:\/\/elementapp.ai\/blog\/umowy-przedwstepne-i-listy-intencyjne-w-procesach-rekrutacyjnych\/\" target=\"_blank\" rel=\"noopener\">Umowy przedwst\u0119pne i listy intencyjne w procesach rekrutacyjnych<\/a><\/span><\/strong> &#8211; wszystko, co musisz wiedzie\u0107 o prawnych zabezpieczeniach zobowi\u0105zania do zatrudnienia.<\/li><\/ol>\t\t\t\t\t\t\t\t<\/div>\n\t\t\t\t<\/div>\n\t\t\t\t<div class=\"elementor-element elementor-element-4828bdf elementor-author-box--image-valign-middle elementor-widget elementor-widget-author-box\" data-id=\"4828bdf\" data-element_type=\"widget\" data-e-type=\"widget\" data-widget_type=\"author-box.default\">\n\t\t\t\t<div class=\"elementor-widget-container\">\n\t\t\t\t\t\t\t<div class=\"elementor-author-box\">\n\t\t\t\t\t\t\t<a href=\"https:\/\/www.linkedin.com\/in\/maciejmichalewski\/\" class=\"elementor-author-box__avatar\">\n\t\t\t\t\t<img decoding=\"async\" src=\"https:\/\/elementapp.ai\/blog\/wp-content\/uploads\/2024\/03\/MM-head-small-300x300.jpg\" alt=\"Picture of Maciej Michalewski\" loading=\"lazy\">\n\t\t\t\t<\/a>\n\t\t\t\n\t\t\t<div class=\"elementor-author-box__text\">\n\t\t\t\t\t\t\t\t\t<a href=\"https:\/\/www.linkedin.com\/in\/maciejmichalewski\/\">\n\t\t\t\t\t\t<h4 class=\"elementor-author-box__name\">\n\t\t\t\t\t\t\tMaciej Michalewski\t\t\t\t\t\t<\/h4>\n\t\t\t\t\t<\/a>\n\t\t\t\t\n\t\t\t\t\t\t\t\t\t<div class=\"elementor-author-box__bio\">\n\t\t\t\t\t\t<p>Founder & CEO @ Element<\/p>\n\t\t\t\t\t<\/div>\n\t\t\t\t\n\t\t\t\t\t\t\t<\/div>\n\t\t<\/div>\n\t\t\t\t\t\t<\/div>\n\t\t\t\t<\/div>\n\t\t\t\t<div class=\"elementor-element elementor-element-824e8e0 elementor-widget-divider--view-line elementor-widget elementor-widget-divider\" data-id=\"824e8e0\" data-element_type=\"widget\" data-e-type=\"widget\" data-widget_type=\"divider.default\">\n\t\t\t\t<div class=\"elementor-widget-container\">\n\t\t\t\t\t\t\t<div class=\"elementor-divider\">\n\t\t\t<span class=\"elementor-divider-separator\">\n\t\t\t\t\t\t<\/span>\n\t\t<\/div>\n\t\t\t\t\t\t<\/div>\n\t\t\t\t<\/div>\n\t\t\t\t<div class=\"elementor-element elementor-element-3338c18 elementor-widget elementor-widget-image\" data-id=\"3338c18\" data-element_type=\"widget\" data-e-type=\"widget\" data-widget_type=\"image.default\">\n\t\t\t\t<div class=\"elementor-widget-container\">\n\t\t\t\t\t\t\t\t\t\t\t\t\t\t\t\t<a href=\"https:\/\/elementapp.ai\/#sprawdz-demo\">\n\t\t\t\t\t\t\t<img fetchpriority=\"high\" decoding=\"async\" width=\"676\" height=\"430\" src=\"https:\/\/elementapp.ai\/blog\/wp-content\/uploads\/2025\/01\/Baner-na-bloga-2025.png\" class=\"attachment-large size-large wp-image-12518\" alt=\"Element cennik baner\" srcset=\"https:\/\/elementapp.ai\/blog\/wp-content\/uploads\/2025\/01\/Baner-na-bloga-2025.png 676w, https:\/\/elementapp.ai\/blog\/wp-content\/uploads\/2025\/01\/Baner-na-bloga-2025-300x191.png 300w\" sizes=\"(max-width: 676px) 100vw, 676px\" \/>\t\t\t\t\t\t\t\t<\/a>\n\t\t\t\t\t\t\t\t\t\t\t\t\t\t\t<\/div>\n\t\t\t\t<\/div>\n\t\t\t\t<div class=\"elementor-element elementor-element-8e398e3 elementor-widget elementor-widget-text-editor\" data-id=\"8e398e3\" data-element_type=\"widget\" data-e-type=\"widget\" data-widget_type=\"text-editor.default\">\n\t\t\t\t<div class=\"elementor-widget-container\">\n\t\t\t\t\t\t\t\t\t<p>Nasze artyku\u0142y przeczytasz tak\u017ce na <span style=\"color: #0000ff;\"><a style=\"color: #0000ff;\" href=\"https:\/\/maciejm.medium.com\/\" rel=\"noopener nofollow\">Medium<\/a><\/span>, <a href=\"https:\/\/linkedin.com\" target=\"_blank\" rel=\"noopener nofollow\"><span style=\"color: #0000ff;\">LinkedIn<\/span><\/a>, <a style=\"font-size: 16px; background-color: #ffffff; color: #0000ff;\" href=\"https:\/\/maciejm.substack.com\/\" rel=\"noopener nofollow\">Substack<\/a>, <a style=\"color: #0000ff;\" href=\"https:\/\/www.reddit.com\/user\/maciejmm\/\" target=\"_blank\" rel=\"noopener nofollow\">Reddit<\/a><\/p>\t\t\t\t\t\t\t\t<\/div>\n\t\t\t\t<\/div>\n\t\t\t\t\t<\/div>\n\t\t<\/div>\n\t\t\t\t<div class=\"elementor-column elementor-col-33 elementor-top-column elementor-element elementor-element-3348c1f5\" data-id=\"3348c1f5\" data-element_type=\"column\" data-e-type=\"column\">\n\t\t\t<div class=\"elementor-widget-wrap elementor-element-populated\">\n\t\t\t\t\t\t<div class=\"elementor-element elementor-element-62dea134 elementor-widget elementor-widget-heading\" data-id=\"62dea134\" data-element_type=\"widget\" data-e-type=\"widget\" data-widget_type=\"heading.default\">\n\t\t\t\t<div class=\"elementor-widget-container\">\n\t\t\t\t\t<h3 class=\"elementor-heading-title elementor-size-default\">Ostatnie wpisy:<\/h3>\t\t\t\t<\/div>\n\t\t\t\t<\/div>\n\t\t\t\t<div class=\"elementor-element elementor-element-79144419 elementor-grid-1 elementor-grid-tablet-1 elementor-grid-mobile-1 elementor-posts--thumbnail-top elementor-widget elementor-widget-posts\" data-id=\"79144419\" data-element_type=\"widget\" data-e-type=\"widget\" data-settings=\"{&quot;classic_columns&quot;:&quot;1&quot;,&quot;classic_columns_tablet&quot;:&quot;1&quot;,&quot;classic_row_gap&quot;:{&quot;unit&quot;:&quot;px&quot;,&quot;size&quot;:26,&quot;sizes&quot;:[]},&quot;classic_columns_mobile&quot;:&quot;1&quot;,&quot;classic_row_gap_tablet&quot;:{&quot;unit&quot;:&quot;px&quot;,&quot;size&quot;:&quot;&quot;,&quot;sizes&quot;:[]},&quot;classic_row_gap_mobile&quot;:{&quot;unit&quot;:&quot;px&quot;,&quot;size&quot;:&quot;&quot;,&quot;sizes&quot;:[]}}\" data-widget_type=\"posts.classic\">\n\t\t\t\t<div class=\"elementor-widget-container\">\n\t\t\t\t\t\t\t<div class=\"elementor-posts-container elementor-posts elementor-posts--skin-classic elementor-grid\" role=\"list\">\n\t\t\t\t<article class=\"elementor-post elementor-grid-item post-14177 post type-post status-publish format-standard has-post-thumbnail hentry category-blog-posts\" role=\"listitem\">\n\t\t\t\t<a class=\"elementor-post__thumbnail__link\" href=\"https:\/\/elementapp.ai\/blog\/danehr-pl-nowe-centrum-danych-polski-rynek-pracy\/\" tabindex=\"-1\" >\n\t\t\t<div class=\"elementor-post__thumbnail\"><img decoding=\"async\" width=\"300\" height=\"169\" src=\"https:\/\/elementapp.ai\/blog\/wp-content\/uploads\/2026\/05\/hero-danehr-pfhr-300x169.jpg\" class=\"attachment-medium size-medium wp-image-14183\" alt=\"\" srcset=\"https:\/\/elementapp.ai\/blog\/wp-content\/uploads\/2026\/05\/hero-danehr-pfhr-300x169.jpg 300w, https:\/\/elementapp.ai\/blog\/wp-content\/uploads\/2026\/05\/hero-danehr-pfhr-768x432.jpg 768w, https:\/\/elementapp.ai\/blog\/wp-content\/uploads\/2026\/05\/hero-danehr-pfhr-1536x864.jpg 1536w, https:\/\/elementapp.ai\/blog\/wp-content\/uploads\/2026\/05\/hero-danehr-pfhr.jpg 1920w\" sizes=\"(max-width: 300px) 100vw, 300px\" \/><\/div>\n\t\t<\/a>\n\t\t\t\t<div class=\"elementor-post__text\">\n\t\t\t\t<h3 class=\"elementor-post__title\">\n\t\t\t<a href=\"https:\/\/elementapp.ai\/blog\/danehr-pl-nowe-centrum-danych-polski-rynek-pracy\/\" >\n\t\t\t\tdanehr.pl: nowe centrum danych o polskim rynku pracy od Polskiego Forum HR\t\t\t<\/a>\n\t\t<\/h3>\n\t\t\t\t<div class=\"elementor-post__meta-data\">\n\t\t\t\t\t<span class=\"elementor-post-author\">\n\t\t\tMaciej Michalewski\t\t<\/span>\n\t\t\t\t<span class=\"elementor-post-date\">\n\t\t\t1 maja 2026\t\t<\/span>\n\t\t\t\t<\/div>\n\t\t\t\t<div class=\"elementor-post__excerpt\">\n\t\t\t<p>Polskie Forum HR uruchomi\u0142o danehr.pl, czyli portal zbieraj\u0105cy w jednym miejscu zatrudnienie, wynagrodzenia, bezrobocie i raporty z rynku pracy. Element jest partnerem technologicznym PFHR i zasila jedn\u0105 z sekcji portalu.<\/p>\n\t\t<\/div>\n\t\t\n\t\t<a class=\"elementor-post__read-more\" href=\"https:\/\/elementapp.ai\/blog\/danehr-pl-nowe-centrum-danych-polski-rynek-pracy\/\" aria-label=\"Read more about danehr.pl: nowe centrum danych o polskim rynku pracy od Polskiego Forum HR\" tabindex=\"-1\" >\n\t\t\tCzytaj wi\u0119cej \u00bb\t\t<\/a>\n\n\t\t\t\t<\/div>\n\t\t\t\t<\/article>\n\t\t\t\t<article class=\"elementor-post elementor-grid-item post-14172 post type-post status-publish format-standard has-post-thumbnail hentry category-blog-posts tag-grant-thornton tag-hr-owiec-na-rynku-pracy tag-raport-hr tag-rekrutacja-hr tag-rynek-pracy-hr\" role=\"listitem\">\n\t\t\t\t<a class=\"elementor-post__thumbnail__link\" href=\"https:\/\/elementapp.ai\/blog\/hr-owiec-na-rynku-pracy-2026-vii-edycja-raportu\/\" tabindex=\"-1\" >\n\t\t\t<div class=\"elementor-post__thumbnail\"><img decoding=\"async\" width=\"300\" height=\"158\" src=\"https:\/\/elementapp.ai\/blog\/wp-content\/uploads\/2026\/04\/hr-owiec-na-rynku-pracy-2026-vii-edycja-300x158.jpg\" class=\"attachment-medium size-medium wp-image-14170\" alt=\"HR-owiec na rynku pracy 2026 \u2014 VII edycja raportu Grant Thornton i Element\" srcset=\"https:\/\/elementapp.ai\/blog\/wp-content\/uploads\/2026\/04\/hr-owiec-na-rynku-pracy-2026-vii-edycja-300x158.jpg 300w, https:\/\/elementapp.ai\/blog\/wp-content\/uploads\/2026\/04\/hr-owiec-na-rynku-pracy-2026-vii-edycja-768x403.jpg 768w, https:\/\/elementapp.ai\/blog\/wp-content\/uploads\/2026\/04\/hr-owiec-na-rynku-pracy-2026-vii-edycja.jpg 1200w\" sizes=\"(max-width: 300px) 100vw, 300px\" \/><\/div>\n\t\t<\/a>\n\t\t\t\t<div class=\"elementor-post__text\">\n\t\t\t\t<h3 class=\"elementor-post__title\">\n\t\t\t<a href=\"https:\/\/elementapp.ai\/blog\/hr-owiec-na-rynku-pracy-2026-vii-edycja-raportu\/\" >\n\t\t\t\tHR-owiec na rynku pracy 2026 \u2014 pobierz VII edycj\u0119 raportu\t\t\t<\/a>\n\t\t<\/h3>\n\t\t\t\t<div class=\"elementor-post__meta-data\">\n\t\t\t\t\t<span class=\"elementor-post-author\">\n\t\t\tMaciej Michalewski\t\t<\/span>\n\t\t\t\t<span class=\"elementor-post-date\">\n\t\t\t28 kwietnia 2026\t\t<\/span>\n\t\t\t\t<\/div>\n\t\t\t\t<div class=\"elementor-post__excerpt\">\n\t\t\t<p>VII edycja raportu \u201eHR-owiec na rynku pracy&#8221;: 72 508 ofert HR w 2025 roku, +55% dla rekruter\u00f3w IT, pensje HRBP i dyrektora HR. Pobierz bezp\u0142atnie.<\/p>\n\t\t<\/div>\n\t\t\n\t\t<a class=\"elementor-post__read-more\" href=\"https:\/\/elementapp.ai\/blog\/hr-owiec-na-rynku-pracy-2026-vii-edycja-raportu\/\" aria-label=\"Read more about HR-owiec na rynku pracy 2026 \u2014 pobierz VII edycj\u0119 raportu\" tabindex=\"-1\" >\n\t\t\tCzytaj wi\u0119cej \u00bb\t\t<\/a>\n\n\t\t\t\t<\/div>\n\t\t\t\t<\/article>\n\t\t\t\t<article class=\"elementor-post elementor-grid-item post-14158 post type-post status-publish format-standard has-post-thumbnail hentry category-blog-posts tag-agenci-ai tag-ai-w-enterprise tag-aron-levie tag-change-management tag-headless-software tag-transformacja-cyfrowa\" role=\"listitem\">\n\t\t\t\t<a class=\"elementor-post__thumbnail__link\" href=\"https:\/\/elementapp.ai\/blog\/agenci-ai-nie-zmienia-firm-ktore-nie-zmienia-sie-same\/\" tabindex=\"-1\" >\n\t\t\t<div class=\"elementor-post__thumbnail\"><img loading=\"lazy\" decoding=\"async\" width=\"300\" height=\"158\" src=\"https:\/\/elementapp.ai\/blog\/wp-content\/uploads\/2026\/04\/social-agenci-ai-enterprise-levie-v2-300x158.png\" class=\"attachment-medium size-medium wp-image-14164\" alt=\"\" srcset=\"https:\/\/elementapp.ai\/blog\/wp-content\/uploads\/2026\/04\/social-agenci-ai-enterprise-levie-v2-300x158.png 300w, https:\/\/elementapp.ai\/blog\/wp-content\/uploads\/2026\/04\/social-agenci-ai-enterprise-levie-v2-768x403.png 768w, https:\/\/elementapp.ai\/blog\/wp-content\/uploads\/2026\/04\/social-agenci-ai-enterprise-levie-v2.png 1200w\" sizes=\"(max-width: 300px) 100vw, 300px\" \/><\/div>\n\t\t<\/a>\n\t\t\t\t<div class=\"elementor-post__text\">\n\t\t\t\t<h3 class=\"elementor-post__title\">\n\t\t\t<a href=\"https:\/\/elementapp.ai\/blog\/agenci-ai-nie-zmienia-firm-ktore-nie-zmienia-sie-same\/\" >\n\t\t\t\tAgenci AI nie zmieni\u0105 firm, kt\u00f3re nie zmieni\u0105 si\u0119 same\t\t\t<\/a>\n\t\t<\/h3>\n\t\t\t\t<div class=\"elementor-post__meta-data\">\n\t\t\t\t\t<span class=\"elementor-post-author\">\n\t\t\tMaciej Michalewski\t\t<\/span>\n\t\t\t\t<span class=\"elementor-post-date\">\n\t\t\t13 kwietnia 2026\t\t<\/span>\n\t\t\t\t<\/div>\n\t\t\t\t<div class=\"elementor-post__excerpt\">\n\t\t\t<p>Aron Levie, CEO Box, spotka\u0142 si\u0119 z kilkudziesi\u0119cioma liderami IT i AI z du\u017cych przedsi\u0119biorstw. Jego obserwacje o agentach AI w enterprise potwierdzaj\u0105 trendy, kt\u00f3re widz\u0119 w codziennej pracy z firmami wdra\u017caj\u0105cymi AI.<\/p>\n\t\t<\/div>\n\t\t\n\t\t<a class=\"elementor-post__read-more\" href=\"https:\/\/elementapp.ai\/blog\/agenci-ai-nie-zmienia-firm-ktore-nie-zmienia-sie-same\/\" aria-label=\"Read more about Agenci AI nie zmieni\u0105 firm, kt\u00f3re nie zmieni\u0105 si\u0119 same\" tabindex=\"-1\" >\n\t\t\tCzytaj wi\u0119cej \u00bb\t\t<\/a>\n\n\t\t\t\t<\/div>\n\t\t\t\t<\/article>\n\t\t\t\t<article class=\"elementor-post elementor-grid-item post-14134 post type-post status-publish format-standard has-post-thumbnail hentry category-blog-posts\" role=\"listitem\">\n\t\t\t\t<a class=\"elementor-post__thumbnail__link\" href=\"https:\/\/elementapp.ai\/blog\/gallup-2026-zaangazowanie-pracownikow-menedzerowie-ai\/\" tabindex=\"-1\" >\n\t\t\t<div class=\"elementor-post__thumbnail\"><img loading=\"lazy\" decoding=\"async\" width=\"300\" height=\"164\" src=\"https:\/\/elementapp.ai\/blog\/wp-content\/uploads\/2026\/04\/hero-gallup-2026-v3-300x164.jpg\" class=\"attachment-medium size-medium wp-image-14138\" alt=\"\" srcset=\"https:\/\/elementapp.ai\/blog\/wp-content\/uploads\/2026\/04\/hero-gallup-2026-v3-300x164.jpg 300w, https:\/\/elementapp.ai\/blog\/wp-content\/uploads\/2026\/04\/hero-gallup-2026-v3-768x419.jpg 768w, https:\/\/elementapp.ai\/blog\/wp-content\/uploads\/2026\/04\/hero-gallup-2026-v3-1536x837.jpg 1536w, https:\/\/elementapp.ai\/blog\/wp-content\/uploads\/2026\/04\/hero-gallup-2026-v3.jpg 1600w\" sizes=\"(max-width: 300px) 100vw, 300px\" \/><\/div>\n\t\t<\/a>\n\t\t\t\t<div class=\"elementor-post__text\">\n\t\t\t\t<h3 class=\"elementor-post__title\">\n\t\t\t<a href=\"https:\/\/elementapp.ai\/blog\/gallup-2026-zaangazowanie-pracownikow-menedzerowie-ai\/\" >\n\t\t\t\tGallup 2026: \u015bwiat pracy si\u0119 sypie, a mened\u017cerowie trac\u0105 zapa\u0142 szybciej ni\u017c reszta\t\t\t<\/a>\n\t\t<\/h3>\n\t\t\t\t<div class=\"elementor-post__meta-data\">\n\t\t\t\t\t<span class=\"elementor-post-author\">\n\t\t\tMaciej Michalewski\t\t<\/span>\n\t\t\t\t<span class=\"elementor-post-date\">\n\t\t\t8 kwietnia 2026\t\t<\/span>\n\t\t\t\t<\/div>\n\t\t\t\t<div class=\"elementor-post__excerpt\">\n\t\t\t<p>Raport Gallup State of the Global Workplace 2026 pokazuje, \u017ce globalne zaanga\u017cowanie spad\u0142o do 20%, a mened\u017cerowie trac\u0105 zapa\u0142 szybciej ni\u017c ich zespo\u0142y. Paradoks AI: indywidualna produktywno\u015b\u0107 ro\u015bnie, organizacyjna nie.<\/p>\n\t\t<\/div>\n\t\t\n\t\t<a class=\"elementor-post__read-more\" href=\"https:\/\/elementapp.ai\/blog\/gallup-2026-zaangazowanie-pracownikow-menedzerowie-ai\/\" aria-label=\"Read more about Gallup 2026: \u015bwiat pracy si\u0119 sypie, a mened\u017cerowie trac\u0105 zapa\u0142 szybciej ni\u017c reszta\" tabindex=\"-1\" >\n\t\t\tCzytaj wi\u0119cej \u00bb\t\t<\/a>\n\n\t\t\t\t<\/div>\n\t\t\t\t<\/article>\n\t\t\t\t<article class=\"elementor-post elementor-grid-item post-14119 post type-post status-publish format-standard has-post-thumbnail hentry category-blog-posts\" role=\"listitem\">\n\t\t\t\t<a class=\"elementor-post__thumbnail__link\" href=\"https:\/\/elementapp.ai\/blog\/wielka-reorganizacja-firmy-przebudowuja-sie-woko-ai\/\" tabindex=\"-1\" >\n\t\t\t<div class=\"elementor-post__thumbnail\"><img loading=\"lazy\" decoding=\"async\" width=\"300\" height=\"158\" src=\"https:\/\/elementapp.ai\/blog\/wp-content\/uploads\/2026\/04\/hero-wielka-reorganizacja-v2-300x158.jpg\" class=\"attachment-medium size-medium wp-image-14127\" alt=\"\" srcset=\"https:\/\/elementapp.ai\/blog\/wp-content\/uploads\/2026\/04\/hero-wielka-reorganizacja-v2-300x158.jpg 300w, https:\/\/elementapp.ai\/blog\/wp-content\/uploads\/2026\/04\/hero-wielka-reorganizacja-v2-768x403.jpg 768w, https:\/\/elementapp.ai\/blog\/wp-content\/uploads\/2026\/04\/hero-wielka-reorganizacja-v2.jpg 1200w\" sizes=\"(max-width: 300px) 100vw, 300px\" \/><\/div>\n\t\t<\/a>\n\t\t\t\t<div class=\"elementor-post__text\">\n\t\t\t\t<h3 class=\"elementor-post__title\">\n\t\t\t<a href=\"https:\/\/elementapp.ai\/blog\/wielka-reorganizacja-firmy-przebudowuja-sie-woko-ai\/\" >\n\t\t\t\tWielka reorganizacja: firmy przebudowuj\u0105 si\u0119 wok\u00f3\u0142 AI\t\t\t<\/a>\n\t\t<\/h3>\n\t\t\t\t<div class=\"elementor-post__meta-data\">\n\t\t\t\t\t<span class=\"elementor-post-author\">\n\t\t\tMaciej Michalewski\t\t<\/span>\n\t\t\t\t<span class=\"elementor-post-date\">\n\t\t\t1 kwietnia 2026\t\t<\/span>\n\t\t\t\t<\/div>\n\t\t\t\t<div class=\"elementor-post__excerpt\">\n\t\t\t<p>Foundation Capital zbada\u0142o 25 firm i odkry\u0142o, \u017ce AI zmienia nie tylko narz\u0119dzia, ale ca\u0142\u0105 struktur\u0119 organizacji. Cztery role pozostan\u0105 ludzkie.<\/p>\n\t\t<\/div>\n\t\t\n\t\t<a class=\"elementor-post__read-more\" href=\"https:\/\/elementapp.ai\/blog\/wielka-reorganizacja-firmy-przebudowuja-sie-woko-ai\/\" aria-label=\"Read more about Wielka reorganizacja: firmy przebudowuj\u0105 si\u0119 wok\u00f3\u0142 AI\" tabindex=\"-1\" >\n\t\t\tCzytaj wi\u0119cej \u00bb\t\t<\/a>\n\n\t\t\t\t<\/div>\n\t\t\t\t<\/article>\n\t\t\t\t<article class=\"elementor-post elementor-grid-item post-14110 post type-post status-publish format-standard has-post-thumbnail hentry category-blog-posts\" role=\"listitem\">\n\t\t\t\t<a class=\"elementor-post__thumbnail__link\" href=\"https:\/\/elementapp.ai\/blog\/social-media-polaryzuja-ai-depolaryzuje\/\" tabindex=\"-1\" >\n\t\t\t<div class=\"elementor-post__thumbnail\"><img loading=\"lazy\" decoding=\"async\" width=\"300\" height=\"158\" src=\"https:\/\/elementapp.ai\/blog\/wp-content\/uploads\/2026\/03\/hero_polaryzacja-300x158.jpg\" class=\"attachment-medium size-medium wp-image-14102\" alt=\"\" srcset=\"https:\/\/elementapp.ai\/blog\/wp-content\/uploads\/2026\/03\/hero_polaryzacja-300x158.jpg 300w, https:\/\/elementapp.ai\/blog\/wp-content\/uploads\/2026\/03\/hero_polaryzacja-768x403.jpg 768w, https:\/\/elementapp.ai\/blog\/wp-content\/uploads\/2026\/03\/hero_polaryzacja.jpg 1200w\" sizes=\"(max-width: 300px) 100vw, 300px\" \/><\/div>\n\t\t<\/a>\n\t\t\t\t<div class=\"elementor-post__text\">\n\t\t\t\t<h3 class=\"elementor-post__title\">\n\t\t\t<a href=\"https:\/\/elementapp.ai\/blog\/social-media-polaryzuja-ai-depolaryzuje\/\" >\n\t\t\t\tSocial Media polaryzuj\u0105. AI depolaryzuje?\t\t\t<\/a>\n\t\t<\/h3>\n\t\t\t\t<div class=\"elementor-post__meta-data\">\n\t\t\t\t\t<span class=\"elementor-post-author\">\n\t\t\tMaciej Michalewski\t\t<\/span>\n\t\t\t\t<span class=\"elementor-post-date\">\n\t\t\t30 marca 2026\t\t<\/span>\n\t\t\t\t<\/div>\n\t\t\t\t<div class=\"elementor-post__excerpt\">\n\t\t\t<p>Social Media polaryzuj\u0105. AI depolaryzuje? Wprowadzenie Niedawno chwali\u0142em Groka za fakt, \u017ce najmniej halucynuje i jest najmniej politycznie poprawny. Teraz mamy kolejne dane, kt\u00f3re uzupe\u0142niaj\u0105<\/p>\n\t\t<\/div>\n\t\t\n\t\t<a class=\"elementor-post__read-more\" href=\"https:\/\/elementapp.ai\/blog\/social-media-polaryzuja-ai-depolaryzuje\/\" aria-label=\"Read more about Social Media polaryzuj\u0105. AI depolaryzuje?\" tabindex=\"-1\" >\n\t\t\tCzytaj wi\u0119cej \u00bb\t\t<\/a>\n\n\t\t\t\t<\/div>\n\t\t\t\t<\/article>\n\t\t\t\t<\/div>\n\t\t\n\t\t\t\t\t\t<\/div>\n\t\t\t\t<\/div>\n\t\t\t\t\t<\/div>\n\t\t<\/div>\n\t\t\t\t\t<\/div>\n\t\t<\/section>\n\t\t\t\t<\/div>\n\t\t","protected":false},"excerpt":{"rendered":"<p>Polskie Forum HR uruchomi\u0142o danehr.pl, czyli portal zbieraj\u0105cy w jednym miejscu zatrudnienie, wynagrodzenia, bezrobocie i raporty z rynku pracy. Element jest partnerem technologicznym PFHR i zasila jedn\u0105 z sekcji portalu.<\/p>\n","protected":false},"author":1,"featured_media":14183,"comment_status":"open","ping_status":"open","sticky":false,"template":"","format":"standard","meta":{"_acf_changed":false,"_yoast_wpseo_focuskw":"danehr.pl","_yoast_wpseo_title":"danehr.pl: nowe centrum danych o rynku pracy w Polsce","_yoast_wpseo_metadesc":"Polskie Forum HR uruchomi\u0142o danehr.pl, serwis \u0142\u0105cz\u0105cy dane GUS, Eurostat i raporty bran\u017cowe o zatrudnieniu, wynagrodzeniach i polskich us\u0142ugach HR.","_yoast_wpseo_opengraph-title":"danehr.pl: nowe centrum danych o rynku pracy w Polsce","_yoast_wpseo_opengraph-description":"Polskie Forum HR uruchomi\u0142o danehr.pl, serwis \u0142\u0105cz\u0105cy dane GUS, Eurostat i raporty bran\u017cowe o zatrudnieniu, wynagrodzeniach i polskich us\u0142ugach HR.","_yoast_wpseo_opengraph-image":"https:\/\/elementapp.ai\/blog\/wp-content\/uploads\/2026\/05\/social-danehr-pfhr.jpg","_yoast_wpseo_opengraph-image-id":14184,"_yoast_wpseo_twitter-title":"danehr.pl: nowe centrum danych o rynku pracy w Polsce","_yoast_wpseo_twitter-description":"Polskie Forum HR uruchomi\u0142o danehr.pl, serwis \u0142\u0105cz\u0105cy dane GUS, Eurostat i raporty bran\u017cowe o zatrudnieniu, wynagrodzeniach i polskich us\u0142ugach HR.","_yoast_wpseo_twitter-image":"https:\/\/elementapp.ai\/blog\/wp-content\/uploads\/2026\/05\/social-danehr-pfhr.jpg","_yoast_wpseo_twitter-image-id":14184,"inline_featured_image":false,"site-sidebar-layout":"default","site-content-layout":"default","ast-global-header-display":"","ast-main-header-display":"","ast-hfb-above-header-display":"","ast-hfb-below-header-display":"","ast-hfb-mobile-header-display":"","site-post-title":"","ast-breadcrumbs-content":"","ast-featured-img":"","footer-sml-layout":"","theme-transparent-header-meta":"","adv-header-id-meta":"","stick-header-meta":"","header-above-stick-meta":"","header-main-stick-meta":"","header-below-stick-meta":"","footnotes":""},"categories":[2],"tags":[],"class_list":["post-14177","post","type-post","status-publish","format-standard","has-post-thumbnail","hentry","category-blog-posts"],"acf":[],"yoast_head":"<!-- This site is optimized with the Yoast SEO Premium plugin v27.4 (Yoast SEO v27.4) - https:\/\/yoast.com\/product\/yoast-seo-premium-wordpress\/ -->\n<title>danehr.pl: nowe centrum danych o rynku pracy w Polsce<\/title>\n<meta name=\"description\" content=\"Polskie Forum HR uruchomi\u0142o danehr.pl, serwis \u0142\u0105cz\u0105cy dane GUS, Eurostat i raporty bran\u017cowe o zatrudnieniu, wynagrodzeniach i polskich us\u0142ugach HR.\" \/>\n<meta name=\"robots\" content=\"index, follow, max-snippet:-1, max-image-preview:large, max-video-preview:-1\" \/>\n<link rel=\"canonical\" href=\"https:\/\/elementapp.ai\/blog\/danehr-pl-nowe-centrum-danych-polski-rynek-pracy\/\" \/>\n<meta property=\"og:locale\" content=\"pl_PL\" \/>\n<meta property=\"og:type\" content=\"article\" \/>\n<meta property=\"og:title\" content=\"danehr.pl: nowe centrum danych o rynku pracy w Polsce\" \/>\n<meta property=\"og:description\" content=\"Polskie Forum HR uruchomi\u0142o danehr.pl, serwis \u0142\u0105cz\u0105cy dane GUS, Eurostat i raporty bran\u017cowe o zatrudnieniu, wynagrodzeniach i polskich us\u0142ugach HR.\" \/>\n<meta property=\"og:url\" content=\"https:\/\/elementapp.ai\/blog\/danehr-pl-nowe-centrum-danych-polski-rynek-pracy\/\" \/>\n<meta property=\"og:site_name\" content=\"Element&#039;s Blog - nowo\u015bci ze \u015bwiata rekrutacji, HR Tech i Element\" \/>\n<meta property=\"article:publisher\" content=\"https:\/\/www.facebook.com\/elementappats\" \/>\n<meta property=\"article:author\" content=\"https:\/\/www.facebook.com\/elementappats\/\" \/>\n<meta property=\"article:published_time\" content=\"2026-05-01T13:29:23+00:00\" \/>\n<meta property=\"article:modified_time\" content=\"2026-05-01T13:33:47+00:00\" \/>\n<meta property=\"og:image\" content=\"https:\/\/elementapp.ai\/blog\/wp-content\/uploads\/2026\/05\/social-danehr-pfhr.jpg\" \/>\n\t<meta property=\"og:image:width\" content=\"1200\" \/>\n\t<meta property=\"og:image:height\" content=\"630\" \/>\n\t<meta property=\"og:image:type\" content=\"image\/jpeg\" \/>\n<meta name=\"author\" content=\"Maciej Michalewski\" \/>\n<meta name=\"twitter:card\" content=\"summary_large_image\" \/>\n<meta name=\"twitter:title\" content=\"danehr.pl: nowe centrum danych o rynku pracy w Polsce\" \/>\n<meta name=\"twitter:description\" content=\"Polskie Forum HR uruchomi\u0142o danehr.pl, serwis \u0142\u0105cz\u0105cy dane GUS, Eurostat i raporty bran\u017cowe o zatrudnieniu, wynagrodzeniach i polskich us\u0142ugach HR.\" \/>\n<meta name=\"twitter:image\" content=\"https:\/\/elementapp.ai\/blog\/wp-content\/uploads\/2026\/05\/social-danehr-pfhr.jpg\" \/>\n<meta name=\"twitter:label1\" content=\"Napisane przez\" \/>\n\t<meta name=\"twitter:data1\" content=\"Maciej Michalewski\" \/>\n\t<meta name=\"twitter:label2\" content=\"Szacowany czas czytania\" \/>\n\t<meta name=\"twitter:data2\" content=\"8 minut\" \/>\n<!-- \/ Yoast SEO Premium plugin. -->","yoast_head_json":{"title":"danehr.pl: nowe centrum danych o rynku pracy w Polsce","description":"Polskie Forum HR uruchomi\u0142o danehr.pl, serwis \u0142\u0105cz\u0105cy dane GUS, Eurostat i raporty bran\u017cowe o zatrudnieniu, wynagrodzeniach i polskich us\u0142ugach HR.","robots":{"index":"index","follow":"follow","max-snippet":"max-snippet:-1","max-image-preview":"max-image-preview:large","max-video-preview":"max-video-preview:-1"},"canonical":"https:\/\/elementapp.ai\/blog\/danehr-pl-nowe-centrum-danych-polski-rynek-pracy\/","og_locale":"pl_PL","og_type":"article","og_title":"danehr.pl: nowe centrum danych o rynku pracy w Polsce","og_description":"Polskie Forum HR uruchomi\u0142o danehr.pl, serwis \u0142\u0105cz\u0105cy dane GUS, Eurostat i raporty bran\u017cowe o zatrudnieniu, wynagrodzeniach i polskich us\u0142ugach HR.","og_url":"https:\/\/elementapp.ai\/blog\/danehr-pl-nowe-centrum-danych-polski-rynek-pracy\/","og_site_name":"Element&#039;s Blog - nowo\u015bci ze \u015bwiata rekrutacji, HR Tech i Element","article_publisher":"https:\/\/www.facebook.com\/elementappats","article_author":"https:\/\/www.facebook.com\/elementappats\/","article_published_time":"2026-05-01T13:29:23+00:00","article_modified_time":"2026-05-01T13:33:47+00:00","og_image":[{"width":1200,"height":630,"url":"https:\/\/elementapp.ai\/blog\/wp-content\/uploads\/2026\/05\/social-danehr-pfhr.jpg","type":"image\/jpeg"}],"author":"Maciej Michalewski","twitter_card":"summary_large_image","twitter_title":"danehr.pl: nowe centrum danych o rynku pracy w Polsce","twitter_description":"Polskie Forum HR uruchomi\u0142o danehr.pl, serwis \u0142\u0105cz\u0105cy dane GUS, Eurostat i raporty bran\u017cowe o zatrudnieniu, wynagrodzeniach i polskich us\u0142ugach HR.","twitter_image":"https:\/\/elementapp.ai\/blog\/wp-content\/uploads\/2026\/05\/social-danehr-pfhr.jpg","twitter_misc":{"Napisane przez":"Maciej Michalewski","Szacowany czas czytania":"8 minut"},"schema":{"@context":"https:\/\/schema.org","@graph":[{"@type":"Article","@id":"https:\/\/elementapp.ai\/blog\/danehr-pl-nowe-centrum-danych-polski-rynek-pracy\/#article","isPartOf":{"@id":"https:\/\/elementapp.ai\/blog\/danehr-pl-nowe-centrum-danych-polski-rynek-pracy\/"},"author":{"name":"Maciej Michalewski","@id":"https:\/\/elementapp.ai\/blog\/#\/schema\/person\/02f4e59e019634b9e2fb09c00bf93f1e"},"headline":"danehr.pl: nowe centrum danych o polskim rynku pracy od Polskiego Forum HR","datePublished":"2026-05-01T13:29:23+00:00","dateModified":"2026-05-01T13:33:47+00:00","mainEntityOfPage":{"@id":"https:\/\/elementapp.ai\/blog\/danehr-pl-nowe-centrum-danych-polski-rynek-pracy\/"},"wordCount":701,"commentCount":0,"publisher":{"@id":"https:\/\/elementapp.ai\/blog\/#organization"},"image":{"@id":"https:\/\/elementapp.ai\/blog\/danehr-pl-nowe-centrum-danych-polski-rynek-pracy\/#primaryimage"},"thumbnailUrl":"https:\/\/elementapp.ai\/blog\/wp-content\/uploads\/2026\/05\/hero-danehr-pfhr.jpg","articleSection":["Blog-posts"],"inLanguage":"pl-PL","potentialAction":[{"@type":"CommentAction","name":"Comment","target":["https:\/\/elementapp.ai\/blog\/danehr-pl-nowe-centrum-danych-polski-rynek-pracy\/#respond"]}]},{"@type":"WebPage","@id":"https:\/\/elementapp.ai\/blog\/danehr-pl-nowe-centrum-danych-polski-rynek-pracy\/","url":"https:\/\/elementapp.ai\/blog\/danehr-pl-nowe-centrum-danych-polski-rynek-pracy\/","name":"danehr.pl: nowe centrum danych o rynku pracy w Polsce","isPartOf":{"@id":"https:\/\/elementapp.ai\/blog\/#website"},"primaryImageOfPage":{"@id":"https:\/\/elementapp.ai\/blog\/danehr-pl-nowe-centrum-danych-polski-rynek-pracy\/#primaryimage"},"image":{"@id":"https:\/\/elementapp.ai\/blog\/danehr-pl-nowe-centrum-danych-polski-rynek-pracy\/#primaryimage"},"thumbnailUrl":"https:\/\/elementapp.ai\/blog\/wp-content\/uploads\/2026\/05\/hero-danehr-pfhr.jpg","datePublished":"2026-05-01T13:29:23+00:00","dateModified":"2026-05-01T13:33:47+00:00","description":"Polskie Forum HR uruchomi\u0142o danehr.pl, serwis \u0142\u0105cz\u0105cy dane GUS, Eurostat i raporty bran\u017cowe o zatrudnieniu, wynagrodzeniach i polskich us\u0142ugach HR.","breadcrumb":{"@id":"https:\/\/elementapp.ai\/blog\/danehr-pl-nowe-centrum-danych-polski-rynek-pracy\/#breadcrumb"},"inLanguage":"pl-PL","potentialAction":[{"@type":"ReadAction","target":["https:\/\/elementapp.ai\/blog\/danehr-pl-nowe-centrum-danych-polski-rynek-pracy\/"]}]},{"@type":"ImageObject","inLanguage":"pl-PL","@id":"https:\/\/elementapp.ai\/blog\/danehr-pl-nowe-centrum-danych-polski-rynek-pracy\/#primaryimage","url":"https:\/\/elementapp.ai\/blog\/wp-content\/uploads\/2026\/05\/hero-danehr-pfhr.jpg","contentUrl":"https:\/\/elementapp.ai\/blog\/wp-content\/uploads\/2026\/05\/hero-danehr-pfhr.jpg","width":1920,"height":1080},{"@type":"BreadcrumbList","@id":"https:\/\/elementapp.ai\/blog\/danehr-pl-nowe-centrum-danych-polski-rynek-pracy\/#breadcrumb","itemListElement":[{"@type":"ListItem","position":1,"name":"Strona g\u0142\u00f3wna","item":"https:\/\/elementapp.ai\/blog\/"},{"@type":"ListItem","position":2,"name":"danehr.pl: nowe centrum danych o polskim rynku pracy od Polskiego Forum HR"}]},{"@type":"WebSite","@id":"https:\/\/elementapp.ai\/blog\/#website","url":"https:\/\/elementapp.ai\/blog\/","name":"Element's Blog - nowo\u015bci ze \u015bwiata rekrutacji, HR Tech i Element","description":"Najciekawsze informacje ze \u015bwiata rekrutacji, rynku pracy, technologii rekrutacyjnych oraz systemu rekrutacyjnego Element","publisher":{"@id":"https:\/\/elementapp.ai\/blog\/#organization"},"potentialAction":[{"@type":"SearchAction","target":{"@type":"EntryPoint","urlTemplate":"https:\/\/elementapp.ai\/blog\/?s={search_term_string}"},"query-input":{"@type":"PropertyValueSpecification","valueRequired":true,"valueName":"search_term_string"}}],"inLanguage":"pl-PL"},{"@type":"Organization","@id":"https:\/\/elementapp.ai\/blog\/#organization","name":"Element ATS system rekrutacyjny","url":"https:\/\/elementapp.ai\/blog\/","logo":{"@type":"ImageObject","inLanguage":"pl-PL","@id":"https:\/\/elementapp.ai\/blog\/#\/schema\/logo\/image\/","url":"https:\/\/elementapp.ai\/blog\/wp-content\/uploads\/2019\/09\/element-system-logo.svg","contentUrl":"https:\/\/elementapp.ai\/blog\/wp-content\/uploads\/2019\/09\/element-system-logo.svg","width":1,"height":1,"caption":"Element ATS system rekrutacyjny"},"image":{"@id":"https:\/\/elementapp.ai\/blog\/#\/schema\/logo\/image\/"},"sameAs":["https:\/\/www.facebook.com\/elementappats"]},{"@type":"Person","@id":"https:\/\/elementapp.ai\/blog\/#\/schema\/person\/02f4e59e019634b9e2fb09c00bf93f1e","name":"Maciej Michalewski","image":{"@type":"ImageObject","inLanguage":"pl-PL","@id":"https:\/\/secure.gravatar.com\/avatar\/9d00803e2237f6212234740ce5ee8400cf3c04cf469dc8728a7fdd0d2a1e8cc7?s=96&d=mm&r=g","url":"https:\/\/secure.gravatar.com\/avatar\/9d00803e2237f6212234740ce5ee8400cf3c04cf469dc8728a7fdd0d2a1e8cc7?s=96&d=mm&r=g","contentUrl":"https:\/\/secure.gravatar.com\/avatar\/9d00803e2237f6212234740ce5ee8400cf3c04cf469dc8728a7fdd0d2a1e8cc7?s=96&d=mm&r=g","caption":"Maciej Michalewski"},"description":"Since 2010 I have been professionally involved in the recruitment industry. Since 2014, I and a team of talented software developers, have been developing Element, an innovative recruitment system which makes recruiting fast and simple. I am a tech lover, and my mission is to find and create new solutions that will positively impact the recruitment market.","sameAs":["https:\/\/www.facebook.com\/elementappats\/","https:\/\/www.linkedin.com\/company\/13982762"]}]}},"_links":{"self":[{"href":"https:\/\/elementapp.ai\/blog\/wp-json\/wp\/v2\/posts\/14177","targetHints":{"allow":["GET"]}}],"collection":[{"href":"https:\/\/elementapp.ai\/blog\/wp-json\/wp\/v2\/posts"}],"about":[{"href":"https:\/\/elementapp.ai\/blog\/wp-json\/wp\/v2\/types\/post"}],"author":[{"embeddable":true,"href":"https:\/\/elementapp.ai\/blog\/wp-json\/wp\/v2\/users\/1"}],"replies":[{"embeddable":true,"href":"https:\/\/elementapp.ai\/blog\/wp-json\/wp\/v2\/comments?post=14177"}],"version-history":[{"count":5,"href":"https:\/\/elementapp.ai\/blog\/wp-json\/wp\/v2\/posts\/14177\/revisions"}],"predecessor-version":[{"id":14188,"href":"https:\/\/elementapp.ai\/blog\/wp-json\/wp\/v2\/posts\/14177\/revisions\/14188"}],"wp:featuredmedia":[{"embeddable":true,"href":"https:\/\/elementapp.ai\/blog\/wp-json\/wp\/v2\/media\/14183"}],"wp:attachment":[{"href":"https:\/\/elementapp.ai\/blog\/wp-json\/wp\/v2\/media?parent=14177"}],"wp:term":[{"taxonomy":"category","embeddable":true,"href":"https:\/\/elementapp.ai\/blog\/wp-json\/wp\/v2\/categories?post=14177"},{"taxonomy":"post_tag","embeddable":true,"href":"https:\/\/elementapp.ai\/blog\/wp-json\/wp\/v2\/tags?post=14177"}],"curies":[{"name":"wp","href":"https:\/\/api.w.org\/{rel}","templated":true}]}}