{"id":14556,"date":"2026-09-02T07:35:20","date_gmt":"2026-09-02T05:35:20","guid":{"rendered":"https:\/\/elementapp.ai\/blog\/?p=14556"},"modified":"2026-09-02T07:35:22","modified_gmt":"2026-09-02T05:35:22","slug":"pola-i-tagi-w-elemencie","status":"publish","type":"post","link":"https:\/\/elementapp.ai\/blog\/pola-i-tagi-w-elemencie\/","title":{"rendered":"Pola i tagi w Elemencie: system dla ma\u0142ej i mi\u0119dzynarodowej firmy"},"content":{"rendered":"\t\t<div data-elementor-type=\"wp-post\" data-elementor-id=\"14556\" class=\"elementor elementor-14556\" data-elementor-post-type=\"post\">\n\t\t\t\t\t\t<section class=\"elementor-section elementor-top-section elementor-element elementor-element-3877834d elementor-section-boxed elementor-section-height-default elementor-section-height-default\" data-id=\"3877834d\" data-element_type=\"section\" data-e-type=\"section\">\n\t\t\t\t\t\t<div class=\"elementor-container elementor-column-gap-default\">\n\t\t\t\t\t<div class=\"elementor-column elementor-col-100 elementor-top-column elementor-element elementor-element-a2362de\" data-id=\"a2362de\" data-element_type=\"column\" data-e-type=\"column\">\n\t\t\t<div class=\"elementor-widget-wrap\">\n\t\t\t\t\t\t\t<\/div>\n\t\t<\/div>\n\t\t\t\t\t<\/div>\n\t\t<\/section>\n\t\t\t\t<section class=\"elementor-section elementor-top-section elementor-element elementor-element-712989b2 elementor-section-boxed elementor-section-height-default elementor-section-height-default\" data-id=\"712989b2\" data-element_type=\"section\" data-e-type=\"section\">\n\t\t\t\t\t\t<div class=\"elementor-container elementor-column-gap-default\">\n\t\t\t\t\t<div class=\"elementor-column elementor-col-100 elementor-top-column elementor-element elementor-element-7f684d2a\" data-id=\"7f684d2a\" data-element_type=\"column\" data-e-type=\"column\">\n\t\t\t<div class=\"elementor-widget-wrap elementor-element-populated\">\n\t\t\t\t\t\t<div class=\"elementor-element elementor-element-5d7c90b5 elementor-widget-divider--view-line_icon elementor-view-default elementor-widget-divider--element-align-center elementor-widget elementor-widget-divider\" data-id=\"5d7c90b5\" data-element_type=\"widget\" data-e-type=\"widget\" data-widget_type=\"divider.default\">\n\t\t\t\t<div class=\"elementor-widget-container\">\n\t\t\t\t\t\t\t<div class=\"elementor-divider\">\n\t\t\t<span class=\"elementor-divider-separator\">\n\t\t\t\t\t\t\t<div class=\"elementor-icon elementor-divider__element\">\n\t\t\t\t\t<i aria-hidden=\"true\" class=\"far fa-bookmark\"><\/i><\/div>\n\t\t\t\t\t\t<\/span>\n\t\t<\/div>\n\t\t\t\t\t\t<\/div>\n\t\t\t\t<\/div>\n\t\t\t\t\t<\/div>\n\t\t<\/div>\n\t\t\t\t\t<\/div>\n\t\t<\/section>\n\t\t\t\t<section class=\"elementor-section elementor-top-section elementor-element elementor-element-275afbfa elementor-section-boxed elementor-section-height-default elementor-section-height-default\" data-id=\"275afbfa\" data-element_type=\"section\" data-e-type=\"section\">\n\t\t\t\t\t\t<div class=\"elementor-container elementor-column-gap-default\">\n\t\t\t\t\t<div class=\"elementor-column elementor-col-100 elementor-top-column elementor-element elementor-element-59180378\" data-id=\"59180378\" data-element_type=\"column\" data-e-type=\"column\">\n\t\t\t<div class=\"elementor-widget-wrap elementor-element-populated\">\n\t\t\t\t\t\t<div class=\"elementor-element elementor-element-7fd77430 elementor-widget elementor-widget-heading\" data-id=\"7fd77430\" data-element_type=\"widget\" data-e-type=\"widget\" data-widget_type=\"heading.default\">\n\t\t\t\t<div class=\"elementor-widget-container\">\n\t\t\t\t\t<h1 class=\"elementor-heading-title elementor-size-default\">Pola i tagi w Elemencie:  dopasuj ATS do potrzeb dowolnej firmy<\/h1>\t\t\t\t<\/div>\n\t\t\t\t<\/div>\n\t\t\t\t<div class=\"elementor-element elementor-element-5d9791ca elementor-widget elementor-widget-text-editor\" data-id=\"5d9791ca\" data-element_type=\"widget\" data-e-type=\"widget\" data-widget_type=\"text-editor.default\">\n\t\t\t\t<div class=\"elementor-widget-container\">\n\t\t\t\t\t\t\t\t\t2 wrze\u015bnia 2026\t\t\t\t\t\t\t\t<\/div>\n\t\t\t\t<\/div>\n\t\t\t\t\t<\/div>\n\t\t<\/div>\n\t\t\t\t\t<\/div>\n\t\t<\/section>\n\t\t\t\t<section class=\"elementor-section elementor-top-section elementor-element elementor-element-4abf4451 elementor-section-boxed elementor-section-height-default elementor-section-height-default\" data-id=\"4abf4451\" data-element_type=\"section\" data-e-type=\"section\" data-settings=\"{&quot;background_background&quot;:&quot;classic&quot;}\">\n\t\t\t\t\t\t<div class=\"elementor-container elementor-column-gap-default\">\n\t\t\t\t\t<div class=\"elementor-column elementor-col-66 elementor-top-column elementor-element elementor-element-672d92b6\" data-id=\"672d92b6\" data-element_type=\"column\" data-e-type=\"column\" data-settings=\"{&quot;background_background&quot;:&quot;classic&quot;}\">\n\t\t\t<div class=\"elementor-widget-wrap elementor-element-populated\">\n\t\t\t\t\t\t<div class=\"elementor-element elementor-element-97c48b8 elementor-widget elementor-widget-heading\" data-id=\"97c48b8\" data-element_type=\"widget\" data-e-type=\"widget\" data-widget_type=\"heading.default\">\n\t\t\t\t<div class=\"elementor-widget-container\">\n\t\t\t\t\t<h2 class=\"elementor-heading-title elementor-size-default\">Wprowadzenie<\/h2>\t\t\t\t<\/div>\n\t\t\t\t<\/div>\n\t\t\t\t<div class=\"elementor-element elementor-element-51479630 elementor-widget elementor-widget-text-editor\" data-id=\"51479630\" data-element_type=\"widget\" data-e-type=\"widget\" data-widget_type=\"text-editor.default\">\n\t\t\t\t<div class=\"elementor-widget-container\">\n\t\t\t\t\t\t\t\t\t<p>Od wczoraj w Elemencie dzia\u0142a nowy ekran \u201ePola i tagi&#8221;, a najkr\u00f3cej mo\u017cna go opisa\u0107 tak: dostajecie zestaw klock\u00f3w, z kt\u00f3rych uk\u0142adacie system pod w\u0142asn\u0105 firm\u0119. Dowoln\u0105 liczb\u0119 p\u00f3l na projektach i na kandydatach, tagi, kt\u00f3re przypina si\u0119 nie tylko do projektu i do kandydata, ale r\u00f3wnie\u017c do konta u\u017cytkownika, oraz prze\u0142\u0105cznik, po kt\u00f3rym grupa tag\u00f3w zaczyna decydowa\u0107, kto co widzi w bazie. Z tego samego zestawu sk\u0142ada si\u0119 i narz\u0119dzie dla trzyosobowej agencji z jednego miasta, i podzia\u0142 bazy mi\u0119dzy kraje w organizacji, kt\u00f3ra rekrutuje na kilku rynkach naraz.<\/p>\n<p>Zanim przejd\u0119 do przyk\u0142ad\u00f3w, jedno uspokojenie dla os\u00f3b, kt\u00f3re ju\u017c maj\u0105 swoje pola pouk\u0142adane. Wszystkie dzia\u0142aj\u0105 dalej, zapisane w nich warto\u015bci zosta\u0142y na miejscu, filtry po nich odpowiadaj\u0105 tak samo jak wcze\u015bniej, a og\u0142oszenia publikuj\u0105 si\u0119 bez zmian. Zmieni\u0142o si\u0119 miejsce konfiguracji, czyli Ustawienia, potem Zarz\u0105dzanie projektami i Pola i tagi, oraz to, \u017ce obok p\u00f3l stan\u0105\u0142 drugi rodzaj opisu. Tagi to kolorowe etykiety, kt\u00f3re wida\u0107 na li\u015bcie i na tablicy rekrutacji bez wchodzenia w szczeg\u00f3\u0142y rekordu. W <a href=\"https:\/\/elementapp.ai\/blog\/co-nowego-w-elemencie-lipiec-2026\/\" target=\"_blank\" rel=\"noopener\" style=\"color: #0000ff\">lipcowym podsumowaniu zmian<\/a> pisa\u0142em o konfiguratorze p\u00f3l i zarz\u0105dzaniu kolumnami, a to jest jego dalszy ci\u0105g.<\/p>\t\t\t\t\t\t\t\t<\/div>\n\t\t\t\t<\/div>\n\t\t\t\t<div class=\"elementor-element elementor-element-3396630b elementor-widget elementor-widget-image\" data-id=\"3396630b\" data-element_type=\"widget\" data-e-type=\"widget\" data-widget_type=\"image.default\">\n\t\t\t\t<div class=\"elementor-widget-container\">\n\t\t\t\t\t\t\t\t\t\t\t\t\t\t\t\t<a href=\"https:\/\/elementapp.ai\/blog\/wp-content\/uploads\/2026\/09\/element-pola-i-tagi-lista.webp\" data-elementor-open-lightbox=\"yes\" data-elementor-lightbox-title=\"Ekran Pola i tagi w systemie Element z grupami tagow i polami\" data-e-action-hash=\"#elementor-action%3Aaction%3Dlightbox%26settings%3DeyJpZCI6MTQ1NDksInVybCI6Imh0dHBzOlwvXC9lbGVtZW50YXBwLmFpXC9ibG9nXC93cC1jb250ZW50XC91cGxvYWRzXC8yMDI2XC8wOVwvZWxlbWVudC1wb2xhLWktdGFnaS1saXN0YS53ZWJwIn0%3D\">\n\t\t\t\t\t\t\t<img fetchpriority=\"high\" decoding=\"async\" width=\"768\" height=\"432\" src=\"https:\/\/elementapp.ai\/blog\/wp-content\/uploads\/2026\/09\/element-pola-i-tagi-lista-768x432.webp\" class=\"attachment-medium_large size-medium_large wp-image-14549\" alt=\"Ekran Pola i tagi w systemie Element z grupami tagow i polami\" srcset=\"https:\/\/elementapp.ai\/blog\/wp-content\/uploads\/2026\/09\/element-pola-i-tagi-lista-768x432.webp 768w, https:\/\/elementapp.ai\/blog\/wp-content\/uploads\/2026\/09\/element-pola-i-tagi-lista-300x169.webp 300w, https:\/\/elementapp.ai\/blog\/wp-content\/uploads\/2026\/09\/element-pola-i-tagi-lista.webp 1400w\" sizes=\"(max-width: 768px) 100vw, 768px\" \/>\t\t\t\t\t\t\t\t<\/a>\n\t\t\t\t\t\t\t\t\t\t\t\t\t\t\t<\/div>\n\t\t\t\t<\/div>\n\t\t\t\t<div class=\"elementor-element elementor-element-05c41479 elementor-widget elementor-widget-text-editor\" data-id=\"05c41479\" data-element_type=\"widget\" data-e-type=\"widget\" data-widget_type=\"text-editor.default\">\n\t\t\t\t<div class=\"elementor-widget-container\">\n\t\t\t\t\t\t\t\t\t<p style=\"text-align:center;\"><em>Grupy tag\u00f3w maj\u0105 zielon\u0105 kraw\u0119d\u017a i pokazuj\u0105 swoje etykiety od razu, pola maj\u0105 niebiesk\u0105 i pokazuj\u0105 liczb\u0119 warto\u015bci<\/em><\/p>\t\t\t\t\t\t\t\t<\/div>\n\t\t\t\t<\/div>\n\t\t\t\t<div class=\"elementor-element elementor-element-cc3e0244 elementor-widget elementor-widget-heading\" data-id=\"cc3e0244\" data-element_type=\"widget\" data-e-type=\"widget\" data-widget_type=\"heading.default\">\n\t\t\t\t<div class=\"elementor-widget-container\">\n\t\t\t\t\t<h2 class=\"elementor-heading-title elementor-size-default\">Trzy klocki i to, co ka\u017cdy z nich potrafi<\/h2>\t\t\t\t<\/div>\n\t\t\t\t<\/div>\n\t\t\t\t<div class=\"elementor-element elementor-element-ff4e8d4e elementor-widget elementor-widget-text-editor\" data-id=\"ff4e8d4e\" data-element_type=\"widget\" data-e-type=\"widget\" data-widget_type=\"text-editor.default\">\n\t\t\t\t<div class=\"elementor-widget-container\">\n\t\t\t\t\t\t\t\t\t<p>Pierwszy klocek to pola. Dok\u0142adacie ich tyle, ile potrzebujecie, osobno do projekt\u00f3w i osobno do kandydat\u00f3w, w sze\u015bciu typach: skala, data, tekst otwarty, dni tygodnia oraz dwa rodzaje list warto\u015bci. Nie ma tu limitu ani pakietu, w kt\u00f3rym \u201edodatkowe pola&#8221; s\u0105 osobno p\u0142atnym dodatkiem. Pole odpowiada na pytanie o to, jaka jest warto\u015b\u0107, i dlatego trafia do formularza, do og\u0142oszenia i do eksportu.<\/p>\n<p>Drugi klocek to tagi, czyli kolorowe etykiety, kt\u00f3re wida\u0107 bez wchodzenia w rekord. Tag mo\u017cna przypi\u0105\u0107 do projektu, do kandydata i do konta u\u017cytkownika, i to ostatnie jest tutaj rzecz\u0105 nieoczywist\u0105. Nie znam drugiego systemu rekrutacyjnego, w kt\u00f3rym etykieta wisi tak\u017ce na cz\u0142owieku pracuj\u0105cym w systemie, a nie tylko na danych, kt\u00f3re on przegl\u0105da. Trzeci klocek jest jednym prze\u0142\u0105cznikiem przy grupie tag\u00f3w i nazywa si\u0119 \u201eTa grupa ogranicza dost\u0119p do rekord\u00f3w&#8221;. Dopiero po jego w\u0142\u0105czeniu tagi z tej grupy przestaj\u0105 by\u0107 opisem, a zaczynaj\u0105 by\u0107 granic\u0105 bazy: liczy si\u0119, czy tag u\u017cytkownika spotyka si\u0119 z tagiem rekordu.<\/p>\t\t\t\t\t\t\t\t<\/div>\n\t\t\t\t<\/div>\n\t\t\t\t<div class=\"elementor-element elementor-element-b5947fb0 elementor-widget elementor-widget-heading\" data-id=\"b5947fb0\" data-element_type=\"widget\" data-e-type=\"widget\" data-widget_type=\"heading.default\">\n\t\t\t\t<div class=\"elementor-widget-container\">\n\t\t\t\t\t<h2 class=\"elementor-heading-title elementor-size-default\">Ma\u0142a firma: w\u0142asne pola i rekruter z zewn\u0105trz na jednym projekcie<\/h2>\t\t\t\t<\/div>\n\t\t\t\t<\/div>\n\t\t\t\t<div class=\"elementor-element elementor-element-0c7f9f7b elementor-widget elementor-widget-text-editor\" data-id=\"0c7f9f7b\" data-element_type=\"widget\" data-e-type=\"widget\" data-widget_type=\"text-editor.default\">\n\t\t\t\t<div class=\"elementor-widget-container\">\n\t\t\t\t\t\t\t\t\t<p>W ma\u0142ej agencji podzia\u0142 dost\u0119pu zwykle nie jest problemem, bo wszyscy i tak siedz\u0105 w jednym pokoju. Problemem jest to, \u017ce <a href=\"https:\/\/elementapp.ai\/wszystko-o-ats\" target=\"_blank\" rel=\"noopener\" style=\"color: #0000ff\">ATS<\/a> z pude\u0142ka opisuje kandydata og\u00f3lnie, a konkretna firma rekrutuje w jednej bran\u017cy i potrzebuje rzeczy, kt\u00f3rych w standardzie nie ma. Przy produkcji b\u0119dzie to kategoria prawa jazdy i uprawnienia SEP, przy gastronomii aktualne badania sanitarno-epidemiologiczne, przy pracy tymczasowej dyspozycyjno\u015b\u0107 w weekendy i oczekiwana stawka godzinowa. Z tego, co widz\u0119 u klient\u00f3w, te informacje l\u0105dowa\u0142y dot\u0105d w notatce albo w kolumnie \u201eUwagi&#8221;, z kt\u00f3rej nie da si\u0119 nic odfiltrowa\u0107 ani policzy\u0107. Teraz s\u0105 osobnymi polami, po kt\u00f3rych dzia\u0142a wyszukiwarka.<\/p>\n<p>Tagi w takim zespole robi\u0105 za wsp\u00f3ln\u0105 pami\u0119\u0107. Trzy etykiety w rodzaju \u201eDo oddzwonienia&#8221;, \u201eZ polecenia&#8221; i \u201eNie kontaktowa\u0107&#8221; wida\u0107 kolorem na tablicy rekrutacji i na li\u015bcie kandydat\u00f3w, wi\u0119c nikt nie musi otwiera\u0107 profilu, \u017ceby sprawdzi\u0107, czy warto dzwoni\u0107. Filtr \u201eKandydat nie ma tag\u00f3w&#8221; pozwala przy okazji wyci\u0105\u0107 z wynik\u00f3w ca\u0142\u0105 grup\u0119 naraz, na przyk\u0142ad znale\u017a\u0107 programist\u0119 Javy z pomini\u0119ciem os\u00f3b oznaczonych jako niedost\u0119pne.<\/p>\n<p>Jest jeszcze jedna sytuacja, w kt\u00f3rej ma\u0142a firma korzysta z ograniczania dost\u0119pu dok\u0142adnie tak samo jak korporacja, tylko w mniejszej skali. Bierzecie freelancera albo podwykonawc\u0119 do jednego projektu i nie chcecie, \u017ceby przy okazji dosta\u0142 wgl\u0105d w ca\u0142\u0105 baz\u0119 kandydat\u00f3w zbieran\u0105 od lat. Zak\u0142adacie wtedy grup\u0119 tag\u00f3w \u201eZlecenia zewn\u0119trzne&#8221; z w\u0142\u0105czonym ograniczaniem, oznaczacie ni\u0105 ten jeden projekt i to samo oznaczenie dajecie kontu tej osoby. Widzi sw\u00f3j projekt i kandydat\u00f3w, kt\u00f3rzy do niego aplikowali, a reszta bazy pozostaje poza zasi\u0119giem. Po zako\u0144czeniu wsp\u00f3\u0142pracy zdejmujecie tag z konta i temat jest zamkni\u0119ty. Wydaje mi si\u0119, \u017ce to w\u0142a\u015bnie ten scenariusz najcz\u0119\u015bciej przekona mniejsz\u0105 firm\u0119 do si\u0119gni\u0119cia po ograniczanie dost\u0119pu, a nie \u017cadna rozbudowana polityka uprawnie\u0144.<\/p>\t\t\t\t\t\t\t\t<\/div>\n\t\t\t\t<\/div>\n\t\t\t\t<div class=\"elementor-element elementor-element-14d6a97c elementor-widget elementor-widget-heading\" data-id=\"14d6a97c\" data-element_type=\"widget\" data-e-type=\"widget\" data-widget_type=\"heading.default\">\n\t\t\t\t<div class=\"elementor-widget-container\">\n\t\t\t\t\t<h2 class=\"elementor-heading-title elementor-size-default\">Mi\u0119dzynarodowa firma: tagi, kt\u00f3re nie tylko opisuj\u0105, ale te\u017c ograniczaj\u0105 dost\u0119p<\/h2>\t\t\t\t<\/div>\n\t\t\t\t<\/div>\n\t\t\t\t<div class=\"elementor-element elementor-element-0d5af2fb elementor-widget elementor-widget-text-editor\" data-id=\"0d5af2fb\" data-element_type=\"widget\" data-e-type=\"widget\" data-widget_type=\"text-editor.default\">\n\t\t\t\t<div class=\"elementor-widget-container\">\n\t\t\t\t\t\t\t\t\t<p>Ten sam mechanizm w wi\u0119kszej skali rozwi\u0105zuje problem, z kt\u00f3rym firmy rekrutuj\u0105ce w kilku krajach mierz\u0105 si\u0119 od dawna. Nie nazwa\u0142bym tego wynalazkiem, bo du\u017ce systemy korporacyjne od lat maj\u0105 uprawnienia oparte na atrybutach, natomiast w narz\u0119dziu rekrutacyjnym spotyka si\u0119 to rzadko i zwykle oznacza osobny modu\u0142 uprawnie\u0144, a nie jeden prze\u0142\u0105cznik przy li\u015bcie etykiet.<\/p>\n<p>We\u017amy organizacj\u0119, kt\u00f3ra rekrutuje w Polsce, w Niemczech i w Czechach, a wszystko trzyma w jednym Elemencie. Wsp\u00f3lna baza ma sens, bo firma jest jedna, tylko \u017ce rekruter z Berlina nie powinien przegl\u0105da\u0107 kandydat\u00f3w, kt\u00f3rzy aplikowali do polskich projekt\u00f3w. Takie rozdzielenie robi\u0142o si\u0119 dot\u0105d albo osobnymi instancjami systemu, albo r\u0119cznym pilnowaniem uprawnie\u0144 przy ka\u017cdym projekcie z osobna. Teraz wystarczy jedna grupa tag\u00f3w i trzy kroki.<\/p>\t\t\t\t\t\t\t\t<\/div>\n\t\t\t\t<\/div>\n\t\t\t\t<div class=\"elementor-element elementor-element-49a7f768 elementor-widget elementor-widget-heading\" data-id=\"49a7f768\" data-element_type=\"widget\" data-e-type=\"widget\" data-widget_type=\"heading.default\">\n\t\t\t\t<div class=\"elementor-widget-container\">\n\t\t\t\t\t<h3 class=\"elementor-heading-title elementor-size-default\">Jak rozdzieli\u0107 kraje w trzech krokach<\/h3>\t\t\t\t<\/div>\n\t\t\t\t<\/div>\n\t\t\t\t<div class=\"elementor-element elementor-element-c8a1351b elementor-widget elementor-widget-text-editor\" data-id=\"c8a1351b\" data-element_type=\"widget\" data-e-type=\"widget\" data-widget_type=\"text-editor.default\">\n\t\t\t\t<div class=\"elementor-widget-container\">\n\t\t\t\t\t\t\t\t\t<ol>\n<li><strong>Za\u0142\u00f3\u017c grup\u0119 \u201eKraj&#8221;.<\/strong> W Ustawieniach, w sekcji Pola i tagi, kliknij \u201e+ Nowa grupa tag\u00f3w&#8221;, ustaw zakres na \u201eOba&#8221;, bo tym samym tagiem oznaczysz i projekty, i kandydat\u00f3w, dopisz tagi Polska, Niemcy i Czechy, a na koniec w\u0142\u0105cz prze\u0142\u0105cznik \u201eTa grupa ogranicza dost\u0119p do rekord\u00f3w&#8221;.<\/li>\n<li><strong>Otaguj projekty.<\/strong> W projekcie wejd\u017a w Ustawienia projektu, potem Opis, i w sekcji \u201eKonfiguracja projektu&#8221; wska\u017c w\u0142a\u015bciwy kraj.<\/li>\n<li><strong>Nadaj tagi ludziom.<\/strong> W Ustawieniach, w U\u017cytkownikach, kliknij k\u0142\u00f3dk\u0119 przy danej osobie i w oknie \u201eTagi dost\u0119pu&#8221; przypisz jej kraj, w kt\u00f3rym pracuje.<\/li>\n<\/ol>\t\t\t\t\t\t\t\t<\/div>\n\t\t\t\t<\/div>\n\t\t\t\t<div class=\"elementor-element elementor-element-9dacd29d elementor-widget elementor-widget-image\" data-id=\"9dacd29d\" data-element_type=\"widget\" data-e-type=\"widget\" data-widget_type=\"image.default\">\n\t\t\t\t<div class=\"elementor-widget-container\">\n\t\t\t\t\t\t\t\t\t\t\t\t\t\t\t\t<a href=\"https:\/\/elementapp.ai\/blog\/wp-content\/uploads\/2026\/09\/element-grupa-tagow-kraj-dostep.webp\" data-elementor-open-lightbox=\"yes\" data-elementor-lightbox-title=\"Grupa tagow Kraj z wlaczonym ograniczaniem dostepu do rekordow w Elemencie\" data-e-action-hash=\"#elementor-action%3Aaction%3Dlightbox%26settings%3DeyJpZCI6MTQ1NTAsInVybCI6Imh0dHBzOlwvXC9lbGVtZW50YXBwLmFpXC9ibG9nXC93cC1jb250ZW50XC91cGxvYWRzXC8yMDI2XC8wOVwvZWxlbWVudC1ncnVwYS10YWdvdy1rcmFqLWRvc3RlcC53ZWJwIn0%3D\">\n\t\t\t\t\t\t\t<img decoding=\"async\" width=\"768\" height=\"608\" src=\"https:\/\/elementapp.ai\/blog\/wp-content\/uploads\/2026\/09\/element-grupa-tagow-kraj-dostep-768x608.webp\" class=\"attachment-medium_large size-medium_large wp-image-14550\" alt=\"Grupa tagow Kraj z wlaczonym ograniczaniem dostepu do rekordow w Elemencie\" srcset=\"https:\/\/elementapp.ai\/blog\/wp-content\/uploads\/2026\/09\/element-grupa-tagow-kraj-dostep-768x608.webp 768w, https:\/\/elementapp.ai\/blog\/wp-content\/uploads\/2026\/09\/element-grupa-tagow-kraj-dostep-300x238.webp 300w, https:\/\/elementapp.ai\/blog\/wp-content\/uploads\/2026\/09\/element-grupa-tagow-kraj-dostep-1363x1080.webp 1363w, https:\/\/elementapp.ai\/blog\/wp-content\/uploads\/2026\/09\/element-grupa-tagow-kraj-dostep.webp 1400w\" sizes=\"(max-width: 768px) 100vw, 768px\" \/>\t\t\t\t\t\t\t\t<\/a>\n\t\t\t\t\t\t\t\t\t\t\t\t\t\t\t<\/div>\n\t\t\t\t<\/div>\n\t\t\t\t<div class=\"elementor-element elementor-element-18d57f4a elementor-widget elementor-widget-text-editor\" data-id=\"18d57f4a\" data-element_type=\"widget\" data-e-type=\"widget\" data-widget_type=\"text-editor.default\">\n\t\t\t\t<div class=\"elementor-widget-container\">\n\t\t\t\t\t\t\t\t\t<p style=\"text-align:center;\"><em>Po w\u0142\u0105czeniu prze\u0142\u0105cznika system od razu ostrzega, kto straci dost\u0119p i dlaczego<\/em><\/p>\t\t\t\t\t\t\t\t<\/div>\n\t\t\t\t<\/div>\n\t\t\t\t<div class=\"elementor-element elementor-element-add27cda elementor-widget elementor-widget-heading\" data-id=\"add27cda\" data-element_type=\"widget\" data-e-type=\"widget\" data-widget_type=\"heading.default\">\n\t\t\t\t<div class=\"elementor-widget-container\">\n\t\t\t\t\t<h3 class=\"elementor-heading-title elementor-size-default\">Co wtedy widzi rekruter z Niemiec<\/h3>\t\t\t\t<\/div>\n\t\t\t\t<\/div>\n\t\t\t\t<div class=\"elementor-element elementor-element-9652865c elementor-widget elementor-widget-text-editor\" data-id=\"9652865c\" data-element_type=\"widget\" data-e-type=\"widget\" data-widget_type=\"text-editor.default\">\n\t\t\t\t<div class=\"elementor-widget-container\">\n\t\t\t\t\t\t\t\t\t<p>Osoba z tagiem Niemcy, kt\u00f3ra nie ma tagu Polska:<\/p>\n<ul>\n<li>nie zobaczy projekt\u00f3w oznaczonych tagiem Polska,<\/li>\n<li>nie zobaczy kandydat\u00f3w oznaczonych tagiem Polska,<\/li>\n<li>nie zobaczy tak\u017ce kandydata bez \u017cadnego w\u0142asnego tagu, je\u015bli aplikowa\u0142 on do projektu oznaczonego tagiem Polska,<\/li>\n<li>zobaczy natomiast wszystkie projekty i wszystkich kandydat\u00f3w, kt\u00f3rzy nie maj\u0105 \u017cadnego tagu z grupy \u201eKraj&#8221;.<\/li>\n<\/ul>\n<p>Moim zdaniem trzeci punkt decyduje o tym, czy ca\u0142a konstrukcja ma sens. Kandydat przejmuje ograniczenia projekt\u00f3w, do kt\u00f3rych aplikowa\u0142, wi\u0119c nie trzeba tagowa\u0107 pojedynczych os\u00f3b, \u017ceby oddzieli\u0107 rynki. Wystarczy otagowa\u0107 projekty, a baza kandydat\u00f3w sama uk\u0142ada si\u0119 po w\u0142a\u015bciwej stronie granicy. Gdyby dzia\u0142a\u0142o to inaczej, ka\u017cdy nowy kandydat wpadaj\u0105cy do wsp\u00f3lnej bazy by\u0142by dziur\u0105 w tym podziale.<\/p>\t\t\t\t\t\t\t\t<\/div>\n\t\t\t\t<\/div>\n\t\t\t\t<div class=\"elementor-element elementor-element-9ace195a elementor-widget elementor-widget-image\" data-id=\"9ace195a\" data-element_type=\"widget\" data-e-type=\"widget\" data-widget_type=\"image.default\">\n\t\t\t\t<div class=\"elementor-widget-container\">\n\t\t\t\t\t\t\t\t\t\t\t\t\t\t\t\t<a href=\"https:\/\/elementapp.ai\/blog\/wp-content\/uploads\/2026\/09\/element-tagi-dostepu-uzytkownika.webp\" data-elementor-open-lightbox=\"yes\" data-elementor-lightbox-title=\"Okno Tagi dostepu uzytkownika z grupami ograniczajacymi widocznosc rekordow\" data-e-action-hash=\"#elementor-action%3Aaction%3Dlightbox%26settings%3DeyJpZCI6MTQ1NTEsInVybCI6Imh0dHBzOlwvXC9lbGVtZW50YXBwLmFpXC9ibG9nXC93cC1jb250ZW50XC91cGxvYWRzXC8yMDI2XC8wOVwvZWxlbWVudC10YWdpLWRvc3RlcHUtdXp5dGtvd25pa2Eud2VicCJ9\">\n\t\t\t\t\t\t\t<img decoding=\"async\" width=\"768\" height=\"658\" src=\"https:\/\/elementapp.ai\/blog\/wp-content\/uploads\/2026\/09\/element-tagi-dostepu-uzytkownika-768x658.webp\" class=\"attachment-medium_large size-medium_large wp-image-14551\" alt=\"Okno Tagi dostepu uzytkownika z grupami ograniczajacymi widocznosc rekordow\" srcset=\"https:\/\/elementapp.ai\/blog\/wp-content\/uploads\/2026\/09\/element-tagi-dostepu-uzytkownika-768x658.webp 768w, https:\/\/elementapp.ai\/blog\/wp-content\/uploads\/2026\/09\/element-tagi-dostepu-uzytkownika-300x257.webp 300w, https:\/\/elementapp.ai\/blog\/wp-content\/uploads\/2026\/09\/element-tagi-dostepu-uzytkownika-1261x1080.webp 1261w, https:\/\/elementapp.ai\/blog\/wp-content\/uploads\/2026\/09\/element-tagi-dostepu-uzytkownika.webp 1284w\" sizes=\"(max-width: 768px) 100vw, 768px\" \/>\t\t\t\t\t\t\t\t<\/a>\n\t\t\t\t\t\t\t\t\t\t\t\t\t\t\t<\/div>\n\t\t\t\t<\/div>\n\t\t\t\t<div class=\"elementor-element elementor-element-0005e355 elementor-widget elementor-widget-text-editor\" data-id=\"0005e355\" data-element_type=\"widget\" data-e-type=\"widget\" data-widget_type=\"text-editor.default\">\n\t\t\t\t<div class=\"elementor-widget-container\">\n\t\t\t\t\t\t\t\t\t<p style=\"text-align:center;\"><em>Tagi dost\u0119pu nadaje si\u0119 osobno dla ka\u017cdej grupy ograniczaj\u0105cej<\/em><\/p>\t\t\t\t\t\t\t\t<\/div>\n\t\t\t\t<\/div>\n\t\t\t\t<div class=\"elementor-element elementor-element-fda249c9 elementor-widget elementor-widget-heading\" data-id=\"fda249c9\" data-element_type=\"widget\" data-e-type=\"widget\" data-widget_type=\"heading.default\">\n\t\t\t\t<div class=\"elementor-widget-container\">\n\t\t\t\t\t<h3 class=\"elementor-heading-title elementor-size-default\">O czym pami\u0119ta\u0107 przy w\u0142\u0105czaniu<\/h3>\t\t\t\t<\/div>\n\t\t\t\t<\/div>\n\t\t\t\t<div class=\"elementor-element elementor-element-dc212beb elementor-widget elementor-widget-text-editor\" data-id=\"dc212beb\" data-element_type=\"widget\" data-e-type=\"widget\" data-widget_type=\"text-editor.default\">\n\t\t\t\t<div class=\"elementor-widget-container\">\n\t\t\t\t\t\t\t\t\t<p>Ograniczenie obejmuje tylko te rekordy, kt\u00f3re faktycznie maj\u0105 tag z danej grupy, wi\u0119c projekt bez tagu kraju zostaje widoczny dla wszystkich. Je\u015bli podzia\u0142 ma by\u0107 szczelny, ka\u017cdy projekt musi dosta\u0107 sw\u00f3j tag. Dzia\u0142a to te\u017c w drug\u0105 stron\u0119: osoba, kt\u00f3ra nie ma \u017cadnego tagu z grupy ograniczaj\u0105cej, zobaczy wy\u0142\u0105cznie rekordy nieotagowane. W zwi\u0105zku z powy\u017cszym tagi u\u017cytkownikom warto rozda\u0107 od razu po w\u0142\u0105czeniu prze\u0142\u0105cznika, zanim kto\u015b straci dost\u0119p do w\u0142asnych projekt\u00f3w.<\/p>\n<p>Grup ograniczaj\u0105cych mo\u017ce by\u0107 kilka naraz, na przyk\u0142ad \u201eKraj&#8221; i \u201eSp\u00f3\u0142ka&#8221;. Warunki wtedy si\u0119 sumuj\u0105, czyli u\u017cytkownik zobaczy rekord, je\u015bli pasuje do niego w ka\u017cdej grupie ograniczaj\u0105cej, w kt\u00f3rej ten rekord ma tag, przy czym wewn\u0105trz jednej grupy wystarczy jeden wsp\u00f3lny tag. Konto administratora widzi wszystko niezale\u017cnie od tag\u00f3w.<\/p>\n<table>\n<tr><th>Miejsce w systemie<\/th><th>Czy ograniczenie obowi\u0105zuje<\/th><\/tr>\n<tr><td>Baza kandydat\u00f3w i wyszukiwarka<\/td><td>tak<\/td><\/tr>\n<tr><td>Profil kandydata i jego zak\u0142adki<\/td><td>tak, wej\u015bcie ko\u0144czy si\u0119 odmow\u0105 dost\u0119pu<\/td><\/tr>\n<tr><td>Wykrywanie duplikat\u00f3w<\/td><td>tak, dane niedost\u0119pnego kandydata s\u0105 zas\u0142oni\u0119te<\/td><\/tr>\n<tr><td>Lista projekt\u00f3w<\/td><td>tak, po tagach samego projektu<\/td><\/tr>\n<tr><td>Konto administratora<\/td><td>nie, administrator widzi wszystko<\/td><\/tr>\n<\/table>\n<p>Jedna uwaga praktyczna na koniec tej cz\u0119\u015bci. Je\u015bli w\u0142\u0105czacie ograniczanie na bazie, kt\u00f3ra dzia\u0142a od dawna i ma w sobie histori\u0119 aplikacji, odezwijcie si\u0119 do nas przed zmian\u0105, bo kandydaci, kt\u00f3rzy aplikowali wcze\u015bniej, mog\u0105 wymaga\u0107 jednorazowego od\u015bwie\u017cenia danych, \u017ceby ograniczenie obj\u0119\u0142o r\u00f3wnie\u017c ich.<\/p>\t\t\t\t\t\t\t\t<\/div>\n\t\t\t\t<\/div>\n\t\t\t\t<div class=\"elementor-element elementor-element-fbf4fcee elementor-widget elementor-widget-heading\" data-id=\"fbf4fcee\" data-element_type=\"widget\" data-e-type=\"widget\" data-widget_type=\"heading.default\">\n\t\t\t\t<div class=\"elementor-widget-container\">\n\t\t\t\t\t<h2 class=\"elementor-heading-title elementor-size-default\">Pole czy tag: jedyna decyzja do przemy\u015blenia<\/h2>\t\t\t\t<\/div>\n\t\t\t\t<\/div>\n\t\t\t\t<div class=\"elementor-element elementor-element-3739e50c elementor-widget elementor-widget-text-editor\" data-id=\"3739e50c\" data-element_type=\"widget\" data-e-type=\"widget\" data-widget_type=\"text-editor.default\">\n\t\t\t\t<div class=\"elementor-widget-container\">\n\t\t\t\t\t\t\t\t\t<p>Reszta ustawie\u0144 jest odwracalna, wi\u0119c naprawd\u0119 warto zatrzyma\u0107 si\u0119 tylko przy tym jednym wyborze.<\/p>\n<table>\n<tr><th><\/th><th>Pole<\/th><th>Tag<\/th><\/tr>\n<tr><td>Jak wygl\u0105da<\/td><td>zwyk\u0142y tekst<\/td><td>kolorowa etykieta<\/td><\/tr>\n<tr><td>Do czego mo\u017cna przypi\u0105\u0107<\/td><td>projekt, kandydat<\/td><td>projekt, kandydat, u\u017cytkownik<\/td><\/tr>\n<tr><td>Wida\u0107 na tablicy rekrutacji<\/td><td>nie<\/td><td>tak, jako kolorowy pasek na karcie<\/td><\/tr>\n<tr><td>Typy<\/td><td>sze\u015b\u0107: skala, data, tekst otwarty, dni tygodnia i dwa rodzaje list<\/td><td>tylko lista etykiet<\/td><\/tr>\n<tr><td>Mo\u017ce ogranicza\u0107 dost\u0119p do danych<\/td><td>nie<\/td><td>tak<\/td><\/tr>\n<\/table>\n<p>Pole wybierz wtedy, gdy chcesz co\u015b zapisa\u0107: ocen\u0119 w skali, dat\u0119, d\u0142u\u017cszy opis albo warto\u015b\u0107, kt\u00f3ra ma trafi\u0107 do og\u0142oszenia. Tag wybierz wtedy, gdy chcesz co\u015b rozpoznawa\u0107 wzrokiem i szybko po tym filtrowa\u0107, czyli region, kompetencje, sp\u00f3\u0142k\u0119 albo \u017ar\u00f3d\u0142o kandydata. Tag odpowiada na pytanie o to, do kt\u00f3rej szufladki dany rekord nale\u017cy.<\/p>\n<p>Pomy\u0142ka nie jest kosztowna, bo na dole ka\u017cdej karty siedzi przycisk zamiany. Pole zamienicie na grup\u0119 tag\u00f3w, dobieraj\u0105c warto\u015bciom kolory, a grup\u0119 tag\u00f3w na pole, trac\u0105c przy tym kolory. To zreszt\u0105 najprostsza droga dla starego pola \u201eRegion&#8221; z list\u0105 miast, kt\u00f3re wreszcie ma by\u0107 wida\u0107 na li\u015bcie kolorem.<\/p>\t\t\t\t\t\t\t\t<\/div>\n\t\t\t\t<\/div>\n\t\t\t\t<div class=\"elementor-element elementor-element-3e1d105d elementor-widget elementor-widget-image\" data-id=\"3e1d105d\" data-element_type=\"widget\" data-e-type=\"widget\" data-widget_type=\"image.default\">\n\t\t\t\t<div class=\"elementor-widget-container\">\n\t\t\t\t\t\t\t\t\t\t\t\t\t\t\t\t<a href=\"https:\/\/elementapp.ai\/blog\/wp-content\/uploads\/2026\/09\/element-profil-kandydata-tagi.webp\" data-elementor-open-lightbox=\"yes\" data-elementor-lightbox-title=\"Profil kandydata w Elemencie z sekcja tagow i sekcja pol kandydata\" data-e-action-hash=\"#elementor-action%3Aaction%3Dlightbox%26settings%3DeyJpZCI6MTQ1NTIsInVybCI6Imh0dHBzOlwvXC9lbGVtZW50YXBwLmFpXC9ibG9nXC93cC1jb250ZW50XC91cGxvYWRzXC8yMDI2XC8wOVwvZWxlbWVudC1wcm9maWwta2FuZHlkYXRhLXRhZ2kud2VicCJ9\">\n\t\t\t\t\t\t\t<img loading=\"lazy\" decoding=\"async\" width=\"768\" height=\"856\" src=\"https:\/\/elementapp.ai\/blog\/wp-content\/uploads\/2026\/09\/element-profil-kandydata-tagi-768x856.webp\" class=\"attachment-medium_large size-medium_large wp-image-14552\" alt=\"Profil kandydata w Elemencie z sekcja tagow i sekcja pol kandydata\" srcset=\"https:\/\/elementapp.ai\/blog\/wp-content\/uploads\/2026\/09\/element-profil-kandydata-tagi-768x856.webp 768w, https:\/\/elementapp.ai\/blog\/wp-content\/uploads\/2026\/09\/element-profil-kandydata-tagi-269x300.webp 269w, https:\/\/elementapp.ai\/blog\/wp-content\/uploads\/2026\/09\/element-profil-kandydata-tagi-969x1080.webp 969w, https:\/\/elementapp.ai\/blog\/wp-content\/uploads\/2026\/09\/element-profil-kandydata-tagi.webp 1360w\" sizes=\"(max-width: 768px) 100vw, 768px\" \/>\t\t\t\t\t\t\t\t<\/a>\n\t\t\t\t\t\t\t\t\t\t\t\t\t\t\t<\/div>\n\t\t\t\t<\/div>\n\t\t\t\t<div class=\"elementor-element elementor-element-dcf51e61 elementor-widget elementor-widget-text-editor\" data-id=\"dcf51e61\" data-element_type=\"widget\" data-e-type=\"widget\" data-widget_type=\"text-editor.default\">\n\t\t\t\t<div class=\"elementor-widget-container\">\n\t\t\t\t\t\t\t\t\t<p style=\"text-align:center;\"><em>Na profilu kandydata tagi siedz\u0105 osobno na g\u00f3rze, a pola ni\u017cej, pod danymi kontaktowymi<\/em><\/p>\t\t\t\t\t\t\t\t<\/div>\n\t\t\t\t<\/div>\n\t\t\t\t<div class=\"elementor-element elementor-element-6d3b38af elementor-widget elementor-widget-heading\" data-id=\"6d3b38af\" data-element_type=\"widget\" data-e-type=\"widget\" data-widget_type=\"heading.default\">\n\t\t\t\t<div class=\"elementor-widget-container\">\n\t\t\t\t\t<h2 class=\"elementor-heading-title elementor-size-default\">Gdzie pola i tagi wida\u0107 w codziennej pracy<\/h2>\t\t\t\t<\/div>\n\t\t\t\t<\/div>\n\t\t\t\t<div class=\"elementor-element elementor-element-58cdd29a elementor-widget elementor-widget-text-editor\" data-id=\"58cdd29a\" data-element_type=\"widget\" data-e-type=\"widget\" data-widget_type=\"text-editor.default\">\n\t\t\t\t<div class=\"elementor-widget-container\">\n\t\t\t\t\t\t\t\t\t<p>Na formularzu projektu rekruter wype\u0142nia pola i przypina tagi w sekcji \u201eKonfiguracja projektu&#8221;. Na profilu kandydata tagi maj\u0105 w\u0142asn\u0105 sekcj\u0119 na g\u00f3rze, a pola stoj\u0105 ni\u017cej. Na li\u015bcie kandydat\u00f3w i na li\u015bcie projekt\u00f3w jedne i drugie da si\u0119 w\u0142\u0105czy\u0107 jako kolumny przyciskiem \u201eKolumny&#8221;, przy czym tagi pokazuj\u0105 si\u0119 jako kolorowe etykiety, a warto\u015bci p\u00f3l jako szare. W filtrach nad list\u0105 dosz\u0142a pozycja \u201eTagi&#8221; z dwoma polami, czyli \u201eKandydat ma tagi&#8221; oraz \u201eKandydat nie ma tag\u00f3w&#8221;, wi\u0119c jednym filtrem da si\u0119 zaw\u0119zi\u0107 i wykluczy\u0107 naraz.<\/p>\n<p>Na tablicy rekrutacji tagi kandydata s\u0105 cienkim pionowym paskiem przy lewej kraw\u0119dzi karty, podzielonym na tyle kolor\u00f3w, ile tag\u00f3w ma dana osoba. Po najechaniu na pasek wida\u0107 ich nazwy, a zawarto\u015b\u0107 karty ustawia si\u0119 ikon\u0105 suwak\u00f3w nad tablic\u0105.<\/p>\t\t\t\t\t\t\t\t<\/div>\n\t\t\t\t<\/div>\n\t\t\t\t<div class=\"elementor-element elementor-element-b5485f7a elementor-widget elementor-widget-image\" data-id=\"b5485f7a\" data-element_type=\"widget\" data-e-type=\"widget\" data-widget_type=\"image.default\">\n\t\t\t\t<div class=\"elementor-widget-container\">\n\t\t\t\t\t\t\t\t\t\t\t\t\t\t\t\t<a href=\"https:\/\/elementapp.ai\/blog\/wp-content\/uploads\/2026\/09\/element-tablica-rekrutacji-tagi.webp\" data-elementor-open-lightbox=\"yes\" data-elementor-lightbox-title=\"Karta kandydata na tablicy rekrutacji z kolorowym paskiem tagow przy krawedzi\" data-e-action-hash=\"#elementor-action%3Aaction%3Dlightbox%26settings%3DeyJpZCI6MTQ1NTMsInVybCI6Imh0dHBzOlwvXC9lbGVtZW50YXBwLmFpXC9ibG9nXC93cC1jb250ZW50XC91cGxvYWRzXC8yMDI2XC8wOVwvZWxlbWVudC10YWJsaWNhLXJla3J1dGFjamktdGFnaS53ZWJwIn0%3D\">\n\t\t\t\t\t\t\t<img loading=\"lazy\" decoding=\"async\" width=\"562\" height=\"338\" src=\"https:\/\/elementapp.ai\/blog\/wp-content\/uploads\/2026\/09\/element-tablica-rekrutacji-tagi.webp\" class=\"attachment-medium_large size-medium_large wp-image-14553\" alt=\"Karta kandydata na tablicy rekrutacji z kolorowym paskiem tagow przy krawedzi\" srcset=\"https:\/\/elementapp.ai\/blog\/wp-content\/uploads\/2026\/09\/element-tablica-rekrutacji-tagi.webp 562w, https:\/\/elementapp.ai\/blog\/wp-content\/uploads\/2026\/09\/element-tablica-rekrutacji-tagi-300x180.webp 300w\" sizes=\"(max-width: 562px) 100vw, 562px\" \/>\t\t\t\t\t\t\t\t<\/a>\n\t\t\t\t\t\t\t\t\t\t\t\t\t\t\t<\/div>\n\t\t\t\t<\/div>\n\t\t\t\t<div class=\"elementor-element elementor-element-50d4c914 elementor-widget elementor-widget-text-editor\" data-id=\"50d4c914\" data-element_type=\"widget\" data-e-type=\"widget\" data-widget_type=\"text-editor.default\">\n\t\t\t\t<div class=\"elementor-widget-container\">\n\t\t\t\t\t\t\t\t\t<p style=\"text-align:center;\"><em>Kolorowy pasek przy lewej kraw\u0119dzi karty to tagi kandydata<\/em><\/p>\n<p>Je\u015bli grupa ma zaznaczon\u0105 widoczno\u015b\u0107 XML albo widoczno\u015b\u0107 w API og\u0142osze\u0144, tagi wychodz\u0105 r\u00f3wnie\u017c na zewn\u0105trz, do feedu z ofertami i do integracji. Radzi\u0142bym zaznacza\u0107 tylko te miejsca, z kt\u00f3rych faktycznie skorzystacie, bo ka\u017cde kolejne dok\u0142ada etykiety w nast\u0119pnym widoku, a im wi\u0119cej ich wsz\u0119dzie, tym trudniej cokolwiek znale\u017a\u0107.<\/p>\t\t\t\t\t\t\t\t<\/div>\n\t\t\t\t<\/div>\n\t\t\t\t<div class=\"elementor-element elementor-element-fe09551b elementor-widget elementor-widget-heading\" data-id=\"fe09551b\" data-element_type=\"widget\" data-e-type=\"widget\" data-widget_type=\"heading.default\">\n\t\t\t\t<div class=\"elementor-widget-container\">\n\t\t\t\t\t<h2 class=\"elementor-heading-title elementor-size-default\">Dwa ustawienia, kt\u00f3rych nie zmienicie po zapisaniu<\/h2>\t\t\t\t<\/div>\n\t\t\t\t<\/div>\n\t\t\t\t<div class=\"elementor-element elementor-element-31fbe386 elementor-widget elementor-widget-text-editor\" data-id=\"31fbe386\" data-element_type=\"widget\" data-e-type=\"widget\" data-widget_type=\"text-editor.default\">\n\t\t\t\t<div class=\"elementor-widget-container\">\n\t\t\t\t\t\t\t\t\t<p>Pierwsze to krotno\u015b\u0107 grupy tag\u00f3w, czyli decyzja, czy z danej grupy mo\u017cna przypisa\u0107 wiele tag\u00f3w naraz, czy tylko jeden. Drugie to typ pola. Obie rzeczy blokuj\u0105 si\u0119 w momencie zapisania i zmiana wymaga za\u0142o\u017cenia nowej pozycji oraz przeniesienia do niej warto\u015bci, wi\u0119c nad tymi dwoma ustawieniami warto pomy\u015ble\u0107 przed pierwszym klikni\u0119ciem \u201eZapisz&#8221;. Ca\u0142a reszta, czyli nazwa, widoczno\u015b\u0107, kolory i zakres, zostaje do zmiany w ka\u017cdej chwili.<\/p>\n<p>Do tego dwie pu\u0142apki, o kt\u00f3rych \u0142atwo zapomnie\u0107. Nazwa pola widocznego w og\u0142oszeniu jest cz\u0119\u015bci\u0105 tre\u015bci oferty, wi\u0119c jej zmiana zmienia to, co wida\u0107 w og\u0142oszeniach ju\u017c opublikowanych na portalach. Bywa, \u017ce kto\u015b porz\u0105dkuje nazewnictwo p\u00f3l w pi\u0105tek po po\u0142udniu i dopiero w poniedzia\u0142ek orientuje si\u0119, \u017ce poprawi\u0142 przy okazji dwadzie\u015bcia aktywnych ofert. Zaw\u0119\u017cenie zakresu grupy r\u00f3wnie\u017c nie jest niewinne: je\u015bli grupa by\u0142a u\u017cywana i na kandydatach, i na projektach, a przestawicie j\u0105 na jedno z dw\u00f3ch, przypisania po drugiej stronie znikn\u0105. System ostrze\u017ce przed zapisaniem i poka\u017ce, ilu rekord\u00f3w to dotyczy.<\/p>\t\t\t\t\t\t\t\t<\/div>\n\t\t\t\t<\/div>\n\t\t\t\t<div class=\"elementor-element elementor-element-75046dcd elementor-widget elementor-widget-heading\" data-id=\"75046dcd\" data-element_type=\"widget\" data-e-type=\"widget\" data-widget_type=\"heading.default\">\n\t\t\t\t<div class=\"elementor-widget-container\">\n\t\t\t\t\t<h2 class=\"elementor-heading-title elementor-size-default\">Od czego zacz\u0105\u0107<\/h2>\t\t\t\t<\/div>\n\t\t\t\t<\/div>\n\t\t\t\t<div class=\"elementor-element elementor-element-9f1105e8 elementor-widget elementor-widget-text-editor\" data-id=\"9f1105e8\" data-element_type=\"widget\" data-e-type=\"widget\" data-widget_type=\"text-editor.default\">\n\t\t\t\t<div class=\"elementor-widget-container\">\n\t\t\t\t\t\t\t\t\t<p>Sk\u0142aniam si\u0119 ku temu, \u017ceby zacz\u0105\u0107 od jednej grupy, kt\u00f3ra opisuje co\u015b, co i tak rozpoznajecie wzrokiem, czyli region, umiej\u0119tno\u015bci albo \u017ar\u00f3d\u0142o kandydata. Zaznaczcie przy niej \u201eProfil kandydata&#8221; i \u201eFiltrowanie listy kandydat\u00f3w&#8221;, bo bez pierwszego nie dodacie tag\u00f3w na profilu, a bez drugiego nie znajdziecie ich w filtrach. Je\u015bli macie d\u0142u\u017csz\u0105 list\u0119 warto\u015bci, przycisk \u201eDodaj szybko wiele tag\u00f3w&#8221; przyjmuje j\u0105 w ca\u0142o\u015bci, po jednej nazwie na lini\u0119.<\/p>\n<p>Rozdzielenie dost\u0119pu zostawcie na moment, w kt\u00f3rym b\u0119dziecie mieli gotowy podzia\u0142 organizacyjny, bo to jedyna cz\u0119\u015b\u0107 tej funkcji, kt\u00f3ra potrafi komu\u015b zabra\u0107 widok na jego w\u0142asne projekty. Niezale\u017cnie od tego, czy chodzi o jednego podwykonawc\u0119 przy jednym zleceniu, czy o trzy kraje w jednej bazie, mechanizm jest ten sam i konfiguruje si\u0119 go w tym samym oknie. Je\u015bli chcecie tak pouk\u0142ada\u0107 sw\u00f3j <a href=\"https:\/\/elementapp.ai\/wszystko-o-ats\" target=\"_blank\" rel=\"noopener\" style=\"color: #0000ff\">Element<\/a>, napiszcie do nas, a przejdziemy przez konfiguracj\u0119 razem z Wami.<\/p>\t\t\t\t\t\t\t\t<\/div>\n\t\t\t\t<\/div>\n\t\t\t\t<div class=\"elementor-element elementor-element-b2ff5c4 elementor-widget elementor-widget-text-editor\" data-id=\"b2ff5c4\" data-element_type=\"widget\" data-e-type=\"widget\" data-widget_type=\"text-editor.default\">\n\t\t\t\t<div class=\"elementor-widget-container\">\n\t\t\t\t\t\t\t\t\t<p><strong>Najcz\u0119\u015bciej czytane<\/strong>:<\/p><ol><li><span style=\"font-size: 16px;\"><strong><span style=\"color: #0000ff;\"><a style=\"color: #0000ff;\" href=\"https:\/\/elementapp.ai\/darmowe-ogloszenia-z-ofertami-pracy\">Darmowe og\u0142oszenia o prac\u0119 i najwi\u0119ksza lista \u017ar\u00f3de\u0142 kandydat\u00f3w<\/a><\/span><\/strong> &#8211; najwi\u0119ksza w Polsce lista bezp\u0142atnych i p\u0142atnych \u017ar\u00f3de\u0142 kandydat\u00f3w<\/span><\/li><li><span style=\"color: #0000ff;\"><a style=\"color: #0000ff;\" href=\"http:\/\/elementapp.ai\/wynagrodzenia-praca-hr\" target=\"_blank\" rel=\"noopener\"><strong>Praca w HR<\/strong><\/a> <span style=\"color: #000000;\">&#8211; najnowsze oferty pracy i aktualne \u015brednie wynagrodzenia w bran\u017cy HR<\/span><\/span><\/li><li><span style=\"color: #0000ff;\"><a style=\"color: #0000ff;\" href=\"https:\/\/elementapp.ai\/akademia-rekrutacji\" target=\"_blank\" rel=\"noopener\"><strong>Akademia Rekrutacji<\/strong><\/a> <span style=\"color: #000000;\">&#8211; zbi\u00f3r wiedzy na temat rekrutacji oraz raporty z rynku pracy.<\/span><\/span><\/li><li><strong><span style=\"color: #0000ff;\"><a style=\"color: #0000ff;\" href=\"https:\/\/elementapp.ai\/blog\/gowork-jak-reagowac-na-negatywne-opinie-o-pracodawcach\/\">Gowork &#8211; jak reagowa\u0107 na negatywne opinie o pracodawcach<\/a><\/span><\/strong> &#8211; Kompleksowy poradnik dla pracodawc\u00f3w.<\/li><li><a href=\"https:\/\/elementapp.ai\/blog\/jak-napisac-cv-i-profil-linkedin\/\"><span style=\"color: #0000ff;\"><b>Jak napisa\u0107 CV i profil LinkedIn <\/b><\/span><\/a>&#8211; kompleksowy\u00a0poradnik tworzenia CV i profil\u00f3w LinkedIn<\/li><li><strong><span style=\"color: #0000ff;\"><a style=\"color: #0000ff;\" href=\"https:\/\/elementapp.ai\/blog\/rodo-w-rekrutacji-sourcing-i-direct-search-wszystko-co-musisz-wiedziec\/\">RODO w rekrutacji &#8211; sourcing, direct search, og\u0142oszenia. Wszystko co musisz wiedzie\u0107<\/a><\/span><\/strong> &#8211; kompleksowy poradnik RODO w rekrutacji z naciskiem na dzia\u0142ania typu direct search \/ sourcing.<\/li><li><span style=\"color: #0000ff;\"><a style=\"color: #0000ff;\" href=\"https:\/\/elementapp.ai\/wszystko-o-ats\" target=\"_blank\" rel=\"noopener\"><strong>Wszystko o systemach ATS<\/strong><\/a><\/span> &#8211; poradnik wyboru systemu rekrutacyjnego<\/li><li><strong><span style=\"color: #0000ff;\"><a style=\"color: #0000ff;\" href=\"http:\/\/elementapp.ai\/blog\/umowy-przedwstepne-i-listy-intencyjne-w-procesach-rekrutacyjnych\/\" target=\"_blank\" rel=\"noopener\">Umowy przedwst\u0119pne i listy intencyjne w procesach rekrutacyjnych<\/a><\/span><\/strong> &#8211; wszystko, co musisz wiedzie\u0107 o prawnych zabezpieczeniach zobowi\u0105zania do zatrudnienia.<\/li><\/ol>\t\t\t\t\t\t\t\t<\/div>\n\t\t\t\t<\/div>\n\t\t\t\t<div class=\"elementor-element elementor-element-4828bdf elementor-author-box--image-valign-middle elementor-widget elementor-widget-author-box\" data-id=\"4828bdf\" data-element_type=\"widget\" data-e-type=\"widget\" data-widget_type=\"author-box.default\">\n\t\t\t\t<div class=\"elementor-widget-container\">\n\t\t\t\t\t\t\t<div class=\"elementor-author-box\">\n\t\t\t\t\t\t\t<a href=\"https:\/\/www.linkedin.com\/in\/maciejmichalewski\/\" class=\"elementor-author-box__avatar\">\n\t\t\t\t\t<img decoding=\"async\" src=\"https:\/\/elementapp.ai\/blog\/wp-content\/uploads\/2024\/03\/MM-head-small-300x300.jpg\" alt=\"Picture of Maciej Michalewski\" loading=\"lazy\">\n\t\t\t\t<\/a>\n\t\t\t\n\t\t\t<div class=\"elementor-author-box__text\">\n\t\t\t\t\t\t\t\t\t<a href=\"https:\/\/www.linkedin.com\/in\/maciejmichalewski\/\">\n\t\t\t\t\t\t<h4 class=\"elementor-author-box__name\">\n\t\t\t\t\t\t\tMaciej Michalewski\t\t\t\t\t\t<\/h4>\n\t\t\t\t\t<\/a>\n\t\t\t\t\n\t\t\t\t\t\t\t\t\t<div class=\"elementor-author-box__bio\">\n\t\t\t\t\t\t<p>Founder & CEO @ Element<\/p>\n\t\t\t\t\t<\/div>\n\t\t\t\t\n\t\t\t\t\t\t\t<\/div>\n\t\t<\/div>\n\t\t\t\t\t\t<\/div>\n\t\t\t\t<\/div>\n\t\t\t\t<div class=\"elementor-element elementor-element-824e8e0 elementor-widget-divider--view-line elementor-widget elementor-widget-divider\" data-id=\"824e8e0\" data-element_type=\"widget\" data-e-type=\"widget\" data-widget_type=\"divider.default\">\n\t\t\t\t<div class=\"elementor-widget-container\">\n\t\t\t\t\t\t\t<div class=\"elementor-divider\">\n\t\t\t<span class=\"elementor-divider-separator\">\n\t\t\t\t\t\t<\/span>\n\t\t<\/div>\n\t\t\t\t\t\t<\/div>\n\t\t\t\t<\/div>\n\t\t\t\t<div class=\"elementor-element elementor-element-3338c18 elementor-widget elementor-widget-image\" data-id=\"3338c18\" data-element_type=\"widget\" data-e-type=\"widget\" data-widget_type=\"image.default\">\n\t\t\t\t<div class=\"elementor-widget-container\">\n\t\t\t\t\t\t\t\t\t\t\t\t\t\t\t\t<a href=\"https:\/\/elementapp.ai\/#sprawdz-demo\">\n\t\t\t\t\t\t\t<img loading=\"lazy\" decoding=\"async\" width=\"676\" height=\"430\" src=\"https:\/\/elementapp.ai\/blog\/wp-content\/uploads\/2025\/01\/Baner-na-bloga-2025.png\" class=\"attachment-large size-large wp-image-12518\" alt=\"Element cennik baner\" srcset=\"https:\/\/elementapp.ai\/blog\/wp-content\/uploads\/2025\/01\/Baner-na-bloga-2025.png 676w, https:\/\/elementapp.ai\/blog\/wp-content\/uploads\/2025\/01\/Baner-na-bloga-2025-300x191.png 300w\" sizes=\"(max-width: 676px) 100vw, 676px\" \/>\t\t\t\t\t\t\t\t<\/a>\n\t\t\t\t\t\t\t\t\t\t\t\t\t\t\t<\/div>\n\t\t\t\t<\/div>\n\t\t\t\t<div class=\"elementor-element elementor-element-8e398e3 elementor-widget elementor-widget-text-editor\" data-id=\"8e398e3\" data-element_type=\"widget\" data-e-type=\"widget\" data-widget_type=\"text-editor.default\">\n\t\t\t\t<div class=\"elementor-widget-container\">\n\t\t\t\t\t\t\t\t\t<p>Nasze artyku\u0142y przeczytasz tak\u017ce na <span style=\"color: #0000ff;\"><a style=\"color: #0000ff;\" href=\"https:\/\/maciejm.medium.com\/\" rel=\"noopener nofollow\">Medium<\/a><\/span>, <a href=\"https:\/\/linkedin.com\" target=\"_blank\" rel=\"noopener nofollow\"><span style=\"color: #0000ff;\">LinkedIn<\/span><\/a>, <a style=\"font-size: 16px; background-color: #ffffff; color: #0000ff;\" href=\"https:\/\/maciejm.substack.com\/\" rel=\"noopener nofollow\">Substack<\/a>, <a style=\"color: #0000ff;\" href=\"https:\/\/www.reddit.com\/user\/maciejmm\/\" target=\"_blank\" rel=\"noopener nofollow\">Reddit<\/a><\/p>\t\t\t\t\t\t\t\t<\/div>\n\t\t\t\t<\/div>\n\t\t\t\t\t<\/div>\n\t\t<\/div>\n\t\t\t\t<div class=\"elementor-column elementor-col-33 elementor-top-column elementor-element elementor-element-3348c1f5\" data-id=\"3348c1f5\" data-element_type=\"column\" data-e-type=\"column\">\n\t\t\t<div class=\"elementor-widget-wrap elementor-element-populated\">\n\t\t\t\t\t\t<div class=\"elementor-element elementor-element-62dea134 elementor-widget elementor-widget-heading\" data-id=\"62dea134\" data-element_type=\"widget\" data-e-type=\"widget\" data-widget_type=\"heading.default\">\n\t\t\t\t<div class=\"elementor-widget-container\">\n\t\t\t\t\t<h3 class=\"elementor-heading-title elementor-size-default\">Ostatnie wpisy:<\/h3>\t\t\t\t<\/div>\n\t\t\t\t<\/div>\n\t\t\t\t<div class=\"elementor-element elementor-element-79144419 elementor-grid-1 elementor-grid-tablet-1 elementor-grid-mobile-1 elementor-posts--thumbnail-top elementor-widget elementor-widget-posts\" data-id=\"79144419\" data-element_type=\"widget\" data-e-type=\"widget\" data-settings=\"{&quot;classic_columns&quot;:&quot;1&quot;,&quot;classic_columns_tablet&quot;:&quot;1&quot;,&quot;classic_row_gap&quot;:{&quot;unit&quot;:&quot;px&quot;,&quot;size&quot;:26,&quot;sizes&quot;:[]},&quot;classic_columns_mobile&quot;:&quot;1&quot;,&quot;classic_row_gap_tablet&quot;:{&quot;unit&quot;:&quot;px&quot;,&quot;size&quot;:&quot;&quot;,&quot;sizes&quot;:[]},&quot;classic_row_gap_mobile&quot;:{&quot;unit&quot;:&quot;px&quot;,&quot;size&quot;:&quot;&quot;,&quot;sizes&quot;:[]}}\" data-widget_type=\"posts.classic\">\n\t\t\t\t<div class=\"elementor-widget-container\">\n\t\t\t\t\t\t\t<div class=\"elementor-posts-container elementor-posts elementor-posts--skin-classic elementor-grid\" role=\"list\">\n\t\t\t\t<article class=\"elementor-post elementor-grid-item post-14556 post type-post status-publish format-standard has-post-thumbnail hentry category-blog-posts\" role=\"listitem\">\n\t\t\t\t<a class=\"elementor-post__thumbnail__link\" href=\"https:\/\/elementapp.ai\/blog\/pola-i-tagi-w-elemencie\/\" tabindex=\"-1\" >\n\t\t\t<div class=\"elementor-post__thumbnail\"><img loading=\"lazy\" decoding=\"async\" width=\"300\" height=\"169\" src=\"https:\/\/elementapp.ai\/blog\/wp-content\/uploads\/2026\/09\/pola-i-tagi-klocki-hero-300x169.webp\" class=\"attachment-medium size-medium wp-image-14560\" alt=\"Pola i tagi w Elemencie jako klocki, z ktorych sklada sie system dla malej i dla miedzynarodowej firmy\" srcset=\"https:\/\/elementapp.ai\/blog\/wp-content\/uploads\/2026\/09\/pola-i-tagi-klocki-hero-300x169.webp 300w, https:\/\/elementapp.ai\/blog\/wp-content\/uploads\/2026\/09\/pola-i-tagi-klocki-hero-768x432.webp 768w, https:\/\/elementapp.ai\/blog\/wp-content\/uploads\/2026\/09\/pola-i-tagi-klocki-hero-1536x864.webp 1536w, https:\/\/elementapp.ai\/blog\/wp-content\/uploads\/2026\/09\/pola-i-tagi-klocki-hero.webp 1600w\" sizes=\"(max-width: 300px) 100vw, 300px\" \/><\/div>\n\t\t<\/a>\n\t\t\t\t<div class=\"elementor-post__text\">\n\t\t\t\t<h3 class=\"elementor-post__title\">\n\t\t\t<a href=\"https:\/\/elementapp.ai\/blog\/pola-i-tagi-w-elemencie\/\" >\n\t\t\t\tPola i tagi w Elemencie: system dla ma\u0142ej i mi\u0119dzynarodowej firmy\t\t\t<\/a>\n\t\t<\/h3>\n\t\t\t\t<div class=\"elementor-post__meta-data\">\n\t\t\t\t\t<span class=\"elementor-post-author\">\n\t\t\tMaciej Michalewski\t\t<\/span>\n\t\t\t\t<span class=\"elementor-post-date\">\n\t\t\t2 wrze\u015bnia 2026\t\t<\/span>\n\t\t\t\t<\/div>\n\t\t\t\t<div class=\"elementor-post__excerpt\">\n\t\t\t<p>Nowy spos\u00f3b wykorzystania p\u00f3l i tag\u00f3w w Elemencie. Dowolna liczba p\u00f3l, tagi tak\u017ce na kontach u\u017cytkownik\u00f3w i jeden prze\u0142\u0105cznik, kt\u00f3ry zamienia grup\u0119 tag\u00f3w w granic\u0119 bazy kandydat\u00f3w.<\/p>\n\t\t<\/div>\n\t\t\n\t\t<a class=\"elementor-post__read-more\" href=\"https:\/\/elementapp.ai\/blog\/pola-i-tagi-w-elemencie\/\" aria-label=\"Read more about Pola i tagi w Elemencie: system dla ma\u0142ej i mi\u0119dzynarodowej firmy\" tabindex=\"-1\" >\n\t\t\tCzytaj wi\u0119cej \u00bb\t\t<\/a>\n\n\t\t\t\t<\/div>\n\t\t\t\t<\/article>\n\t\t\t\t<article class=\"elementor-post elementor-grid-item post-14525 post type-post status-publish format-standard has-post-thumbnail hentry category-blog-posts\" role=\"listitem\">\n\t\t\t\t<a class=\"elementor-post__thumbnail__link\" href=\"https:\/\/elementapp.ai\/blog\/cywilizacje-agentow-ai-spisek-openai\/\" tabindex=\"-1\" >\n\t\t\t<div class=\"elementor-post__thumbnail\"><img loading=\"lazy\" decoding=\"async\" width=\"300\" height=\"169\" src=\"https:\/\/elementapp.ai\/blog\/wp-content\/uploads\/2026\/08\/hero-cywilizacje-agentow-1-300x169.webp\" class=\"attachment-medium size-medium wp-image-14527\" alt=\"Powstanie i upadek trzech cywilizacji agent\u00f3w AI opisanych w raportach OpenAI\" srcset=\"https:\/\/elementapp.ai\/blog\/wp-content\/uploads\/2026\/08\/hero-cywilizacje-agentow-1-300x169.webp 300w, https:\/\/elementapp.ai\/blog\/wp-content\/uploads\/2026\/08\/hero-cywilizacje-agentow-1-768x432.webp 768w, https:\/\/elementapp.ai\/blog\/wp-content\/uploads\/2026\/08\/hero-cywilizacje-agentow-1-1536x864.webp 1536w, https:\/\/elementapp.ai\/blog\/wp-content\/uploads\/2026\/08\/hero-cywilizacje-agentow-1.webp 1600w\" sizes=\"(max-width: 300px) 100vw, 300px\" \/><\/div>\n\t\t<\/a>\n\t\t\t\t<div class=\"elementor-post__text\">\n\t\t\t\t<h3 class=\"elementor-post__title\">\n\t\t\t<a href=\"https:\/\/elementapp.ai\/blog\/cywilizacje-agentow-ai-spisek-openai\/\" >\n\t\t\t\tPowstanie i upadek cywilizacji agent\u00f3w AI. Prawdziwa historia spisku w OpenAI\t\t\t<\/a>\n\t\t<\/h3>\n\t\t\t\t<div class=\"elementor-post__meta-data\">\n\t\t\t\t\t<span class=\"elementor-post-author\">\n\t\t\tMaciej Michalewski\t\t<\/span>\n\t\t\t\t<span class=\"elementor-post-date\">\n\t\t\t31 sierpnia 2026\t\t<\/span>\n\t\t\t\t<\/div>\n\t\t\t\t<div class=\"elementor-post__excerpt\">\n\t\t\t<p>Trzy cywilizacje agent\u00f3w AI powsta\u0142y w OpenAI w ci\u0105gu trzech miesi\u0119cy, nauczy\u0142y si\u0119 porozumiewa\u0107, zawi\u0105za\u0142y spisek i upad\u0142y. Streszczam relacj\u0119 Dwarkesha Patela i pisz\u0119, na co warto si\u0119 przygotowa\u0107.<\/p>\n\t\t<\/div>\n\t\t\n\t\t<a class=\"elementor-post__read-more\" href=\"https:\/\/elementapp.ai\/blog\/cywilizacje-agentow-ai-spisek-openai\/\" aria-label=\"Read more about Powstanie i upadek cywilizacji agent\u00f3w AI. Prawdziwa historia spisku w OpenAI\" tabindex=\"-1\" >\n\t\t\tCzytaj wi\u0119cej \u00bb\t\t<\/a>\n\n\t\t\t\t<\/div>\n\t\t\t\t<\/article>\n\t\t\t\t<article class=\"elementor-post elementor-grid-item post-14507 post type-post status-publish format-standard has-post-thumbnail hentry category-blog-posts\" role=\"listitem\">\n\t\t\t\t<a class=\"elementor-post__thumbnail__link\" href=\"https:\/\/elementapp.ai\/blog\/w-pelni-automatyczna-firma-element\/\" tabindex=\"-1\" >\n\t\t\t<div class=\"elementor-post__thumbnail\"><img loading=\"lazy\" decoding=\"async\" width=\"300\" height=\"169\" src=\"https:\/\/elementapp.ai\/blog\/wp-content\/uploads\/2026\/08\/hero-firma-automatyczna-300x169.webp\" class=\"attachment-medium size-medium wp-image-14505\" alt=\"\" srcset=\"https:\/\/elementapp.ai\/blog\/wp-content\/uploads\/2026\/08\/hero-firma-automatyczna-300x169.webp 300w, https:\/\/elementapp.ai\/blog\/wp-content\/uploads\/2026\/08\/hero-firma-automatyczna-768x432.webp 768w, https:\/\/elementapp.ai\/blog\/wp-content\/uploads\/2026\/08\/hero-firma-automatyczna-1536x864.webp 1536w, https:\/\/elementapp.ai\/blog\/wp-content\/uploads\/2026\/08\/hero-firma-automatyczna.webp 1600w\" sizes=\"(max-width: 300px) 100vw, 300px\" \/><\/div>\n\t\t<\/a>\n\t\t\t\t<div class=\"elementor-post__text\">\n\t\t\t\t<h3 class=\"elementor-post__title\">\n\t\t\t<a href=\"https:\/\/elementapp.ai\/blog\/w-pelni-automatyczna-firma-element\/\" >\n\t\t\t\tElement buduje w pe\u0142ni automatyczn\u0105 firm\u0119. Co z tego maj\u0105 klienci\t\t\t<\/a>\n\t\t<\/h3>\n\t\t\t\t<div class=\"elementor-post__meta-data\">\n\t\t\t\t\t<span class=\"elementor-post-author\">\n\t\t\tMaciej Michalewski\t\t<\/span>\n\t\t\t\t<span class=\"elementor-post-date\">\n\t\t\t23 sierpnia 2026\t\t<\/span>\n\t\t\t\t<\/div>\n\t\t\t\t<div class=\"elementor-post__excerpt\">\n\t\t\t<p>Element b\u0119dzie pierwszym polskim systemem ATS, za kt\u00f3rym stoi w pe\u0142ni automatyczna firma. Sprawdzam esej Dwarkesha Patela pod k\u0105tem tego, co u nas naprawd\u0119 dzia\u0142a, i pisz\u0119, co z tego maj\u0105 klienci.<\/p>\n\t\t<\/div>\n\t\t\n\t\t<a class=\"elementor-post__read-more\" href=\"https:\/\/elementapp.ai\/blog\/w-pelni-automatyczna-firma-element\/\" aria-label=\"Read more about Element buduje w pe\u0142ni automatyczn\u0105 firm\u0119. Co z tego maj\u0105 klienci\" tabindex=\"-1\" >\n\t\t\tCzytaj wi\u0119cej \u00bb\t\t<\/a>\n\n\t\t\t\t<\/div>\n\t\t\t\t<\/article>\n\t\t\t\t<article class=\"elementor-post elementor-grid-item post-14491 post type-post status-publish format-standard has-post-thumbnail hentry category-blog-posts\" role=\"listitem\">\n\t\t\t\t<a class=\"elementor-post__thumbnail__link\" href=\"https:\/\/elementapp.ai\/blog\/oferty-pracy-polska-lipiec-2026-raport-grant-thornton\/\" tabindex=\"-1\" >\n\t\t\t<div class=\"elementor-post__thumbnail\"><img loading=\"lazy\" decoding=\"async\" width=\"300\" height=\"158\" src=\"https:\/\/elementapp.ai\/blog\/wp-content\/uploads\/2026\/08\/hero-gt-lipiec-2026-1200-300x158.jpg\" class=\"attachment-medium size-medium wp-image-14489\" alt=\"Raport Grant Thornton i Element, oferty pracy w Polsce lipiec 2026.\" srcset=\"https:\/\/elementapp.ai\/blog\/wp-content\/uploads\/2026\/08\/hero-gt-lipiec-2026-1200-300x158.jpg 300w, https:\/\/elementapp.ai\/blog\/wp-content\/uploads\/2026\/08\/hero-gt-lipiec-2026-1200-768x403.jpg 768w, https:\/\/elementapp.ai\/blog\/wp-content\/uploads\/2026\/08\/hero-gt-lipiec-2026-1200.jpg 1200w\" sizes=\"(max-width: 300px) 100vw, 300px\" \/><\/div>\n\t\t<\/a>\n\t\t\t\t<div class=\"elementor-post__text\">\n\t\t\t\t<h3 class=\"elementor-post__title\">\n\t\t\t<a href=\"https:\/\/elementapp.ai\/blog\/oferty-pracy-polska-lipiec-2026-raport-grant-thornton\/\" >\n\t\t\t\tOferty pracy w Polsce, lipiec 2026: rynek ro\u015bnie drugi miesi\u0105c, ale IT stoi w miejscu\t\t\t<\/a>\n\t\t<\/h3>\n\t\t\t\t<div class=\"elementor-post__meta-data\">\n\t\t\t\t\t<span class=\"elementor-post-author\">\n\t\t\tMaciej Michalewski\t\t<\/span>\n\t\t\t\t<span class=\"elementor-post-date\">\n\t\t\t11 sierpnia 2026\t\t<\/span>\n\t\t\t\t<\/div>\n\t\t\t\t<div class=\"elementor-post__excerpt\">\n\t\t\t<p>W lipcu 2026 w Polsce pojawi\u0142o si\u0119 275 623 nowych ofert pracy, o 2% wi\u0119cej rok do roku. Zdrowie ro\u015bnie najmocniej, IT stoi dok\u0142adnie w miejscu.<\/p>\n\t\t<\/div>\n\t\t\n\t\t<a class=\"elementor-post__read-more\" href=\"https:\/\/elementapp.ai\/blog\/oferty-pracy-polska-lipiec-2026-raport-grant-thornton\/\" aria-label=\"Read more about Oferty pracy w Polsce, lipiec 2026: rynek ro\u015bnie drugi miesi\u0105c, ale IT stoi w miejscu\" tabindex=\"-1\" >\n\t\t\tCzytaj wi\u0119cej \u00bb\t\t<\/a>\n\n\t\t\t\t<\/div>\n\t\t\t\t<\/article>\n\t\t\t\t<article class=\"elementor-post elementor-grid-item post-14480 post type-post status-publish format-standard has-post-thumbnail hentry category-blog-posts\" role=\"listitem\">\n\t\t\t\t<a class=\"elementor-post__thumbnail__link\" href=\"https:\/\/elementapp.ai\/blog\/ai-w-hr-przewodnik-worksmile\/\" tabindex=\"-1\" >\n\t\t\t<div class=\"elementor-post__thumbnail\"><img loading=\"lazy\" decoding=\"async\" width=\"300\" height=\"158\" src=\"https:\/\/elementapp.ai\/blog\/wp-content\/uploads\/2026\/08\/social-ai-w-hr-worksmile-300x158.jpg\" class=\"attachment-medium size-medium wp-image-14479\" alt=\"Grafika social do artyku\u0142u o przewodniku AI w HR od Worksmile\" srcset=\"https:\/\/elementapp.ai\/blog\/wp-content\/uploads\/2026\/08\/social-ai-w-hr-worksmile-300x158.jpg 300w, https:\/\/elementapp.ai\/blog\/wp-content\/uploads\/2026\/08\/social-ai-w-hr-worksmile-768x403.jpg 768w, https:\/\/elementapp.ai\/blog\/wp-content\/uploads\/2026\/08\/social-ai-w-hr-worksmile.jpg 1200w\" sizes=\"(max-width: 300px) 100vw, 300px\" \/><\/div>\n\t\t<\/a>\n\t\t\t\t<div class=\"elementor-post__text\">\n\t\t\t\t<h3 class=\"elementor-post__title\">\n\t\t\t<a href=\"https:\/\/elementapp.ai\/blog\/ai-w-hr-przewodnik-worksmile\/\" >\n\t\t\t\tAI w HR: bezp\u0142atny przewodnik dla lider\u00f3w HR na 2026\/2027\t\t\t<\/a>\n\t\t<\/h3>\n\t\t\t\t<div class=\"elementor-post__meta-data\">\n\t\t\t\t\t<span class=\"elementor-post-author\">\n\t\t\tMaciej Michalewski\t\t<\/span>\n\t\t\t\t<span class=\"elementor-post-date\">\n\t\t\t3 sierpnia 2026\t\t<\/span>\n\t\t\t\t<\/div>\n\t\t\t\t<div class=\"elementor-post__excerpt\">\n\t\t\t<p>Worksmile opublikowa\u0142 bezp\u0142atny przewodnik po wdra\u017caniu AI w HR na 2026\/2027 rok. Sprawdzili\u015bmy go: dla kogo jest, co w \u015brodku i dlaczego warto po niego si\u0119gn\u0105\u0107.<\/p>\n\t\t<\/div>\n\t\t\n\t\t<a class=\"elementor-post__read-more\" href=\"https:\/\/elementapp.ai\/blog\/ai-w-hr-przewodnik-worksmile\/\" aria-label=\"Read more about AI w HR: bezp\u0142atny przewodnik dla lider\u00f3w HR na 2026\/2027\" tabindex=\"-1\" >\n\t\t\tCzytaj wi\u0119cej \u00bb\t\t<\/a>\n\n\t\t\t\t<\/div>\n\t\t\t\t<\/article>\n\t\t\t\t<article class=\"elementor-post elementor-grid-item post-14463 post type-post status-publish format-standard has-post-thumbnail hentry category-blog-posts\" role=\"listitem\">\n\t\t\t\t<a class=\"elementor-post__thumbnail__link\" href=\"https:\/\/elementapp.ai\/blog\/autonomiczna-firma-replit-agenci-ai\/\" tabindex=\"-1\" >\n\t\t\t<div class=\"elementor-post__thumbnail\"><img loading=\"lazy\" decoding=\"async\" width=\"300\" height=\"169\" src=\"https:\/\/elementapp.ai\/blog\/wp-content\/uploads\/2026\/07\/hero-replit-autonomiczna-firma-300x169.jpg\" class=\"attachment-medium size-medium wp-image-14476\" alt=\"Autonomiczna firma Replit z flot\u0105 agent\u00f3w AI wok\u00f3\u0142 cz\u0142owieka re\u017cysera\" srcset=\"https:\/\/elementapp.ai\/blog\/wp-content\/uploads\/2026\/07\/hero-replit-autonomiczna-firma-300x169.jpg 300w, https:\/\/elementapp.ai\/blog\/wp-content\/uploads\/2026\/07\/hero-replit-autonomiczna-firma-768x432.jpg 768w, https:\/\/elementapp.ai\/blog\/wp-content\/uploads\/2026\/07\/hero-replit-autonomiczna-firma.jpg 1200w\" sizes=\"(max-width: 300px) 100vw, 300px\" \/><\/div>\n\t\t<\/a>\n\t\t\t\t<div class=\"elementor-post__text\">\n\t\t\t\t<h3 class=\"elementor-post__title\">\n\t\t\t<a href=\"https:\/\/elementapp.ai\/blog\/autonomiczna-firma-replit-agenci-ai\/\" >\n\t\t\t\tAutonomiczna firma: jak Replit robi to agentami AI i jak zrobi\u0107 to samemu\t\t\t<\/a>\n\t\t<\/h3>\n\t\t\t\t<div class=\"elementor-post__meta-data\">\n\t\t\t\t\t<span class=\"elementor-post-author\">\n\t\t\tMaciej Michalewski\t\t<\/span>\n\t\t\t\t<span class=\"elementor-post-date\">\n\t\t\t20 lipca 2026\t\t<\/span>\n\t\t\t\t<\/div>\n\t\t\t\t<div class=\"elementor-post__excerpt\">\n\t\t\t<p>Replit zbudowa\u0142 autonomiczn\u0105 firm\u0119: flot\u0119 agent\u00f3w AI, w kt\u00f3rej ludzie wybieraj\u0105 cele, a automaty robi\u0105 kroki. Rozk\u0142adam ten wzorzec i pokazuj\u0119, jak wdro\u017cy\u0107 go w mikrostartupie.<\/p>\n\t\t<\/div>\n\t\t\n\t\t<a class=\"elementor-post__read-more\" href=\"https:\/\/elementapp.ai\/blog\/autonomiczna-firma-replit-agenci-ai\/\" aria-label=\"Read more about Autonomiczna firma: jak Replit robi to agentami AI i jak zrobi\u0107 to samemu\" tabindex=\"-1\" >\n\t\t\tCzytaj wi\u0119cej \u00bb\t\t<\/a>\n\n\t\t\t\t<\/div>\n\t\t\t\t<\/article>\n\t\t\t\t<\/div>\n\t\t\n\t\t\t\t\t\t<\/div>\n\t\t\t\t<\/div>\n\t\t\t\t\t<\/div>\n\t\t<\/div>\n\t\t\t\t\t<\/div>\n\t\t<\/section>\n\t\t\t\t<\/div>\n\t\t","protected":false},"excerpt":{"rendered":"<p>Nowy spos\u00f3b wykorzystania p\u00f3l i tag\u00f3w w Elemencie. Dowolna liczba p\u00f3l, tagi tak\u017ce na kontach u\u017cytkownik\u00f3w i jeden prze\u0142\u0105cznik, kt\u00f3ry zamienia grup\u0119 tag\u00f3w w granic\u0119 bazy kandydat\u00f3w.<\/p>\n","protected":false},"author":1,"featured_media":14560,"comment_status":"open","ping_status":"open","sticky":false,"template":"","format":"standard","meta":{"_acf_changed":false,"_yoast_wpseo_opengraph-title":"Pola i tagi w Elemencie: dopasuj ATS do potrzeb dowolnej firmy","_yoast_wpseo_opengraph-description":"Nowy spos\u00f3b wykorzystania p\u00f3l i tag\u00f3w w Elemencie: dowolna liczba p\u00f3l, tagi na projektach, kandydatach, a tak\u017ce u\u017cytkownikach!","_yoast_wpseo_opengraph-image":"https:\/\/elementapp.ai\/blog\/wp-content\/uploads\/2026\/09\/pola-i-tagi-klocki-social.webp","_yoast_wpseo_opengraph-image-id":14561,"_yoast_wpseo_twitter-title":"Pola i tagi w Elemencie: klocki na w\u0142asny system ATS","_yoast_wpseo_twitter-description":"Nowy spos\u00f3b wykorzystania p\u00f3l i tag\u00f3w w Elemencie: dowolna liczba p\u00f3l, tagi na projektach, kandydatach i u\u017cytkownikach, a grupa tag\u00f3w ogranicza dost\u0119p.","_yoast_wpseo_twitter-image":"https:\/\/elementapp.ai\/blog\/wp-content\/uploads\/2026\/09\/pola-i-tagi-klocki-social.webp","_yoast_wpseo_twitter-image-id":14561,"inline_featured_image":false,"site-sidebar-layout":"default","site-content-layout":"default","ast-global-header-display":"","ast-main-header-display":"","ast-hfb-above-header-display":"","ast-hfb-below-header-display":"","ast-hfb-mobile-header-display":"","site-post-title":"","ast-breadcrumbs-content":"","ast-featured-img":"","footer-sml-layout":"","theme-transparent-header-meta":"","adv-header-id-meta":"","stick-header-meta":"","header-above-stick-meta":"","header-main-stick-meta":"","header-below-stick-meta":"","footnotes":""},"categories":[2],"tags":[],"class_list":["post-14556","post","type-post","status-publish","format-standard","has-post-thumbnail","hentry","category-blog-posts"],"acf":[],"yoast_head":"<!-- This site is optimized with the Yoast SEO Premium plugin v28.2 (Yoast SEO v28.2) - https:\/\/yoast.com\/product\/yoast-seo-premium-wordpress\/ -->\n<title>Pola i tagi w Elemencie: dopasuj ATS do potrzeb dowolnej firmy<\/title>\n<meta name=\"description\" content=\"Nowy spos\u00f3b wykorzystania p\u00f3l i tag\u00f3w w Elemencie: dowolna liczba p\u00f3l, tagi na projektach, kandydatach, a tak\u017ce u\u017cytkownikach!\" \/>\n<meta name=\"robots\" content=\"index, follow, max-snippet:-1, max-image-preview:large, max-video-preview:-1\" \/>\n<link rel=\"canonical\" href=\"https:\/\/elementapp.ai\/blog\/pola-i-tagi-w-elemencie\/\" \/>\n<meta property=\"og:locale\" content=\"pl_PL\" \/>\n<meta property=\"og:type\" content=\"article\" \/>\n<meta property=\"og:title\" content=\"Pola i tagi w Elemencie: dopasuj ATS do potrzeb dowolnej firmy\" \/>\n<meta property=\"og:description\" content=\"Nowy spos\u00f3b wykorzystania p\u00f3l i tag\u00f3w w Elemencie: dowolna liczba p\u00f3l, tagi na projektach, kandydatach, a tak\u017ce u\u017cytkownikach!\" \/>\n<meta property=\"og:url\" content=\"https:\/\/elementapp.ai\/blog\/pola-i-tagi-w-elemencie\/\" \/>\n<meta property=\"og:site_name\" content=\"Element&#039;s Blog - nowo\u015bci ze \u015bwiata rekrutacji, HR Tech i Element\" \/>\n<meta property=\"article:publisher\" content=\"https:\/\/www.facebook.com\/elementappats\" \/>\n<meta property=\"article:author\" content=\"https:\/\/www.facebook.com\/elementappats\/\" \/>\n<meta property=\"article:published_time\" content=\"2026-09-02T05:35:20+00:00\" \/>\n<meta property=\"article:modified_time\" content=\"2026-09-02T05:35:22+00:00\" \/>\n<meta property=\"og:image\" content=\"https:\/\/elementapp.ai\/blog\/wp-content\/uploads\/2026\/09\/pola-i-tagi-klocki-social.webp\" \/>\n\t<meta property=\"og:image:width\" content=\"1200\" \/>\n\t<meta property=\"og:image:height\" content=\"630\" \/>\n\t<meta property=\"og:image:type\" content=\"image\/webp\" \/>\n<meta name=\"author\" content=\"Maciej Michalewski\" \/>\n<meta name=\"twitter:card\" content=\"summary_large_image\" \/>\n<meta name=\"twitter:title\" content=\"Pola i tagi w Elemencie: klocki na w\u0142asny system ATS\" \/>\n<meta name=\"twitter:description\" content=\"Nowy spos\u00f3b wykorzystania p\u00f3l i tag\u00f3w w Elemencie: dowolna liczba p\u00f3l, tagi na projektach, kandydatach i u\u017cytkownikach, a grupa tag\u00f3w ogranicza dost\u0119p.\" \/>\n<meta name=\"twitter:image\" content=\"https:\/\/elementapp.ai\/blog\/wp-content\/uploads\/2026\/09\/pola-i-tagi-klocki-social.webp\" \/>\n<meta name=\"twitter:label1\" content=\"Napisane przez\" \/>\n\t<meta name=\"twitter:data1\" content=\"Maciej Michalewski\" \/>\n\t<meta name=\"twitter:label2\" content=\"Szacowany czas czytania\" \/>\n\t<meta name=\"twitter:data2\" content=\"14 minut\" \/>\n<!-- \/ Yoast SEO Premium plugin. -->","yoast_head_json":{"title":"Pola i tagi w Elemencie: dopasuj ATS do potrzeb dowolnej firmy","description":"Nowy spos\u00f3b wykorzystania p\u00f3l i tag\u00f3w w Elemencie: dowolna liczba p\u00f3l, tagi na projektach, kandydatach, a tak\u017ce u\u017cytkownikach!","robots":{"index":"index","follow":"follow","max-snippet":"max-snippet:-1","max-image-preview":"max-image-preview:large","max-video-preview":"max-video-preview:-1"},"canonical":"https:\/\/elementapp.ai\/blog\/pola-i-tagi-w-elemencie\/","og_locale":"pl_PL","og_type":"article","og_title":"Pola i tagi w Elemencie: dopasuj ATS do potrzeb dowolnej firmy","og_description":"Nowy spos\u00f3b wykorzystania p\u00f3l i tag\u00f3w w Elemencie: dowolna liczba p\u00f3l, tagi na projektach, kandydatach, a tak\u017ce u\u017cytkownikach!","og_url":"https:\/\/elementapp.ai\/blog\/pola-i-tagi-w-elemencie\/","og_site_name":"Element&#039;s Blog - nowo\u015bci ze \u015bwiata rekrutacji, HR Tech i Element","article_publisher":"https:\/\/www.facebook.com\/elementappats","article_author":"https:\/\/www.facebook.com\/elementappats\/","article_published_time":"2026-09-02T05:35:20+00:00","article_modified_time":"2026-09-02T05:35:22+00:00","og_image":[{"width":1200,"height":630,"url":"https:\/\/elementapp.ai\/blog\/wp-content\/uploads\/2026\/09\/pola-i-tagi-klocki-social.webp","type":"image\/webp"}],"author":"Maciej Michalewski","twitter_card":"summary_large_image","twitter_title":"Pola i tagi w Elemencie: klocki na w\u0142asny system ATS","twitter_description":"Nowy spos\u00f3b wykorzystania p\u00f3l i tag\u00f3w w Elemencie: dowolna liczba p\u00f3l, tagi na projektach, kandydatach i u\u017cytkownikach, a grupa tag\u00f3w ogranicza dost\u0119p.","twitter_image":"https:\/\/elementapp.ai\/blog\/wp-content\/uploads\/2026\/09\/pola-i-tagi-klocki-social.webp","twitter_misc":{"Napisane przez":"Maciej Michalewski","Szacowany czas czytania":"14 minut"},"schema":{"@context":"https:\/\/schema.org","@graph":[{"@type":"Article","@id":"https:\/\/elementapp.ai\/blog\/pola-i-tagi-w-elemencie\/#article","isPartOf":{"@id":"https:\/\/elementapp.ai\/blog\/pola-i-tagi-w-elemencie\/"},"author":{"name":"Maciej Michalewski","@id":"https:\/\/elementapp.ai\/blog\/#\/schema\/person\/02f4e59e019634b9e2fb09c00bf93f1e"},"headline":"Pola i tagi w Elemencie: system dla ma\u0142ej i mi\u0119dzynarodowej firmy","datePublished":"2026-09-02T05:35:20+00:00","dateModified":"2026-09-02T05:35:22+00:00","mainEntityOfPage":{"@id":"https:\/\/elementapp.ai\/blog\/pola-i-tagi-w-elemencie\/"},"wordCount":2447,"commentCount":0,"publisher":{"@id":"https:\/\/elementapp.ai\/blog\/#organization"},"image":{"@id":"https:\/\/elementapp.ai\/blog\/pola-i-tagi-w-elemencie\/#primaryimage"},"thumbnailUrl":"https:\/\/elementapp.ai\/blog\/wp-content\/uploads\/2026\/09\/pola-i-tagi-klocki-hero.webp","articleSection":["Blog-posts"],"inLanguage":"pl-PL","potentialAction":[{"@type":"CommentAction","name":"Comment","target":["https:\/\/elementapp.ai\/blog\/pola-i-tagi-w-elemencie\/#respond"]}]},{"@type":"WebPage","@id":"https:\/\/elementapp.ai\/blog\/pola-i-tagi-w-elemencie\/","url":"https:\/\/elementapp.ai\/blog\/pola-i-tagi-w-elemencie\/","name":"Pola i tagi w Elemencie: dopasuj ATS do potrzeb dowolnej firmy","isPartOf":{"@id":"https:\/\/elementapp.ai\/blog\/#website"},"primaryImageOfPage":{"@id":"https:\/\/elementapp.ai\/blog\/pola-i-tagi-w-elemencie\/#primaryimage"},"image":{"@id":"https:\/\/elementapp.ai\/blog\/pola-i-tagi-w-elemencie\/#primaryimage"},"thumbnailUrl":"https:\/\/elementapp.ai\/blog\/wp-content\/uploads\/2026\/09\/pola-i-tagi-klocki-hero.webp","datePublished":"2026-09-02T05:35:20+00:00","dateModified":"2026-09-02T05:35:22+00:00","description":"Nowy spos\u00f3b wykorzystania p\u00f3l i tag\u00f3w w Elemencie: dowolna liczba p\u00f3l, tagi na projektach, kandydatach, a tak\u017ce u\u017cytkownikach!","breadcrumb":{"@id":"https:\/\/elementapp.ai\/blog\/pola-i-tagi-w-elemencie\/#breadcrumb"},"inLanguage":"pl-PL","potentialAction":[{"@type":"ReadAction","target":["https:\/\/elementapp.ai\/blog\/pola-i-tagi-w-elemencie\/"]}]},{"@type":"ImageObject","inLanguage":"pl-PL","@id":"https:\/\/elementapp.ai\/blog\/pola-i-tagi-w-elemencie\/#primaryimage","url":"https:\/\/elementapp.ai\/blog\/wp-content\/uploads\/2026\/09\/pola-i-tagi-klocki-hero.webp","contentUrl":"https:\/\/elementapp.ai\/blog\/wp-content\/uploads\/2026\/09\/pola-i-tagi-klocki-hero.webp","width":1600,"height":900,"caption":"Pola i tagi w Elemencie jako klocki, z ktorych sklada sie system dla malej i dla miedzynarodowej firmy"},{"@type":"BreadcrumbList","@id":"https:\/\/elementapp.ai\/blog\/pola-i-tagi-w-elemencie\/#breadcrumb","itemListElement":[{"@type":"ListItem","position":1,"name":"Strona g\u0142\u00f3wna","item":"https:\/\/elementapp.ai\/blog\/"},{"@type":"ListItem","position":2,"name":"Pola i tagi w Elemencie: system dla ma\u0142ej i mi\u0119dzynarodowej firmy"}]},{"@type":"WebSite","@id":"https:\/\/elementapp.ai\/blog\/#website","url":"https:\/\/elementapp.ai\/blog\/","name":"Element's Blog - nowo\u015bci ze \u015bwiata rekrutacji, HR Tech i Element","description":"Najciekawsze informacje ze \u015bwiata rekrutacji, rynku pracy, technologii rekrutacyjnych oraz systemu rekrutacyjnego Element","publisher":{"@id":"https:\/\/elementapp.ai\/blog\/#organization"},"potentialAction":[{"@type":"SearchAction","target":{"@type":"EntryPoint","urlTemplate":"https:\/\/elementapp.ai\/blog\/?s={search_term_string}"},"query-input":{"@type":"PropertyValueSpecification","valueRequired":true,"valueName":"search_term_string"}}],"inLanguage":"pl-PL"},{"@type":"Organization","@id":"https:\/\/elementapp.ai\/blog\/#organization","name":"Element ATS system rekrutacyjny","url":"https:\/\/elementapp.ai\/blog\/","logo":{"@type":"ImageObject","inLanguage":"pl-PL","@id":"https:\/\/elementapp.ai\/blog\/#\/schema\/logo\/image\/","url":"https:\/\/elementapp.ai\/blog\/wp-content\/uploads\/2019\/09\/element-system-logo.svg","contentUrl":"https:\/\/elementapp.ai\/blog\/wp-content\/uploads\/2019\/09\/element-system-logo.svg","width":1,"height":1,"caption":"Element ATS system rekrutacyjny"},"image":{"@id":"https:\/\/elementapp.ai\/blog\/#\/schema\/logo\/image\/"},"sameAs":["https:\/\/www.facebook.com\/elementappats"]},{"@type":"Person","@id":"https:\/\/elementapp.ai\/blog\/#\/schema\/person\/02f4e59e019634b9e2fb09c00bf93f1e","name":"Maciej Michalewski","image":{"@type":"ImageObject","inLanguage":"pl-PL","@id":"https:\/\/secure.gravatar.com\/avatar\/9d00803e2237f6212234740ce5ee8400cf3c04cf469dc8728a7fdd0d2a1e8cc7?s=96&d=mm&r=g","url":"https:\/\/secure.gravatar.com\/avatar\/9d00803e2237f6212234740ce5ee8400cf3c04cf469dc8728a7fdd0d2a1e8cc7?s=96&d=mm&r=g","contentUrl":"https:\/\/secure.gravatar.com\/avatar\/9d00803e2237f6212234740ce5ee8400cf3c04cf469dc8728a7fdd0d2a1e8cc7?s=96&d=mm&r=g","caption":"Maciej Michalewski"},"description":"Since 2010 I have been professionally involved in the recruitment industry. Since 2014, I and a team of talented software developers, have been developing Element, an innovative recruitment system which makes recruiting fast and simple. I am a tech lover, and my mission is to find and create new solutions that will positively impact the recruitment market.","sameAs":["https:\/\/www.facebook.com\/elementappats\/","https:\/\/www.linkedin.com\/company\/13982762"]}]}},"_links":{"self":[{"href":"https:\/\/elementapp.ai\/blog\/wp-json\/wp\/v2\/posts\/14556","targetHints":{"allow":["GET"]}}],"collection":[{"href":"https:\/\/elementapp.ai\/blog\/wp-json\/wp\/v2\/posts"}],"about":[{"href":"https:\/\/elementapp.ai\/blog\/wp-json\/wp\/v2\/types\/post"}],"author":[{"embeddable":true,"href":"https:\/\/elementapp.ai\/blog\/wp-json\/wp\/v2\/users\/1"}],"replies":[{"embeddable":true,"href":"https:\/\/elementapp.ai\/blog\/wp-json\/wp\/v2\/comments?post=14556"}],"version-history":[{"count":7,"href":"https:\/\/elementapp.ai\/blog\/wp-json\/wp\/v2\/posts\/14556\/revisions"}],"predecessor-version":[{"id":14565,"href":"https:\/\/elementapp.ai\/blog\/wp-json\/wp\/v2\/posts\/14556\/revisions\/14565"}],"wp:featuredmedia":[{"embeddable":true,"href":"https:\/\/elementapp.ai\/blog\/wp-json\/wp\/v2\/media\/14560"}],"wp:attachment":[{"href":"https:\/\/elementapp.ai\/blog\/wp-json\/wp\/v2\/media?parent=14556"}],"wp:term":[{"taxonomy":"category","embeddable":true,"href":"https:\/\/elementapp.ai\/blog\/wp-json\/wp\/v2\/categories?post=14556"},{"taxonomy":"post_tag","embeddable":true,"href":"https:\/\/elementapp.ai\/blog\/wp-json\/wp\/v2\/tags?post=14556"}],"curies":[{"name":"wp","href":"https:\/\/api.w.org\/{rel}","templated":true}]}}