{"id":5106,"date":"2021-08-09T23:14:58","date_gmt":"2021-08-09T21:14:58","guid":{"rendered":"https:\/\/elementapp.ai\/blog\/?p=5106"},"modified":"2026-03-01T10:13:44","modified_gmt":"2026-03-01T09:13:44","slug":"o-modelu-biznesowym-systemu-rekrutacyjnego-element-wywiad-z-agnieszka-weglarz","status":"publish","type":"post","link":"https:\/\/elementapp.ai\/blog\/o-modelu-biznesowym-systemu-rekrutacyjnego-element-wywiad-z-agnieszka-weglarz\/","title":{"rendered":"O modelu biznesowym systemu rekrutacyjnego Element &#8211; wywiad z Agnieszk\u0105 W\u0119glarz\u200b"},"content":{"rendered":"\t\t<div data-elementor-type=\"wp-post\" data-elementor-id=\"5106\" class=\"elementor elementor-5106\" data-elementor-post-type=\"post\">\n\t\t\t\t\t\t<section class=\"elementor-section elementor-top-section elementor-element elementor-element-6d21f123 elementor-section-boxed elementor-section-height-default elementor-section-height-default\" data-id=\"6d21f123\" data-element_type=\"section\" data-e-type=\"section\">\n\t\t\t\t\t\t<div class=\"elementor-container elementor-column-gap-default\">\n\t\t\t\t\t<div class=\"elementor-column elementor-col-100 elementor-top-column elementor-element elementor-element-7c2ff03\" data-id=\"7c2ff03\" data-element_type=\"column\" data-e-type=\"column\">\n\t\t\t<div class=\"elementor-widget-wrap\">\n\t\t\t\t\t\t\t<\/div>\n\t\t<\/div>\n\t\t\t\t\t<\/div>\n\t\t<\/section>\n\t\t\t\t<section class=\"elementor-section elementor-top-section elementor-element elementor-element-6bd9e556 elementor-section-boxed elementor-section-height-default elementor-section-height-default\" data-id=\"6bd9e556\" data-element_type=\"section\" data-e-type=\"section\">\n\t\t\t\t\t\t<div class=\"elementor-container elementor-column-gap-default\">\n\t\t\t\t\t<div class=\"elementor-column elementor-col-100 elementor-top-column elementor-element elementor-element-28816cdd\" data-id=\"28816cdd\" data-element_type=\"column\" data-e-type=\"column\">\n\t\t\t<div class=\"elementor-widget-wrap elementor-element-populated\">\n\t\t\t\t\t\t<div class=\"elementor-element elementor-element-280a2b0e elementor-widget-divider--view-line_icon elementor-view-default elementor-widget-divider--element-align-center elementor-widget elementor-widget-divider\" data-id=\"280a2b0e\" data-element_type=\"widget\" data-e-type=\"widget\" data-widget_type=\"divider.default\">\n\t\t\t\t<div class=\"elementor-widget-container\">\n\t\t\t\t\t\t\t<div class=\"elementor-divider\">\n\t\t\t<span class=\"elementor-divider-separator\">\n\t\t\t\t\t\t\t<div class=\"elementor-icon elementor-divider__element\">\n\t\t\t\t\t<i aria-hidden=\"true\" class=\"far fa-bookmark\"><\/i><\/div>\n\t\t\t\t\t\t<\/span>\n\t\t<\/div>\n\t\t\t\t\t\t<\/div>\n\t\t\t\t<\/div>\n\t\t\t\t\t<\/div>\n\t\t<\/div>\n\t\t\t\t\t<\/div>\n\t\t<\/section>\n\t\t\t\t<section class=\"elementor-section elementor-top-section elementor-element elementor-element-3b7a144c elementor-section-boxed elementor-section-height-default elementor-section-height-default\" data-id=\"3b7a144c\" data-element_type=\"section\" data-e-type=\"section\">\n\t\t\t\t\t\t<div class=\"elementor-container elementor-column-gap-default\">\n\t\t\t\t\t<div class=\"elementor-column elementor-col-100 elementor-top-column elementor-element elementor-element-6a5e7916\" data-id=\"6a5e7916\" data-element_type=\"column\" data-e-type=\"column\">\n\t\t\t<div class=\"elementor-widget-wrap elementor-element-populated\">\n\t\t\t\t\t\t<div class=\"elementor-element elementor-element-642ac47b elementor-widget elementor-widget-heading\" data-id=\"642ac47b\" data-element_type=\"widget\" data-e-type=\"widget\" data-widget_type=\"heading.default\">\n\t\t\t\t<div class=\"elementor-widget-container\">\n\t\t\t\t\t<h1 class=\"elementor-heading-title elementor-size-default\">O modelu biznesowym systemu rekrutacyjnego Element - wywiad z Agnieszk\u0105 W\u0119glarz<\/h1>\t\t\t\t<\/div>\n\t\t\t\t<\/div>\n\t\t\t\t<div class=\"elementor-element elementor-element-4eb1eab1 elementor-widget elementor-widget-text-editor\" data-id=\"4eb1eab1\" data-element_type=\"widget\" data-e-type=\"widget\" data-widget_type=\"text-editor.default\">\n\t\t\t\t<div class=\"elementor-widget-container\">\n\t\t\t\t\t\t\t\t\t9 sierpnia 2021\t\t\t\t\t\t\t\t<\/div>\n\t\t\t\t<\/div>\n\t\t\t\t\t<\/div>\n\t\t<\/div>\n\t\t\t\t\t<\/div>\n\t\t<\/section>\n\t\t\t\t<section class=\"elementor-section elementor-top-section elementor-element elementor-element-673047e9 elementor-section-boxed elementor-section-height-default elementor-section-height-default\" data-id=\"673047e9\" data-element_type=\"section\" data-e-type=\"section\" data-settings=\"{&quot;background_background&quot;:&quot;classic&quot;}\">\n\t\t\t\t\t\t<div class=\"elementor-container elementor-column-gap-default\">\n\t\t\t\t\t<div class=\"elementor-column elementor-col-66 elementor-top-column elementor-element elementor-element-10a06274\" data-id=\"10a06274\" data-element_type=\"column\" data-e-type=\"column\" data-settings=\"{&quot;background_background&quot;:&quot;classic&quot;}\">\n\t\t\t<div class=\"elementor-widget-wrap elementor-element-populated\">\n\t\t\t\t\t\t<div class=\"elementor-element elementor-element-fe85a77 elementor-widget elementor-widget-text-editor\" data-id=\"fe85a77\" data-element_type=\"widget\" data-e-type=\"widget\" data-widget_type=\"text-editor.default\">\n\t\t\t\t<div class=\"elementor-widget-container\">\n\t\t\t\t\t\t\t\t\t<p><span style=\"color: #0000ff;\"><a style=\"color: #0000ff;\" href=\"https:\/\/www.linkedin.com\/in\/agnieszkaweglarz\/\" target=\"_blank\" rel=\"noopener nofollow\">Agnieszka W\u0119glarz<\/a><\/span> to strateg i mened\u017cer z ponad 20 letnim do\u015bwiadczeniem w biznesie, marketingu i sprzeda\u017cy. Mia\u0142em przyjemnos\u0107 pozna\u0107 Agnieszk\u0119 podczas programu preakceleracyjnego Huge Thing, o kt\u00f3rym pisa\u0142em <span style=\"color: #0000ff;\"><a style=\"color: #0000ff;\" href=\"https:\/\/elementapp.ai\/blog\/do-zobaczenia-huge-thing\/\" target=\"_blank\" rel=\"noopener\">w osobnym artykule<\/a><\/span>.<\/p><p>Agnieszka posiada nie tylko bogate do\u015bwiadczenie, ale r\u00f3nie\u017c umiej\u0119tno\u015b\u0107 doskona\u0142ej komunikacji. To dzi\u0119ki temu mo\u017cna efektywnie czerpa\u0107 z szerokiej wiedzy i praktycznych wskaz\u00f3wek Agnieszki. Warszaty z Agnieszk\u0105 nale\u017ca\u0142y zdecydowanie do najciekawszych w ca\u0142ym programie Huge Thing.<\/p><p>Niedawno rozmawia\u0142em z Agnieszk\u0105 na temat modelu biznesowego <span style=\"color: #0000ff;\"><a style=\"color: #0000ff;\" href=\"https:\/\/elementapp.ai\" target=\"_blank\" rel=\"noopener\">systemu rekrutacyjnego Element<\/a><\/span>. Je\u015bli interesujesz si\u0119 modelami biznesowymi, w szczeg\u00f3lno\u015bci w kontek\u015bcie startup\u00f3w, to wraz z Agnieszk\u0105 serdecznie zapraszamy do lektury naszej rozmowy:<\/p>\t\t\t\t\t\t\t\t<\/div>\n\t\t\t\t<\/div>\n\t\t\t\t<div class=\"elementor-element elementor-element-6968f4f elementor-widget elementor-widget-image\" data-id=\"6968f4f\" data-element_type=\"widget\" data-e-type=\"widget\" data-widget_type=\"image.default\">\n\t\t\t\t<div class=\"elementor-widget-container\">\n\t\t\t\t\t\t\t\t\t\t\t\t\t\t\t\t<a href=\"https:\/\/agnieszkaweglarz.com\/jak-zarzadza-sie-modelem-biznesowym-systemu-rekrutacji-wywiad-z-maciejem-michalewskim-ceo-element\/#more-7345\" target=\"_blank\" rel=\"nofollow\">\n\t\t\t\t\t\t\t<img fetchpriority=\"high\" decoding=\"async\" width=\"1200\" height=\"595\" src=\"https:\/\/elementapp.ai\/blog\/wp-content\/uploads\/2021\/08\/Wywiad-z-Element-1920x952.jpg\" class=\"attachment-large size-large wp-image-5131\" alt=\"\" srcset=\"https:\/\/elementapp.ai\/blog\/wp-content\/uploads\/2021\/08\/Wywiad-z-Element-1920x952.jpg 1920w, https:\/\/elementapp.ai\/blog\/wp-content\/uploads\/2021\/08\/Wywiad-z-Element-300x149.jpg 300w, https:\/\/elementapp.ai\/blog\/wp-content\/uploads\/2021\/08\/Wywiad-z-Element-768x381.jpg 768w, https:\/\/elementapp.ai\/blog\/wp-content\/uploads\/2021\/08\/Wywiad-z-Element-1536x762.jpg 1536w, https:\/\/elementapp.ai\/blog\/wp-content\/uploads\/2021\/08\/Wywiad-z-Element-2048x1016.jpg 2048w\" sizes=\"(max-width: 1200px) 100vw, 1200px\" \/>\t\t\t\t\t\t\t\t<\/a>\n\t\t\t\t\t\t\t\t\t\t\t\t\t\t\t<\/div>\n\t\t\t\t<\/div>\n\t\t\t\t<div class=\"elementor-element elementor-element-5b3c7c62 elementor-widget elementor-widget-text-editor\" data-id=\"5b3c7c62\" data-element_type=\"widget\" data-e-type=\"widget\" data-widget_type=\"text-editor.default\">\n\t\t\t\t<div class=\"elementor-widget-container\">\n\t\t\t\t\t\t\t\t\t<p><strong>Polecamy<\/strong><span style=\"font-weight: var( --e-global-typography-text-font-weight );\">:<\/span><\/p><ul><li><span style=\"color: #0000ff;\"><a style=\"color: #0000ff;\" href=\"http:\/\/eepurl.com\/gQc7aH\" target=\"_blank\" rel=\"noopener\">Subskrybuj<\/a><span style=\"color: #000000;\"> nowo\u015bci na naszym blogu<\/span><\/span><span style=\"color: #000000;\">\u00a0<\/span><\/li><li><span style=\"color: #0000ff;\"><a style=\"color: #0000ff;\" href=\"https:\/\/elementapp.ai\/blog\/?p=3955&amp;elementor-preview=3955&amp;ver=1617173059#sprawdz-demo\" target=\"_blank\" rel=\"noopener\">Um\u00f3w<\/a> si\u0119<\/span> na wideo prezentacj\u0119 i poznaj <span style=\"color: #0000ff;\"><a style=\"color: #0000ff;\" href=\"https:\/\/elementapp.ai\" target=\"_blank\" rel=\"noopener\">najlepszy system rekrutacyjny<\/a><\/span>!\u00a0<\/li><li><strong>Zobacz najcz\u0119\u015bciej czytane posty na naszym blogu<\/strong>:<ul><li><span style=\"color: #0000ff;\"><a style=\"color: #0000ff;\" href=\"https:\/\/elementapp.ai\/blog\/linkedin-nowy-limit-zaproszen\/\" target=\"_blank\" rel=\"noopener\">Nowy limit zaprosze\u0144 na Linkedin &#8211; jak go omin\u0105\u0107?<\/a><\/span><\/li><li><span style=\"color: #0000ff;\"><a href=\"https:\/\/elementapp.ai\/blog\/przyszlosc-pracy-w-hr\/\" target=\"_blank\" rel=\"noopener\">Przysz\u0142o\u015b\u0107 pracy w HR<\/a><\/span><\/li><li><span style=\"color: #0000ff;\"><a style=\"color: #0000ff;\" href=\"https:\/\/elementapp.ai\/blog\/jak-powinien-wygladac-profil-linkedin\/\" target=\"_blank\" rel=\"noopener\">Jak powinien wygl\u0105da\u0107 profil na portalu Linkedin<\/a><\/span><\/li><li><span style=\"color: #0000ff;\"><a href=\"https:\/\/elementapp.ai\/blog\/sztuczna-inteligencja-ciekawostki\/\" target=\"_blank\" rel=\"noopener\">Sztuczna inteligencja &#8211; ciekawostki<\/a><\/span><\/li><\/ul><\/li><\/ul>\t\t\t\t\t\t\t\t<\/div>\n\t\t\t\t<\/div>\n\t\t\t\t<div class=\"elementor-element elementor-element-cc885a0 elementor-cta--layout-image-left elementor-cta--skin-classic elementor-animated-content elementor-bg-transform elementor-bg-transform-zoom-in elementor-widget elementor-widget-global elementor-global-2891 elementor-widget-call-to-action\" data-id=\"cc885a0\" data-element_type=\"widget\" data-e-type=\"widget\" data-widget_type=\"call-to-action.default\">\n\t\t\t\t<div class=\"elementor-widget-container\">\n\t\t\t\t\t\t\t<a class=\"elementor-cta\" href=\"https:\/\/elementapp.ai\/#sprawdz-demo\">\n\t\t\t\t\t\t\t<div class=\"elementor-cta__content\">\n\t\t\t\t\n\t\t\t\t\t\t\t\t\t<h2 class=\"elementor-cta__title elementor-cta__content-item elementor-content-item\">\n\t\t\t\t\t\tPOZNAJ ELEMENT\t\t\t\t\t<\/h2>\n\t\t\t\t\n\t\t\t\t\t\t\t\t\t<div class=\"elementor-cta__description elementor-cta__content-item elementor-content-item\">\n\t\t\t\t\t\tSystem ATS, kt\u00f3ry budujemy z pasj\u0105 i rekrutacyjnym do\u015bwiadczeniem\t\t\t\t\t<\/div>\n\t\t\t\t\n\t\t\t\t\t\t\t\t\t<div class=\"elementor-cta__button-wrapper elementor-cta__content-item elementor-content-item \">\n\t\t\t\t\t<span class=\"elementor-cta__button elementor-button elementor-size-\">\n\t\t\t\t\t\tSPRAWD\u0179 DEMO\t\t\t\t\t<\/span>\n\t\t\t\t\t<\/div>\n\t\t\t\t\t\t\t<\/div>\n\t\t\t\t\t\t<\/a>\n\t\t\t\t\t\t<\/div>\n\t\t\t\t<\/div>\n\t\t\t\t<div class=\"elementor-element elementor-element-60695f7b elementor-author-box--image-valign-middle elementor-widget elementor-widget-author-box\" data-id=\"60695f7b\" data-element_type=\"widget\" data-e-type=\"widget\" data-widget_type=\"author-box.default\">\n\t\t\t\t<div class=\"elementor-widget-container\">\n\t\t\t\t\t\t\t<div class=\"elementor-author-box\">\n\t\t\t\t\t\t\t<a href=\"https:\/\/www.linkedin.com\/in\/maciejmichalewski\/\" class=\"elementor-author-box__avatar\">\n\t\t\t\t\t<img decoding=\"async\" src=\"https:\/\/elementapp.ai\/blog\/wp-content\/uploads\/2020\/01\/profile-photo.jpg\" alt=\"Picture of Maciej Michalewski\" loading=\"lazy\">\n\t\t\t\t<\/a>\n\t\t\t\n\t\t\t<div class=\"elementor-author-box__text\">\n\t\t\t\t\t\t\t\t\t<a href=\"https:\/\/www.linkedin.com\/in\/maciejmichalewski\/\">\n\t\t\t\t\t\t<h4 class=\"elementor-author-box__name\">\n\t\t\t\t\t\t\tMaciej Michalewski\t\t\t\t\t\t<\/h4>\n\t\t\t\t\t<\/a>\n\t\t\t\t\n\t\t\t\t\t\t\t\t\t<div class=\"elementor-author-box__bio\">\n\t\t\t\t\t\t<p>CEO @ Element. Recruitment Automation Software<\/p>\n\t\t\t\t\t<\/div>\n\t\t\t\t\n\t\t\t\t\t\t\t<\/div>\n\t\t<\/div>\n\t\t\t\t\t\t<\/div>\n\t\t\t\t<\/div>\n\t\t\t\t<div class=\"elementor-element elementor-element-9b54ac8 elementor-widget-divider--view-line elementor-widget elementor-widget-divider\" data-id=\"9b54ac8\" data-element_type=\"widget\" data-e-type=\"widget\" data-widget_type=\"divider.default\">\n\t\t\t\t<div class=\"elementor-widget-container\">\n\t\t\t\t\t\t\t<div class=\"elementor-divider\">\n\t\t\t<span class=\"elementor-divider-separator\">\n\t\t\t\t\t\t<\/span>\n\t\t<\/div>\n\t\t\t\t\t\t<\/div>\n\t\t\t\t<\/div>\n\t\t\t\t<div class=\"elementor-element elementor-element-1c6eb8dd elementor-share-buttons--view-icon-text elementor-share-buttons--skin-gradient elementor-share-buttons--shape-square elementor-grid-0 elementor-share-buttons--color-official elementor-widget elementor-widget-share-buttons\" data-id=\"1c6eb8dd\" data-element_type=\"widget\" data-e-type=\"widget\" data-widget_type=\"share-buttons.default\">\n\t\t\t\t<div class=\"elementor-widget-container\">\n\t\t\t\t\t\t\t<div class=\"elementor-grid\" role=\"list\">\n\t\t\t\t\t\t\t\t<div class=\"elementor-grid-item\" role=\"listitem\">\n\t\t\t\t\t\t<div class=\"elementor-share-btn elementor-share-btn_facebook\" role=\"button\" tabindex=\"0\" aria-label=\"Share on facebook\">\n\t\t\t\t\t\t\t\t\t\t\t\t\t\t\t<span class=\"elementor-share-btn__icon\">\n\t\t\t\t\t\t\t\t<i class=\"fab fa-facebook\" aria-hidden=\"true\"><\/i>\t\t\t\t\t\t\t<\/span>\n\t\t\t\t\t\t\t\t\t\t\t\t\t\t\t\t\t\t\t\t\t\t<div class=\"elementor-share-btn__text\">\n\t\t\t\t\t\t\t\t\t\t\t\t\t\t\t\t\t\t\t<span class=\"elementor-share-btn__title\">\n\t\t\t\t\t\t\t\t\t\tFacebook\t\t\t\t\t\t\t\t\t<\/span>\n\t\t\t\t\t\t\t\t\t\t\t\t\t\t\t\t\t<\/div>\n\t\t\t\t\t\t\t\t\t\t\t\t\t<\/div>\n\t\t\t\t\t<\/div>\n\t\t\t\t\t\t\t\t\t<div class=\"elementor-grid-item\" role=\"listitem\">\n\t\t\t\t\t\t<div class=\"elementor-share-btn elementor-share-btn_twitter\" role=\"button\" tabindex=\"0\" aria-label=\"Share on twitter\">\n\t\t\t\t\t\t\t\t\t\t\t\t\t\t\t<span class=\"elementor-share-btn__icon\">\n\t\t\t\t\t\t\t\t<i class=\"fab fa-twitter\" aria-hidden=\"true\"><\/i>\t\t\t\t\t\t\t<\/span>\n\t\t\t\t\t\t\t\t\t\t\t\t\t\t\t\t\t\t\t\t\t\t<div class=\"elementor-share-btn__text\">\n\t\t\t\t\t\t\t\t\t\t\t\t\t\t\t\t\t\t\t<span class=\"elementor-share-btn__title\">\n\t\t\t\t\t\t\t\t\t\tTwitter\t\t\t\t\t\t\t\t\t<\/span>\n\t\t\t\t\t\t\t\t\t\t\t\t\t\t\t\t\t<\/div>\n\t\t\t\t\t\t\t\t\t\t\t\t\t<\/div>\n\t\t\t\t\t<\/div>\n\t\t\t\t\t\t\t\t\t<div class=\"elementor-grid-item\" role=\"listitem\">\n\t\t\t\t\t\t<div class=\"elementor-share-btn elementor-share-btn_linkedin\" role=\"button\" tabindex=\"0\" aria-label=\"Share on linkedin\">\n\t\t\t\t\t\t\t\t\t\t\t\t\t\t\t<span class=\"elementor-share-btn__icon\">\n\t\t\t\t\t\t\t\t<i class=\"fab fa-linkedin\" aria-hidden=\"true\"><\/i>\t\t\t\t\t\t\t<\/span>\n\t\t\t\t\t\t\t\t\t\t\t\t\t\t\t\t\t\t\t\t\t\t<div class=\"elementor-share-btn__text\">\n\t\t\t\t\t\t\t\t\t\t\t\t\t\t\t\t\t\t\t<span class=\"elementor-share-btn__title\">\n\t\t\t\t\t\t\t\t\t\tLinkedIn\t\t\t\t\t\t\t\t\t<\/span>\n\t\t\t\t\t\t\t\t\t\t\t\t\t\t\t\t\t<\/div>\n\t\t\t\t\t\t\t\t\t\t\t\t\t<\/div>\n\t\t\t\t\t<\/div>\n\t\t\t\t\t\t<\/div>\n\t\t\t\t\t\t<\/div>\n\t\t\t\t<\/div>\n\t\t\t\t\t<\/div>\n\t\t<\/div>\n\t\t\t\t<div class=\"elementor-column elementor-col-33 elementor-top-column elementor-element elementor-element-fdd3f58\" data-id=\"fdd3f58\" data-element_type=\"column\" data-e-type=\"column\">\n\t\t\t<div class=\"elementor-widget-wrap elementor-element-populated\">\n\t\t\t\t\t\t<div class=\"elementor-element elementor-element-1327b24e elementor-widget elementor-widget-heading\" data-id=\"1327b24e\" data-element_type=\"widget\" data-e-type=\"widget\" data-widget_type=\"heading.default\">\n\t\t\t\t<div class=\"elementor-widget-container\">\n\t\t\t\t\t<h3 class=\"elementor-heading-title elementor-size-default\">Ostatnie wpisy:<\/h3>\t\t\t\t<\/div>\n\t\t\t\t<\/div>\n\t\t\t\t<div class=\"elementor-element elementor-element-c2ccd5b elementor-grid-1 elementor-grid-tablet-1 elementor-grid-mobile-1 elementor-posts--thumbnail-top elementor-widget elementor-widget-posts\" data-id=\"c2ccd5b\" data-element_type=\"widget\" data-e-type=\"widget\" data-settings=\"{&quot;classic_columns&quot;:&quot;1&quot;,&quot;classic_columns_tablet&quot;:&quot;1&quot;,&quot;classic_row_gap&quot;:{&quot;unit&quot;:&quot;px&quot;,&quot;size&quot;:26,&quot;sizes&quot;:[]},&quot;classic_columns_mobile&quot;:&quot;1&quot;,&quot;classic_row_gap_tablet&quot;:{&quot;unit&quot;:&quot;px&quot;,&quot;size&quot;:&quot;&quot;,&quot;sizes&quot;:[]},&quot;classic_row_gap_mobile&quot;:{&quot;unit&quot;:&quot;px&quot;,&quot;size&quot;:&quot;&quot;,&quot;sizes&quot;:[]}}\" data-widget_type=\"posts.classic\">\n\t\t\t\t<div class=\"elementor-widget-container\">\n\t\t\t\t\t\t\t<div class=\"elementor-posts-container elementor-posts elementor-posts--skin-classic elementor-grid\" role=\"list\">\n\t\t\t\t<article class=\"elementor-post elementor-grid-item post-14172 post type-post status-publish format-standard has-post-thumbnail hentry category-blog-posts tag-grant-thornton tag-hr-owiec-na-rynku-pracy tag-raport-hr tag-rekrutacja-hr tag-rynek-pracy-hr\" role=\"listitem\">\n\t\t\t\t<a class=\"elementor-post__thumbnail__link\" href=\"https:\/\/elementapp.ai\/blog\/hr-owiec-na-rynku-pracy-2026-vii-edycja-raportu\/\" tabindex=\"-1\" >\n\t\t\t<div class=\"elementor-post__thumbnail\"><img decoding=\"async\" width=\"300\" height=\"158\" src=\"https:\/\/elementapp.ai\/blog\/wp-content\/uploads\/2026\/04\/hr-owiec-na-rynku-pracy-2026-vii-edycja-300x158.jpg\" class=\"attachment-medium size-medium wp-image-14170\" alt=\"HR-owiec na rynku pracy 2026 \u2014 VII edycja raportu Grant Thornton i Element\" srcset=\"https:\/\/elementapp.ai\/blog\/wp-content\/uploads\/2026\/04\/hr-owiec-na-rynku-pracy-2026-vii-edycja-300x158.jpg 300w, https:\/\/elementapp.ai\/blog\/wp-content\/uploads\/2026\/04\/hr-owiec-na-rynku-pracy-2026-vii-edycja-768x403.jpg 768w, https:\/\/elementapp.ai\/blog\/wp-content\/uploads\/2026\/04\/hr-owiec-na-rynku-pracy-2026-vii-edycja.jpg 1200w\" sizes=\"(max-width: 300px) 100vw, 300px\" \/><\/div>\n\t\t<\/a>\n\t\t\t\t<div class=\"elementor-post__text\">\n\t\t\t\t<h3 class=\"elementor-post__title\">\n\t\t\t<a href=\"https:\/\/elementapp.ai\/blog\/hr-owiec-na-rynku-pracy-2026-vii-edycja-raportu\/\" >\n\t\t\t\tHR-owiec na rynku pracy 2026 \u2014 pobierz VII edycj\u0119 raportu\t\t\t<\/a>\n\t\t<\/h3>\n\t\t\t\t<div class=\"elementor-post__meta-data\">\n\t\t\t\t\t<span class=\"elementor-post-author\">\n\t\t\tMaciej Michalewski\t\t<\/span>\n\t\t\t\t<span class=\"elementor-post-date\">\n\t\t\t28 kwietnia 2026\t\t<\/span>\n\t\t\t\t<\/div>\n\t\t\t\t<div class=\"elementor-post__excerpt\">\n\t\t\t<p>VII edycja raportu \u201eHR-owiec na rynku pracy&#8221;: 72 508 ofert HR w 2025 roku, +55% dla rekruter\u00f3w IT, pensje HRBP i dyrektora HR. Pobierz bezp\u0142atnie.<\/p>\n\t\t<\/div>\n\t\t\n\t\t<a class=\"elementor-post__read-more\" href=\"https:\/\/elementapp.ai\/blog\/hr-owiec-na-rynku-pracy-2026-vii-edycja-raportu\/\" aria-label=\"Read more about HR-owiec na rynku pracy 2026 \u2014 pobierz VII edycj\u0119 raportu\" tabindex=\"-1\" >\n\t\t\tCzytaj wi\u0119cej \u00bb\t\t<\/a>\n\n\t\t\t\t<\/div>\n\t\t\t\t<\/article>\n\t\t\t\t<article class=\"elementor-post elementor-grid-item post-14158 post type-post status-publish format-standard has-post-thumbnail hentry category-blog-posts tag-agenci-ai tag-ai-w-enterprise tag-aron-levie tag-change-management tag-headless-software tag-transformacja-cyfrowa\" role=\"listitem\">\n\t\t\t\t<a class=\"elementor-post__thumbnail__link\" href=\"https:\/\/elementapp.ai\/blog\/agenci-ai-nie-zmienia-firm-ktore-nie-zmienia-sie-same\/\" tabindex=\"-1\" >\n\t\t\t<div class=\"elementor-post__thumbnail\"><img decoding=\"async\" width=\"300\" height=\"158\" src=\"https:\/\/elementapp.ai\/blog\/wp-content\/uploads\/2026\/04\/social-agenci-ai-enterprise-levie-v2-300x158.png\" class=\"attachment-medium size-medium wp-image-14164\" alt=\"\" srcset=\"https:\/\/elementapp.ai\/blog\/wp-content\/uploads\/2026\/04\/social-agenci-ai-enterprise-levie-v2-300x158.png 300w, https:\/\/elementapp.ai\/blog\/wp-content\/uploads\/2026\/04\/social-agenci-ai-enterprise-levie-v2-768x403.png 768w, https:\/\/elementapp.ai\/blog\/wp-content\/uploads\/2026\/04\/social-agenci-ai-enterprise-levie-v2.png 1200w\" sizes=\"(max-width: 300px) 100vw, 300px\" \/><\/div>\n\t\t<\/a>\n\t\t\t\t<div class=\"elementor-post__text\">\n\t\t\t\t<h3 class=\"elementor-post__title\">\n\t\t\t<a href=\"https:\/\/elementapp.ai\/blog\/agenci-ai-nie-zmienia-firm-ktore-nie-zmienia-sie-same\/\" >\n\t\t\t\tAgenci AI nie zmieni\u0105 firm, kt\u00f3re nie zmieni\u0105 si\u0119 same\t\t\t<\/a>\n\t\t<\/h3>\n\t\t\t\t<div class=\"elementor-post__meta-data\">\n\t\t\t\t\t<span class=\"elementor-post-author\">\n\t\t\tMaciej Michalewski\t\t<\/span>\n\t\t\t\t<span class=\"elementor-post-date\">\n\t\t\t13 kwietnia 2026\t\t<\/span>\n\t\t\t\t<\/div>\n\t\t\t\t<div class=\"elementor-post__excerpt\">\n\t\t\t<p>Aron Levie, CEO Box, spotka\u0142 si\u0119 z kilkudziesi\u0119cioma liderami IT i AI z du\u017cych przedsi\u0119biorstw. Jego obserwacje o agentach AI w enterprise potwierdzaj\u0105 trendy, kt\u00f3re widz\u0119 w codziennej pracy z firmami wdra\u017caj\u0105cymi AI.<\/p>\n\t\t<\/div>\n\t\t\n\t\t<a class=\"elementor-post__read-more\" href=\"https:\/\/elementapp.ai\/blog\/agenci-ai-nie-zmienia-firm-ktore-nie-zmienia-sie-same\/\" aria-label=\"Read more about Agenci AI nie zmieni\u0105 firm, kt\u00f3re nie zmieni\u0105 si\u0119 same\" tabindex=\"-1\" >\n\t\t\tCzytaj wi\u0119cej \u00bb\t\t<\/a>\n\n\t\t\t\t<\/div>\n\t\t\t\t<\/article>\n\t\t\t\t<article class=\"elementor-post elementor-grid-item post-14134 post type-post status-publish format-standard has-post-thumbnail hentry category-blog-posts\" role=\"listitem\">\n\t\t\t\t<a class=\"elementor-post__thumbnail__link\" href=\"https:\/\/elementapp.ai\/blog\/gallup-2026-zaangazowanie-pracownikow-menedzerowie-ai\/\" tabindex=\"-1\" >\n\t\t\t<div class=\"elementor-post__thumbnail\"><img loading=\"lazy\" decoding=\"async\" width=\"300\" height=\"164\" src=\"https:\/\/elementapp.ai\/blog\/wp-content\/uploads\/2026\/04\/hero-gallup-2026-v3-300x164.jpg\" class=\"attachment-medium size-medium wp-image-14138\" alt=\"\" srcset=\"https:\/\/elementapp.ai\/blog\/wp-content\/uploads\/2026\/04\/hero-gallup-2026-v3-300x164.jpg 300w, https:\/\/elementapp.ai\/blog\/wp-content\/uploads\/2026\/04\/hero-gallup-2026-v3-768x419.jpg 768w, https:\/\/elementapp.ai\/blog\/wp-content\/uploads\/2026\/04\/hero-gallup-2026-v3-1536x837.jpg 1536w, https:\/\/elementapp.ai\/blog\/wp-content\/uploads\/2026\/04\/hero-gallup-2026-v3.jpg 1600w\" sizes=\"(max-width: 300px) 100vw, 300px\" \/><\/div>\n\t\t<\/a>\n\t\t\t\t<div class=\"elementor-post__text\">\n\t\t\t\t<h3 class=\"elementor-post__title\">\n\t\t\t<a href=\"https:\/\/elementapp.ai\/blog\/gallup-2026-zaangazowanie-pracownikow-menedzerowie-ai\/\" >\n\t\t\t\tGallup 2026: \u015bwiat pracy si\u0119 sypie, a mened\u017cerowie trac\u0105 zapa\u0142 szybciej ni\u017c reszta\t\t\t<\/a>\n\t\t<\/h3>\n\t\t\t\t<div class=\"elementor-post__meta-data\">\n\t\t\t\t\t<span class=\"elementor-post-author\">\n\t\t\tMaciej Michalewski\t\t<\/span>\n\t\t\t\t<span class=\"elementor-post-date\">\n\t\t\t8 kwietnia 2026\t\t<\/span>\n\t\t\t\t<\/div>\n\t\t\t\t<div class=\"elementor-post__excerpt\">\n\t\t\t<p>Raport Gallup State of the Global Workplace 2026 pokazuje, \u017ce globalne zaanga\u017cowanie spad\u0142o do 20%, a mened\u017cerowie trac\u0105 zapa\u0142 szybciej ni\u017c ich zespo\u0142y. Paradoks AI: indywidualna produktywno\u015b\u0107 ro\u015bnie, organizacyjna nie.<\/p>\n\t\t<\/div>\n\t\t\n\t\t<a class=\"elementor-post__read-more\" href=\"https:\/\/elementapp.ai\/blog\/gallup-2026-zaangazowanie-pracownikow-menedzerowie-ai\/\" aria-label=\"Read more about Gallup 2026: \u015bwiat pracy si\u0119 sypie, a mened\u017cerowie trac\u0105 zapa\u0142 szybciej ni\u017c reszta\" tabindex=\"-1\" >\n\t\t\tCzytaj wi\u0119cej \u00bb\t\t<\/a>\n\n\t\t\t\t<\/div>\n\t\t\t\t<\/article>\n\t\t\t\t<article class=\"elementor-post elementor-grid-item post-14119 post type-post status-publish format-standard has-post-thumbnail hentry category-blog-posts\" role=\"listitem\">\n\t\t\t\t<a class=\"elementor-post__thumbnail__link\" href=\"https:\/\/elementapp.ai\/blog\/wielka-reorganizacja-firmy-przebudowuja-sie-woko-ai\/\" tabindex=\"-1\" >\n\t\t\t<div class=\"elementor-post__thumbnail\"><img loading=\"lazy\" decoding=\"async\" width=\"300\" height=\"158\" src=\"https:\/\/elementapp.ai\/blog\/wp-content\/uploads\/2026\/04\/hero-wielka-reorganizacja-v2-300x158.jpg\" class=\"attachment-medium size-medium wp-image-14127\" alt=\"\" srcset=\"https:\/\/elementapp.ai\/blog\/wp-content\/uploads\/2026\/04\/hero-wielka-reorganizacja-v2-300x158.jpg 300w, https:\/\/elementapp.ai\/blog\/wp-content\/uploads\/2026\/04\/hero-wielka-reorganizacja-v2-768x403.jpg 768w, https:\/\/elementapp.ai\/blog\/wp-content\/uploads\/2026\/04\/hero-wielka-reorganizacja-v2.jpg 1200w\" sizes=\"(max-width: 300px) 100vw, 300px\" \/><\/div>\n\t\t<\/a>\n\t\t\t\t<div class=\"elementor-post__text\">\n\t\t\t\t<h3 class=\"elementor-post__title\">\n\t\t\t<a href=\"https:\/\/elementapp.ai\/blog\/wielka-reorganizacja-firmy-przebudowuja-sie-woko-ai\/\" >\n\t\t\t\tWielka reorganizacja: firmy przebudowuj\u0105 si\u0119 wok\u00f3\u0142 AI\t\t\t<\/a>\n\t\t<\/h3>\n\t\t\t\t<div class=\"elementor-post__meta-data\">\n\t\t\t\t\t<span class=\"elementor-post-author\">\n\t\t\tMaciej Michalewski\t\t<\/span>\n\t\t\t\t<span class=\"elementor-post-date\">\n\t\t\t1 kwietnia 2026\t\t<\/span>\n\t\t\t\t<\/div>\n\t\t\t\t<div class=\"elementor-post__excerpt\">\n\t\t\t<p>Foundation Capital zbada\u0142o 25 firm i odkry\u0142o, \u017ce AI zmienia nie tylko narz\u0119dzia, ale ca\u0142\u0105 struktur\u0119 organizacji. Cztery role pozostan\u0105 ludzkie.<\/p>\n\t\t<\/div>\n\t\t\n\t\t<a class=\"elementor-post__read-more\" href=\"https:\/\/elementapp.ai\/blog\/wielka-reorganizacja-firmy-przebudowuja-sie-woko-ai\/\" aria-label=\"Read more about Wielka reorganizacja: firmy przebudowuj\u0105 si\u0119 wok\u00f3\u0142 AI\" tabindex=\"-1\" >\n\t\t\tCzytaj wi\u0119cej \u00bb\t\t<\/a>\n\n\t\t\t\t<\/div>\n\t\t\t\t<\/article>\n\t\t\t\t<article class=\"elementor-post elementor-grid-item post-14110 post type-post status-publish format-standard has-post-thumbnail hentry category-blog-posts\" role=\"listitem\">\n\t\t\t\t<a class=\"elementor-post__thumbnail__link\" href=\"https:\/\/elementapp.ai\/blog\/social-media-polaryzuja-ai-depolaryzuje\/\" tabindex=\"-1\" >\n\t\t\t<div class=\"elementor-post__thumbnail\"><img loading=\"lazy\" decoding=\"async\" width=\"300\" height=\"158\" src=\"https:\/\/elementapp.ai\/blog\/wp-content\/uploads\/2026\/03\/hero_polaryzacja-300x158.jpg\" class=\"attachment-medium size-medium wp-image-14102\" alt=\"\" srcset=\"https:\/\/elementapp.ai\/blog\/wp-content\/uploads\/2026\/03\/hero_polaryzacja-300x158.jpg 300w, https:\/\/elementapp.ai\/blog\/wp-content\/uploads\/2026\/03\/hero_polaryzacja-768x403.jpg 768w, https:\/\/elementapp.ai\/blog\/wp-content\/uploads\/2026\/03\/hero_polaryzacja.jpg 1200w\" sizes=\"(max-width: 300px) 100vw, 300px\" \/><\/div>\n\t\t<\/a>\n\t\t\t\t<div class=\"elementor-post__text\">\n\t\t\t\t<h3 class=\"elementor-post__title\">\n\t\t\t<a href=\"https:\/\/elementapp.ai\/blog\/social-media-polaryzuja-ai-depolaryzuje\/\" >\n\t\t\t\tSocial Media polaryzuj\u0105. AI depolaryzuje?\t\t\t<\/a>\n\t\t<\/h3>\n\t\t\t\t<div class=\"elementor-post__meta-data\">\n\t\t\t\t\t<span class=\"elementor-post-author\">\n\t\t\tMaciej Michalewski\t\t<\/span>\n\t\t\t\t<span class=\"elementor-post-date\">\n\t\t\t30 marca 2026\t\t<\/span>\n\t\t\t\t<\/div>\n\t\t\t\t<div class=\"elementor-post__excerpt\">\n\t\t\t<p>Social Media polaryzuj\u0105. AI depolaryzuje? Wprowadzenie Niedawno chwali\u0142em Groka za fakt, \u017ce najmniej halucynuje i jest najmniej politycznie poprawny. Teraz mamy kolejne dane, kt\u00f3re uzupe\u0142niaj\u0105<\/p>\n\t\t<\/div>\n\t\t\n\t\t<a class=\"elementor-post__read-more\" href=\"https:\/\/elementapp.ai\/blog\/social-media-polaryzuja-ai-depolaryzuje\/\" aria-label=\"Read more about Social Media polaryzuj\u0105. AI depolaryzuje?\" tabindex=\"-1\" >\n\t\t\tCzytaj wi\u0119cej \u00bb\t\t<\/a>\n\n\t\t\t\t<\/div>\n\t\t\t\t<\/article>\n\t\t\t\t<article class=\"elementor-post elementor-grid-item post-14094 post type-post status-publish format-standard has-post-thumbnail hentry category-blog-posts\" role=\"listitem\">\n\t\t\t\t<a class=\"elementor-post__thumbnail__link\" href=\"https:\/\/elementapp.ai\/blog\/automatyzacja-prac-fizycznych-physical-intelligence\/\" tabindex=\"-1\" >\n\t\t\t<div class=\"elementor-post__thumbnail\"><img loading=\"lazy\" decoding=\"async\" width=\"300\" height=\"158\" src=\"https:\/\/elementapp.ai\/blog\/wp-content\/uploads\/2026\/03\/hero_physical_ai-1-300x158.jpg\" class=\"attachment-medium size-medium wp-image-14096\" alt=\"\" srcset=\"https:\/\/elementapp.ai\/blog\/wp-content\/uploads\/2026\/03\/hero_physical_ai-1-300x158.jpg 300w, https:\/\/elementapp.ai\/blog\/wp-content\/uploads\/2026\/03\/hero_physical_ai-1-768x403.jpg 768w, https:\/\/elementapp.ai\/blog\/wp-content\/uploads\/2026\/03\/hero_physical_ai-1.jpg 1200w\" sizes=\"(max-width: 300px) 100vw, 300px\" \/><\/div>\n\t\t<\/a>\n\t\t\t\t<div class=\"elementor-post__text\">\n\t\t\t\t<h3 class=\"elementor-post__title\">\n\t\t\t<a href=\"https:\/\/elementapp.ai\/blog\/automatyzacja-prac-fizycznych-physical-intelligence\/\" >\n\t\t\t\tRobot z polskim rodowodem, kt\u00f3ry wkr\u0119ca \u015bruby szybciej od cz\u0142owieka\t\t\t<\/a>\n\t\t<\/h3>\n\t\t\t\t<div class=\"elementor-post__meta-data\">\n\t\t\t\t\t<span class=\"elementor-post-author\">\n\t\t\tMaciej Michalewski\t\t<\/span>\n\t\t\t\t<span class=\"elementor-post-date\">\n\t\t\t24 marca 2026\t\t<\/span>\n\t\t\t\t<\/div>\n\t\t\t\t<div class=\"elementor-post__excerpt\">\n\t\t\t<p>Robot z polskim rodowodem, kt\u00f3ry wkr\u0119ca \u015bruby szybciej od cz\u0142owieka Kiedy m\u00f3wimy o automatyzacji, wi\u0119kszo\u015b\u0107 ludzi my\u015bli o chatbotach, generatorach obraz\u00f3w i asystentach programowania. Tymczasem<\/p>\n\t\t<\/div>\n\t\t\n\t\t<a class=\"elementor-post__read-more\" href=\"https:\/\/elementapp.ai\/blog\/automatyzacja-prac-fizycznych-physical-intelligence\/\" aria-label=\"Read more about Robot z polskim rodowodem, kt\u00f3ry wkr\u0119ca \u015bruby szybciej od cz\u0142owieka\" tabindex=\"-1\" >\n\t\t\tCzytaj wi\u0119cej \u00bb\t\t<\/a>\n\n\t\t\t\t<\/div>\n\t\t\t\t<\/article>\n\t\t\t\t<\/div>\n\t\t\n\t\t\t\t\t\t<\/div>\n\t\t\t\t<\/div>\n\t\t\t\t\t<\/div>\n\t\t<\/div>\n\t\t\t\t\t<\/div>\n\t\t<\/section>\n\t\t\t\t<\/div>\n\t\t","protected":false},"excerpt":{"rendered":"<p>Wraz z Agnieszk\u0105 W\u0119glarz, ekspertk\u0119 w zakresie marketingu i biznesu, zapraszamy do lektury rozmowy o modelu biznesowym systemu rekrutacyjnego Element.<\/p>\n","protected":false},"author":1,"featured_media":0,"comment_status":"open","ping_status":"open","sticky":false,"template":"","format":"standard","meta":{"_acf_changed":false,"_yoast_wpseo_focuskw":"","_yoast_wpseo_title":"Model biznesowy systemu rekrutacyjnego Element - wywiad z A. W\u0119glarz","_yoast_wpseo_metadesc":"Wraz z Agnieszk\u0105 W\u0119glarz, ekspertk\u0119 w zakresie marketingu i biznesu, zapraszamy do lektury rozmowy o modelu biznesowym systemu rekrutacyjnego Element.","_yoast_wpseo_opengraph-title":"","_yoast_wpseo_opengraph-description":"","_yoast_wpseo_opengraph-image":"https:\/\/elementapp.ai\/blog\/wp-content\/uploads\/2021\/08\/Wywiad-z-Element.jpg","_yoast_wpseo_opengraph-image-id":5131,"_yoast_wpseo_twitter-title":"","_yoast_wpseo_twitter-description":"","_yoast_wpseo_twitter-image":"","_yoast_wpseo_twitter-image-id":0,"inline_featured_image":false,"site-sidebar-layout":"default","site-content-layout":"default","ast-global-header-display":"","ast-main-header-display":"","ast-hfb-above-header-display":"","ast-hfb-below-header-display":"","ast-hfb-mobile-header-display":"","site-post-title":"","ast-breadcrumbs-content":"","ast-featured-img":"","footer-sml-layout":"","theme-transparent-header-meta":"","adv-header-id-meta":"","stick-header-meta":"","header-above-stick-meta":"","header-main-stick-meta":"","header-below-stick-meta":"","footnotes":""},"categories":[2],"tags":[],"class_list":["post-5106","post","type-post","status-publish","format-standard","hentry","category-blog-posts"],"acf":[],"yoast_head":"<!-- This site is optimized with the Yoast SEO Premium plugin v27.4 (Yoast SEO v27.4) - https:\/\/yoast.com\/product\/yoast-seo-premium-wordpress\/ -->\n<title>Model biznesowy systemu rekrutacyjnego Element - wywiad z A. W\u0119glarz<\/title>\n<meta name=\"description\" content=\"Wraz z Agnieszk\u0105 W\u0119glarz, ekspertk\u0119 w zakresie marketingu i biznesu, zapraszamy do lektury rozmowy o modelu biznesowym systemu rekrutacyjnego Element.\" \/>\n<meta name=\"robots\" content=\"index, follow, max-snippet:-1, max-image-preview:large, max-video-preview:-1\" \/>\n<link rel=\"canonical\" href=\"https:\/\/elementapp.ai\/blog\/o-modelu-biznesowym-systemu-rekrutacyjnego-element-wywiad-z-agnieszka-weglarz\/\" \/>\n<meta property=\"og:locale\" content=\"pl_PL\" \/>\n<meta property=\"og:type\" content=\"article\" \/>\n<meta property=\"og:title\" content=\"O modelu biznesowym systemu rekrutacyjnego Element - wywiad z Agnieszk\u0105 W\u0119glarz\u200b\" \/>\n<meta property=\"og:description\" content=\"Wraz z Agnieszk\u0105 W\u0119glarz, ekspertk\u0119 w zakresie marketingu i biznesu, zapraszamy do lektury rozmowy o modelu biznesowym systemu rekrutacyjnego Element.\" \/>\n<meta property=\"og:url\" content=\"https:\/\/elementapp.ai\/blog\/o-modelu-biznesowym-systemu-rekrutacyjnego-element-wywiad-z-agnieszka-weglarz\/\" \/>\n<meta property=\"og:site_name\" content=\"Element&#039;s Blog - nowo\u015bci ze \u015bwiata rekrutacji, HR Tech i Element\" \/>\n<meta property=\"article:publisher\" content=\"https:\/\/www.facebook.com\/elementappats\" \/>\n<meta property=\"article:author\" content=\"https:\/\/www.facebook.com\/elementappats\/\" \/>\n<meta property=\"article:published_time\" content=\"2021-08-09T21:14:58+00:00\" \/>\n<meta property=\"article:modified_time\" content=\"2026-03-01T09:13:44+00:00\" \/>\n<meta property=\"og:image\" content=\"https:\/\/elementapp.ai\/blog\/wp-content\/uploads\/2021\/08\/Wywiad-z-Element.jpg\" \/>\n\t<meta property=\"og:image:width\" content=\"2214\" \/>\n\t<meta property=\"og:image:height\" content=\"1098\" \/>\n\t<meta property=\"og:image:type\" content=\"image\/jpeg\" \/>\n<meta name=\"author\" content=\"Maciej Michalewski\" \/>\n<meta name=\"twitter:card\" content=\"summary_large_image\" \/>\n<meta name=\"twitter:label1\" content=\"Napisane przez\" \/>\n\t<meta name=\"twitter:data1\" content=\"Maciej Michalewski\" \/>\n\t<meta name=\"twitter:label2\" content=\"Szacowany czas czytania\" \/>\n\t<meta name=\"twitter:data2\" content=\"1 minuta\" \/>\n<!-- \/ Yoast SEO Premium plugin. -->","yoast_head_json":{"title":"Model biznesowy systemu rekrutacyjnego Element - wywiad z A. W\u0119glarz","description":"Wraz z Agnieszk\u0105 W\u0119glarz, ekspertk\u0119 w zakresie marketingu i biznesu, zapraszamy do lektury rozmowy o modelu biznesowym systemu rekrutacyjnego Element.","robots":{"index":"index","follow":"follow","max-snippet":"max-snippet:-1","max-image-preview":"max-image-preview:large","max-video-preview":"max-video-preview:-1"},"canonical":"https:\/\/elementapp.ai\/blog\/o-modelu-biznesowym-systemu-rekrutacyjnego-element-wywiad-z-agnieszka-weglarz\/","og_locale":"pl_PL","og_type":"article","og_title":"O modelu biznesowym systemu rekrutacyjnego Element - wywiad z Agnieszk\u0105 W\u0119glarz\u200b","og_description":"Wraz z Agnieszk\u0105 W\u0119glarz, ekspertk\u0119 w zakresie marketingu i biznesu, zapraszamy do lektury rozmowy o modelu biznesowym systemu rekrutacyjnego Element.","og_url":"https:\/\/elementapp.ai\/blog\/o-modelu-biznesowym-systemu-rekrutacyjnego-element-wywiad-z-agnieszka-weglarz\/","og_site_name":"Element&#039;s Blog - nowo\u015bci ze \u015bwiata rekrutacji, HR Tech i Element","article_publisher":"https:\/\/www.facebook.com\/elementappats","article_author":"https:\/\/www.facebook.com\/elementappats\/","article_published_time":"2021-08-09T21:14:58+00:00","article_modified_time":"2026-03-01T09:13:44+00:00","og_image":[{"width":2214,"height":1098,"url":"https:\/\/elementapp.ai\/blog\/wp-content\/uploads\/2021\/08\/Wywiad-z-Element.jpg","type":"image\/jpeg"}],"author":"Maciej Michalewski","twitter_card":"summary_large_image","twitter_misc":{"Napisane przez":"Maciej Michalewski","Szacowany czas czytania":"1 minuta"},"schema":{"@context":"https:\/\/schema.org","@graph":[{"@type":"Article","@id":"https:\/\/elementapp.ai\/blog\/o-modelu-biznesowym-systemu-rekrutacyjnego-element-wywiad-z-agnieszka-weglarz\/#article","isPartOf":{"@id":"https:\/\/elementapp.ai\/blog\/o-modelu-biznesowym-systemu-rekrutacyjnego-element-wywiad-z-agnieszka-weglarz\/"},"author":{"name":"Maciej Michalewski","@id":"https:\/\/elementapp.ai\/blog\/#\/schema\/person\/02f4e59e019634b9e2fb09c00bf93f1e"},"headline":"O modelu biznesowym systemu rekrutacyjnego Element &#8211; wywiad z Agnieszk\u0105 W\u0119glarz\u200b","datePublished":"2021-08-09T21:14:58+00:00","dateModified":"2026-03-01T09:13:44+00:00","mainEntityOfPage":{"@id":"https:\/\/elementapp.ai\/blog\/o-modelu-biznesowym-systemu-rekrutacyjnego-element-wywiad-z-agnieszka-weglarz\/"},"wordCount":237,"commentCount":0,"publisher":{"@id":"https:\/\/elementapp.ai\/blog\/#organization"},"image":{"@id":"https:\/\/elementapp.ai\/blog\/o-modelu-biznesowym-systemu-rekrutacyjnego-element-wywiad-z-agnieszka-weglarz\/#primaryimage"},"thumbnailUrl":"https:\/\/elementapp.ai\/blog\/wp-content\/uploads\/2021\/08\/Wywiad-z-Element-1920x952.jpg","articleSection":["Blog-posts"],"inLanguage":"pl-PL","potentialAction":[{"@type":"CommentAction","name":"Comment","target":["https:\/\/elementapp.ai\/blog\/o-modelu-biznesowym-systemu-rekrutacyjnego-element-wywiad-z-agnieszka-weglarz\/#respond"]}]},{"@type":"WebPage","@id":"https:\/\/elementapp.ai\/blog\/o-modelu-biznesowym-systemu-rekrutacyjnego-element-wywiad-z-agnieszka-weglarz\/","url":"https:\/\/elementapp.ai\/blog\/o-modelu-biznesowym-systemu-rekrutacyjnego-element-wywiad-z-agnieszka-weglarz\/","name":"Model biznesowy systemu rekrutacyjnego Element - wywiad z A. W\u0119glarz","isPartOf":{"@id":"https:\/\/elementapp.ai\/blog\/#website"},"primaryImageOfPage":{"@id":"https:\/\/elementapp.ai\/blog\/o-modelu-biznesowym-systemu-rekrutacyjnego-element-wywiad-z-agnieszka-weglarz\/#primaryimage"},"image":{"@id":"https:\/\/elementapp.ai\/blog\/o-modelu-biznesowym-systemu-rekrutacyjnego-element-wywiad-z-agnieszka-weglarz\/#primaryimage"},"thumbnailUrl":"https:\/\/elementapp.ai\/blog\/wp-content\/uploads\/2021\/08\/Wywiad-z-Element-1920x952.jpg","datePublished":"2021-08-09T21:14:58+00:00","dateModified":"2026-03-01T09:13:44+00:00","description":"Wraz z Agnieszk\u0105 W\u0119glarz, ekspertk\u0119 w zakresie marketingu i biznesu, zapraszamy do lektury rozmowy o modelu biznesowym systemu rekrutacyjnego Element.","breadcrumb":{"@id":"https:\/\/elementapp.ai\/blog\/o-modelu-biznesowym-systemu-rekrutacyjnego-element-wywiad-z-agnieszka-weglarz\/#breadcrumb"},"inLanguage":"pl-PL","potentialAction":[{"@type":"ReadAction","target":["https:\/\/elementapp.ai\/blog\/o-modelu-biznesowym-systemu-rekrutacyjnego-element-wywiad-z-agnieszka-weglarz\/"]}]},{"@type":"ImageObject","inLanguage":"pl-PL","@id":"https:\/\/elementapp.ai\/blog\/o-modelu-biznesowym-systemu-rekrutacyjnego-element-wywiad-z-agnieszka-weglarz\/#primaryimage","url":"https:\/\/elementapp.ai\/blog\/wp-content\/uploads\/2021\/08\/Wywiad-z-Element.jpg","contentUrl":"https:\/\/elementapp.ai\/blog\/wp-content\/uploads\/2021\/08\/Wywiad-z-Element.jpg","width":2214,"height":1098,"caption":"Zarz\u0105dzanie modelem biznesowym. Wywiad Agnieszki W\u0119glarz z Maciejem Michalewskim"},{"@type":"BreadcrumbList","@id":"https:\/\/elementapp.ai\/blog\/o-modelu-biznesowym-systemu-rekrutacyjnego-element-wywiad-z-agnieszka-weglarz\/#breadcrumb","itemListElement":[{"@type":"ListItem","position":1,"name":"Strona g\u0142\u00f3wna","item":"https:\/\/elementapp.ai\/blog\/"},{"@type":"ListItem","position":2,"name":"O modelu biznesowym systemu rekrutacyjnego Element &#8211; wywiad z Agnieszk\u0105 W\u0119glarz\u200b"}]},{"@type":"WebSite","@id":"https:\/\/elementapp.ai\/blog\/#website","url":"https:\/\/elementapp.ai\/blog\/","name":"Element's Blog - nowo\u015bci ze \u015bwiata rekrutacji, HR Tech i Element","description":"Najciekawsze informacje ze \u015bwiata rekrutacji, rynku pracy, technologii rekrutacyjnych oraz systemu rekrutacyjnego Element","publisher":{"@id":"https:\/\/elementapp.ai\/blog\/#organization"},"potentialAction":[{"@type":"SearchAction","target":{"@type":"EntryPoint","urlTemplate":"https:\/\/elementapp.ai\/blog\/?s={search_term_string}"},"query-input":{"@type":"PropertyValueSpecification","valueRequired":true,"valueName":"search_term_string"}}],"inLanguage":"pl-PL"},{"@type":"Organization","@id":"https:\/\/elementapp.ai\/blog\/#organization","name":"Element ATS system rekrutacyjny","url":"https:\/\/elementapp.ai\/blog\/","logo":{"@type":"ImageObject","inLanguage":"pl-PL","@id":"https:\/\/elementapp.ai\/blog\/#\/schema\/logo\/image\/","url":"https:\/\/elementapp.ai\/blog\/wp-content\/uploads\/2019\/09\/element-system-logo.svg","contentUrl":"https:\/\/elementapp.ai\/blog\/wp-content\/uploads\/2019\/09\/element-system-logo.svg","width":1,"height":1,"caption":"Element ATS system rekrutacyjny"},"image":{"@id":"https:\/\/elementapp.ai\/blog\/#\/schema\/logo\/image\/"},"sameAs":["https:\/\/www.facebook.com\/elementappats"]},{"@type":"Person","@id":"https:\/\/elementapp.ai\/blog\/#\/schema\/person\/02f4e59e019634b9e2fb09c00bf93f1e","name":"Maciej Michalewski","image":{"@type":"ImageObject","inLanguage":"pl-PL","@id":"https:\/\/secure.gravatar.com\/avatar\/9d00803e2237f6212234740ce5ee8400cf3c04cf469dc8728a7fdd0d2a1e8cc7?s=96&d=mm&r=g","url":"https:\/\/secure.gravatar.com\/avatar\/9d00803e2237f6212234740ce5ee8400cf3c04cf469dc8728a7fdd0d2a1e8cc7?s=96&d=mm&r=g","contentUrl":"https:\/\/secure.gravatar.com\/avatar\/9d00803e2237f6212234740ce5ee8400cf3c04cf469dc8728a7fdd0d2a1e8cc7?s=96&d=mm&r=g","caption":"Maciej Michalewski"},"description":"Since 2010 I have been professionally involved in the recruitment industry. Since 2014, I and a team of talented software developers, have been developing Element, an innovative recruitment system which makes recruiting fast and simple. I am a tech lover, and my mission is to find and create new solutions that will positively impact the recruitment market.","sameAs":["https:\/\/www.facebook.com\/elementappats\/","https:\/\/www.linkedin.com\/company\/13982762"]}]}},"_links":{"self":[{"href":"https:\/\/elementapp.ai\/blog\/wp-json\/wp\/v2\/posts\/5106","targetHints":{"allow":["GET"]}}],"collection":[{"href":"https:\/\/elementapp.ai\/blog\/wp-json\/wp\/v2\/posts"}],"about":[{"href":"https:\/\/elementapp.ai\/blog\/wp-json\/wp\/v2\/types\/post"}],"author":[{"embeddable":true,"href":"https:\/\/elementapp.ai\/blog\/wp-json\/wp\/v2\/users\/1"}],"replies":[{"embeddable":true,"href":"https:\/\/elementapp.ai\/blog\/wp-json\/wp\/v2\/comments?post=5106"}],"version-history":[{"count":1,"href":"https:\/\/elementapp.ai\/blog\/wp-json\/wp\/v2\/posts\/5106\/revisions"}],"predecessor-version":[{"id":13894,"href":"https:\/\/elementapp.ai\/blog\/wp-json\/wp\/v2\/posts\/5106\/revisions\/13894"}],"wp:attachment":[{"href":"https:\/\/elementapp.ai\/blog\/wp-json\/wp\/v2\/media?parent=5106"}],"wp:term":[{"taxonomy":"category","embeddable":true,"href":"https:\/\/elementapp.ai\/blog\/wp-json\/wp\/v2\/categories?post=5106"},{"taxonomy":"post_tag","embeddable":true,"href":"https:\/\/elementapp.ai\/blog\/wp-json\/wp\/v2\/tags?post=5106"}],"curies":[{"name":"wp","href":"https:\/\/api.w.org\/{rel}","templated":true}]}}