{"id":6686,"date":"2022-05-10T11:29:26","date_gmt":"2022-05-10T09:29:26","guid":{"rendered":"https:\/\/elementapp.ai\/blog\/?p=6686"},"modified":"2026-03-01T10:11:29","modified_gmt":"2026-03-01T09:11:29","slug":"rekord-wysokosci-polskiego-hr-spotkanie-pod-everestem","status":"publish","type":"post","link":"https:\/\/elementapp.ai\/blog\/rekord-wysokosci-polskiego-hr-spotkanie-pod-everestem\/","title":{"rendered":"Rekord wysoko\u015bci polskiego HR? Spotkanie pod Everestem"},"content":{"rendered":"\t\t<div data-elementor-type=\"wp-post\" data-elementor-id=\"6686\" class=\"elementor elementor-6686\" data-elementor-post-type=\"post\">\n\t\t\t\t\t\t<section class=\"elementor-section elementor-top-section elementor-element elementor-element-68712b88 elementor-section-boxed elementor-section-height-default elementor-section-height-default\" data-id=\"68712b88\" data-element_type=\"section\" data-e-type=\"section\">\n\t\t\t\t\t\t<div class=\"elementor-container elementor-column-gap-default\">\n\t\t\t\t\t<div class=\"elementor-column elementor-col-100 elementor-top-column elementor-element elementor-element-7e9399f9\" data-id=\"7e9399f9\" data-element_type=\"column\" data-e-type=\"column\">\n\t\t\t<div class=\"elementor-widget-wrap\">\n\t\t\t\t\t\t\t<\/div>\n\t\t<\/div>\n\t\t\t\t\t<\/div>\n\t\t<\/section>\n\t\t\t\t<section class=\"elementor-section elementor-top-section elementor-element elementor-element-67f60f39 elementor-section-boxed elementor-section-height-default elementor-section-height-default\" data-id=\"67f60f39\" data-element_type=\"section\" data-e-type=\"section\">\n\t\t\t\t\t\t<div class=\"elementor-container elementor-column-gap-default\">\n\t\t\t\t\t<div class=\"elementor-column elementor-col-100 elementor-top-column elementor-element elementor-element-2ae096be\" data-id=\"2ae096be\" data-element_type=\"column\" data-e-type=\"column\">\n\t\t\t<div class=\"elementor-widget-wrap elementor-element-populated\">\n\t\t\t\t\t\t<div class=\"elementor-element elementor-element-79377253 elementor-widget-divider--view-line_icon elementor-view-default elementor-widget-divider--element-align-center elementor-widget elementor-widget-divider\" data-id=\"79377253\" data-element_type=\"widget\" data-e-type=\"widget\" data-widget_type=\"divider.default\">\n\t\t\t\t<div class=\"elementor-widget-container\">\n\t\t\t\t\t\t\t<div class=\"elementor-divider\">\n\t\t\t<span class=\"elementor-divider-separator\">\n\t\t\t\t\t\t\t<div class=\"elementor-icon elementor-divider__element\">\n\t\t\t\t\t<i aria-hidden=\"true\" class=\"far fa-bookmark\"><\/i><\/div>\n\t\t\t\t\t\t<\/span>\n\t\t<\/div>\n\t\t\t\t\t\t<\/div>\n\t\t\t\t<\/div>\n\t\t\t\t\t<\/div>\n\t\t<\/div>\n\t\t\t\t\t<\/div>\n\t\t<\/section>\n\t\t\t\t<section class=\"elementor-section elementor-top-section elementor-element elementor-element-2d8940ec elementor-section-boxed elementor-section-height-default elementor-section-height-default\" data-id=\"2d8940ec\" data-element_type=\"section\" data-e-type=\"section\">\n\t\t\t\t\t\t<div class=\"elementor-container elementor-column-gap-default\">\n\t\t\t\t\t<div class=\"elementor-column elementor-col-100 elementor-top-column elementor-element elementor-element-49a87c1a\" data-id=\"49a87c1a\" data-element_type=\"column\" data-e-type=\"column\">\n\t\t\t<div class=\"elementor-widget-wrap elementor-element-populated\">\n\t\t\t\t\t\t<div class=\"elementor-element elementor-element-43b15db0 elementor-widget elementor-widget-heading\" data-id=\"43b15db0\" data-element_type=\"widget\" data-e-type=\"widget\" data-widget_type=\"heading.default\">\n\t\t\t\t<div class=\"elementor-widget-container\">\n\t\t\t\t\t<h1 class=\"elementor-heading-title elementor-size-default\">Rekord wysoko\u015bci polskiego HR? Spotkanie pod Everestem!<\/h1>\t\t\t\t<\/div>\n\t\t\t\t<\/div>\n\t\t\t\t<div class=\"elementor-element elementor-element-4f722629 elementor-widget elementor-widget-text-editor\" data-id=\"4f722629\" data-element_type=\"widget\" data-e-type=\"widget\" data-widget_type=\"text-editor.default\">\n\t\t\t\t<div class=\"elementor-widget-container\">\n\t\t\t\t\t\t\t\t\t10 maja 2022\t\t\t\t\t\t\t\t<\/div>\n\t\t\t\t<\/div>\n\t\t\t\t\t<\/div>\n\t\t<\/div>\n\t\t\t\t\t<\/div>\n\t\t<\/section>\n\t\t\t\t<section class=\"elementor-section elementor-top-section elementor-element elementor-element-644e249e elementor-section-boxed elementor-section-height-default elementor-section-height-default\" data-id=\"644e249e\" data-element_type=\"section\" data-e-type=\"section\" data-settings=\"{&quot;background_background&quot;:&quot;classic&quot;}\">\n\t\t\t\t\t\t<div class=\"elementor-container elementor-column-gap-default\">\n\t\t\t\t\t<div class=\"elementor-column elementor-col-66 elementor-top-column elementor-element elementor-element-5a452928\" data-id=\"5a452928\" data-element_type=\"column\" data-e-type=\"column\" data-settings=\"{&quot;background_background&quot;:&quot;classic&quot;}\">\n\t\t\t<div class=\"elementor-widget-wrap elementor-element-populated\">\n\t\t\t\t\t\t<div class=\"elementor-element elementor-element-3405fcb elementor-widget elementor-widget-text-editor\" data-id=\"3405fcb\" data-element_type=\"widget\" data-e-type=\"widget\" data-widget_type=\"text-editor.default\">\n\t\t\t\t<div class=\"elementor-widget-container\">\n\t\t\t\t\t\t\t\t\t<p>25 kwietnia 2022 r. wyskoczyli\u015bmy z helikoptera gdzie\u015b w okolicach 5500 m n.p.m. Pod stopami widzieli\u015bmy <span style=\"color: #0000ff;\"><a style=\"color: #0000ff;\" href=\"https:\/\/en.wikipedia.org\/wiki\/Everest_base_camps\" target=\"_blank\" rel=\"noopener nofollow\">Everest Base Camp<\/a><\/span> a nad nami, niemal na wyci\u0105gni\u0119cie r\u0119ki, najwy\u017csz\u0105 g\u00f3r\u0119 \u015bwiata. Widok by\u0142 niesamowity z wielu powod\u00f3w:<\/p><ol><li>Sam fakt przebywania pod Everestem.<\/li><li>Przebywanie na wysoko\u015bci ponad 5000 m n.p.m.<\/li><li>Ci\u015bnienie powietrza oko\u0142o 450 hpa.<\/li><li>Zawarto\u015b\u0107 tlenu w powietrzu oko\u0142o 55% tej z poziomu morza.<\/li><li>Przebywanie w takich warunkach bez aklimatyzacji.<\/li><li>Bezpo\u015bredni widok na miejsce, o kt\u00f3rym dotychczas czyta\u0142em ksi\u0105\u017cki i ogl\u0105da\u0142em filmy.<\/li><li>Prze\u017cywanie tej chwili w gronie najbli\u017cszych przyjaci\u00f3\u0142.<\/li><\/ol><p>W\u015br\u00f3d przyjaci\u00f3\u0142 by\u0142 m.in. Cezary Macio\u0142ek, Prezes Grupy Progres, jednej z najwi\u0119kszych polskich agencji pracy. Czy nasza obecno\u015b\u0107 pod stopami Mount Everest to rekord wysoko\u015bci przedstawicieli polskiej bran\u017cy HR? Nie wiem, czy rekord, ale z pewno\u015bci\u0105 musimy by\u0107 w czo\u0142\u00f3wce \ud83d\ude42<\/p><p>Na wypraw\u0119 po spojrzenie na Everest wybrali\u015bmy si\u0119, by zresetowa\u0107 umys\u0142y, zregenerowa\u0107 si\u0142y i prze\u017cy\u0107 co\u015b wyj\u0105tkowego. Pogoda dopisa\u0142a (bez idealnej pogody nie by\u0142o mowy, aby\u015bmy mogli si\u0119 tam dosta\u0107) i te kilka chwil, kt\u00f3re mogliby\u015bmy bezpiecznie prze\u017cy\u0107 bez aklimatyzacji, utkwi\u0142y nam w pami\u0119ci pewnie do ko\u0144ca \u017cycia.<\/p><p>Trudno opisywa\u0107 to s\u0142owami dlatego, je\u015bli chcesz odpr\u0119\u017cy\u0107 si\u0119 i zrobi\u0107 sobie kilkuminutow\u0105 przerw\u0119 pomi\u0119dzy obowi\u0105zkami, to zapraszam Ci\u0119 do obejrzenia kilku zdj\u0119\u0107 i kr\u00f3tkiego filmu przedstawiaj\u0105cego opis kluczowego dnia wyprawy. Zdj\u0119cie, przede wszystkim to pierwsze z opisami, warto klikn\u0105\u0107 i powi\u0119kszy\u0107.<\/p><p>Pierwsze uj\u0119cie to panorama wykonana przeze mnie z wysoko\u015bci oko\u0142o 5500 m n.p.m. Na zdj\u0119ciu umie\u015bci\u0142em opis z ciekawostkami, a tak\u017ce nazwiska Polak\u00f3w, kt\u00f3rzy polegli podbijaj\u0105c widoczne z tego miejsca szczyty.<\/p>\t\t\t\t\t\t\t\t<\/div>\n\t\t\t\t<\/div>\n\t\t\t\t<div class=\"elementor-element elementor-element-64ca155 elementor-widget elementor-widget-image\" data-id=\"64ca155\" data-element_type=\"widget\" data-e-type=\"widget\" data-widget_type=\"image.default\">\n\t\t\t\t<div class=\"elementor-widget-container\">\n\t\t\t\t\t\t\t\t\t\t\t\t\t\t\t\t<a href=\"https:\/\/elementapp.ai\/blog\/wp-content\/uploads\/2022\/05\/Base-camp-description-medium.jpg\" data-elementor-open-lightbox=\"yes\" data-elementor-lightbox-title=\"Mount Everest Base Camp panorama with description\" data-elementor-lightbox-description=\"Mount Everest Base Camp panorama with description\" data-e-action-hash=\"#elementor-action%3Aaction%3Dlightbox%26settings%3DeyJpZCI6NjY5OCwidXJsIjoiaHR0cHM6XC9cL2VsZW1lbnRhcHAuYWlcL2Jsb2dcL3dwLWNvbnRlbnRcL3VwbG9hZHNcLzIwMjJcLzA1XC9CYXNlLWNhbXAtZGVzY3JpcHRpb24tbWVkaXVtLmpwZyJ9\">\n\t\t\t\t\t\t\t<img fetchpriority=\"high\" decoding=\"async\" width=\"768\" height=\"364\" src=\"https:\/\/elementapp.ai\/blog\/wp-content\/uploads\/2022\/05\/Base-camp-description-medium-768x364.jpg\" class=\"attachment-medium_large size-medium_large wp-image-6698\" alt=\"Mount Everest Base Camp panorama with description\" srcset=\"https:\/\/elementapp.ai\/blog\/wp-content\/uploads\/2022\/05\/Base-camp-description-medium-768x364.jpg 768w, https:\/\/elementapp.ai\/blog\/wp-content\/uploads\/2022\/05\/Base-camp-description-medium-300x142.jpg 300w, https:\/\/elementapp.ai\/blog\/wp-content\/uploads\/2022\/05\/Base-camp-description-medium-1920x910.jpg 1920w, https:\/\/elementapp.ai\/blog\/wp-content\/uploads\/2022\/05\/Base-camp-description-medium-1536x728.jpg 1536w, https:\/\/elementapp.ai\/blog\/wp-content\/uploads\/2022\/05\/Base-camp-description-medium.jpg 2000w\" sizes=\"(max-width: 768px) 100vw, 768px\" \/>\t\t\t\t\t\t\t\t<\/a>\n\t\t\t\t\t\t\t\t\t\t\t\t\t\t\t<\/div>\n\t\t\t\t<\/div>\n\t\t\t\t<div class=\"elementor-element elementor-element-e71d9ab elementor-widget elementor-widget-text-editor\" data-id=\"e71d9ab\" data-element_type=\"widget\" data-e-type=\"widget\" data-widget_type=\"text-editor.default\">\n\t\t\t\t<div class=\"elementor-widget-container\">\n\t\t\t\t\t\t\t\t\t<p>Poni\u017cej zaznaczy\u0142em kwadratem obszar Doliny Ciszy (Valley of Silence), gdzie lodowiec Khumbu zaczyna sw\u00f3j szybki (1 metr na dob\u0119) marsz. To w\u0142a\u015bnie w tej dolinie znajduje si\u0119 Camp 1, czyli pierwszy po Base Camp przystanek wspinaczy na drodze na szczyt Everestu.<\/p><p>Zwr\u00f3\u0107 uwag\u0119 na ogromne odleg\u0142o\u015bci i wysoko\u015bci, jakie stara\u0142em si\u0119 pokaza\u0107 seri\u0105 poni\u017cszych przybli\u017ce\u0144. Drugie uj\u0119cie zrobili\u015bmy lec\u0105c w pobili\u017cu Doliny Ciszy. Z Helikoptera nie mog\u0142em dojrze\u0107 ma\u0142ych kropek, kt\u00f3rymi s\u0105 ludzie i namioty w Camp 1. Dopiero powi\u0119kszenie, kt\u00f3re widzisz na trzecim uj\u0119ciu, pokazuje jak ogromne s\u0105 to przestrzenie. Ostatnie zdj\u0119cie w tej serii nie jest mojego autorstwa, ale doda\u0142em je dla dope\u0142nienia przekazu.<\/p>\t\t\t\t\t\t\t\t<\/div>\n\t\t\t\t<\/div>\n\t\t\t\t<div class=\"elementor-element elementor-element-837b550 elementor-widget elementor-widget-image\" data-id=\"837b550\" data-element_type=\"widget\" data-e-type=\"widget\" data-widget_type=\"image.default\">\n\t\t\t\t<div class=\"elementor-widget-container\">\n\t\t\t\t\t\t\t\t\t\t\t\t\t\t\t\t<a href=\"https:\/\/elementapp.ai\/blog\/wp-content\/uploads\/2022\/05\/Mount-Everest-Camp-1.png\" data-elementor-open-lightbox=\"yes\" data-elementor-lightbox-title=\"Mount Everest Camp 1\" data-elementor-lightbox-description=\"Mount Everest Camp 1\" data-e-action-hash=\"#elementor-action%3Aaction%3Dlightbox%26settings%3DeyJpZCI6NjY5OSwidXJsIjoiaHR0cHM6XC9cL2VsZW1lbnRhcHAuYWlcL2Jsb2dcL3dwLWNvbnRlbnRcL3VwbG9hZHNcLzIwMjJcLzA1XC9Nb3VudC1FdmVyZXN0LUNhbXAtMS5wbmcifQ%3D%3D\">\n\t\t\t\t\t\t\t<img decoding=\"async\" width=\"768\" height=\"1670\" src=\"https:\/\/elementapp.ai\/blog\/wp-content\/uploads\/2022\/05\/Mount-Everest-Camp-1-768x1670.png\" class=\"attachment-medium_large size-medium_large wp-image-6699\" alt=\"Mount Everest Camp 1\" srcset=\"https:\/\/elementapp.ai\/blog\/wp-content\/uploads\/2022\/05\/Mount-Everest-Camp-1-768x1670.png 768w, https:\/\/elementapp.ai\/blog\/wp-content\/uploads\/2022\/05\/Mount-Everest-Camp-1-138x300.png 138w, https:\/\/elementapp.ai\/blog\/wp-content\/uploads\/2022\/05\/Mount-Everest-Camp-1-497x1080.png 497w, https:\/\/elementapp.ai\/blog\/wp-content\/uploads\/2022\/05\/Mount-Everest-Camp-1-706x1536.png 706w, https:\/\/elementapp.ai\/blog\/wp-content\/uploads\/2022\/05\/Mount-Everest-Camp-1-942x2048.png 942w, https:\/\/elementapp.ai\/blog\/wp-content\/uploads\/2022\/05\/Mount-Everest-Camp-1.png 1000w\" sizes=\"(max-width: 768px) 100vw, 768px\" \/>\t\t\t\t\t\t\t\t<\/a>\n\t\t\t\t\t\t\t\t\t\t\t\t\t\t\t<\/div>\n\t\t\t\t<\/div>\n\t\t\t\t<div class=\"elementor-element elementor-element-d91c313 elementor-widget elementor-widget-text-editor\" data-id=\"d91c313\" data-element_type=\"widget\" data-e-type=\"widget\" data-widget_type=\"text-editor.default\">\n\t\t\t\t<div class=\"elementor-widget-container\">\n\t\t\t\t\t\t\t\t\t<p>Kolejne zdj\u0119cie to ja i Everest, kt\u00f3ry g\u00f3ruje po prawej stronie horyzontu. Czu\u0142em eufori\u0119 chwili, ale i zawr\u00f3t g\u0142owy spowodowany brakiem aklimatyzacji. Jest tu znacznie mniej powietrza i tlenu. Helikoptery regularnie zwo\u017c\u0105 z tej wysoko\u015bci osoby w ci\u0119\u017ckim stanie choroby wysoko\u015bciowej. Ka\u017cdy organizm reaguje inaczej i s\u0105 przypadki, \u017ce wydawa\u0142oby si\u0119 dobrze zaaklimatyzowany cz\u0142owiek nagle doznaje nawet ostrych objaw\u00f3w choroby wysoko\u015bciowej. W takiej sytuacji konieczne jest natychmiastowe obni\u017cenie wysoko\u015bci i transport do szpitala.<\/p><p>Jak z\u0142apa\u0107 aklimatyzacj\u0119? Stopniowo przyzwyczajasz organizm do coraz wy\u017cszych wysoko\u015bci. W dzie\u0144 wspinasz si\u0119 na 3000 metr\u00f3w i na noc schodzisz spa\u0107 na 2500. Nast\u0119pniego dnia 4000 metr\u00f3w i spanie na 3500. Wchodzisz wysoko, \u015bpisz nisko. W\u0142a\u015bnie z uwagi na konieczno\u015b\u0107 aklimatyzacji wspinaczka na g\u00f3ry wysokie wymaga wielu tygodni.<\/p>\t\t\t\t\t\t\t\t<\/div>\n\t\t\t\t<\/div>\n\t\t\t\t<div class=\"elementor-element elementor-element-c3af1b8 elementor-widget elementor-widget-image\" data-id=\"c3af1b8\" data-element_type=\"widget\" data-e-type=\"widget\" data-widget_type=\"image.default\">\n\t\t\t\t<div class=\"elementor-widget-container\">\n\t\t\t\t\t\t\t\t\t\t\t\t\t\t\t\t<a href=\"https:\/\/elementapp.ai\/blog\/wp-content\/uploads\/2022\/05\/Everest-View-solo.jpg\" data-elementor-open-lightbox=\"yes\" data-elementor-lightbox-title=\"Mount Everest view - Maciej Michalewski\" data-elementor-lightbox-description=\"Mount Everest view - Maciej Michalewski\" data-e-action-hash=\"#elementor-action%3Aaction%3Dlightbox%26settings%3DeyJpZCI6NjcwMywidXJsIjoiaHR0cHM6XC9cL2VsZW1lbnRhcHAuYWlcL2Jsb2dcL3dwLWNvbnRlbnRcL3VwbG9hZHNcLzIwMjJcLzA1XC9FdmVyZXN0LVZpZXctc29sby5qcGcifQ%3D%3D\">\n\t\t\t\t\t\t\t<img decoding=\"async\" width=\"810\" height=\"1080\" src=\"https:\/\/elementapp.ai\/blog\/wp-content\/uploads\/2022\/05\/Everest-View-solo-810x1080.jpg\" class=\"attachment-large size-large wp-image-6703\" alt=\"Mount Everest view - Maciej Michalewski\" srcset=\"https:\/\/elementapp.ai\/blog\/wp-content\/uploads\/2022\/05\/Everest-View-solo-810x1080.jpg 810w, https:\/\/elementapp.ai\/blog\/wp-content\/uploads\/2022\/05\/Everest-View-solo-225x300.jpg 225w, https:\/\/elementapp.ai\/blog\/wp-content\/uploads\/2022\/05\/Everest-View-solo-768x1024.jpg 768w, https:\/\/elementapp.ai\/blog\/wp-content\/uploads\/2022\/05\/Everest-View-solo-1152x1536.jpg 1152w, https:\/\/elementapp.ai\/blog\/wp-content\/uploads\/2022\/05\/Everest-View-solo.jpg 1200w\" sizes=\"(max-width: 810px) 100vw, 810px\" \/>\t\t\t\t\t\t\t\t<\/a>\n\t\t\t\t\t\t\t\t\t\t\t\t\t\t\t<\/div>\n\t\t\t\t<\/div>\n\t\t\t\t<div class=\"elementor-element elementor-element-1440901 elementor-widget elementor-widget-text-editor\" data-id=\"1440901\" data-element_type=\"widget\" data-e-type=\"widget\" data-widget_type=\"text-editor.default\">\n\t\t\t\t<div class=\"elementor-widget-container\">\n\t\t\t\t\t\t\t\t\t<p>Kolejne foto to nasz zesp\u00f3\u0142. Dobrzy kompani to podstawa, w pracy i na wakacjach. Mnie ju\u017c cz\u0119\u015b\u0107 z Was kojarzy (zarz\u0105dzam i sprzedaj\u0119 <span style=\"color: #0000ff;\"><a style=\"color: #0000ff;\" href=\"https:\/\/elementapp.ai\" target=\"_blank\" rel=\"noopener\">Element<\/a><\/span>, system <span style=\"color: #0000ff;\"><a style=\"color: #0000ff;\" href=\"https:\/\/elementapp.ai\/wszystko-o-ats\" target=\"_blank\" rel=\"noopener\">ATS<\/a><\/span> redukuj\u0105cy czas i koszt rekrutacji). Pomara\u0144czowa bluza z logiem <span style=\"color: #0000ff;\"><a style=\"color: #0000ff;\" href=\"https:\/\/grupaprogres.pl\/\" target=\"_blank\" rel=\"noopener nofollow\">Grupy Progres<\/a><\/span> to oczywi\u015bcie Prezes Progresu, <span style=\"color: #0000ff;\"><a style=\"color: #0000ff;\" href=\"https:\/\/www.linkedin.com\/in\/cezarymaciolek\/\" target=\"_blank\" rel=\"noopener nofollow\">Cezary Macio\u0142ek<\/a><\/span>. Cezary to posta\u0107, kt\u00f3rej w \u015bwiecie HR raczej nie trzeba przedstawia\u0107 &#8211; tytan pracy i kopalnia wiedzy. Je\u015bli szukasz pracownik\u00f3w tymczasowych, to trudno o lepszy kontakt.<\/p><p>Po lewej <span style=\"color: #0000ff;\"><a style=\"color: #0000ff;\" href=\"https:\/\/www.linkedin.com\/in\/tomasz-obuchowicz-65675413\/\" target=\"_blank\" rel=\"noopener nofollow\">Tomek Obuchowicz<\/a><\/span>, za\u0142o\u017cyciel biura egzotycznych podr\u00f3\u017c <span style=\"color: #0000ff;\"><a style=\"color: #0000ff;\" href=\"https:\/\/sunsara.pl\/\" target=\"_blank\" rel=\"noopener nofollow\">Sunsara<\/a><\/span>. Tomek, wraz ze swoj\u0105 \u017con\u0105 <span style=\"color: #0000ff;\"><a style=\"color: #0000ff;\" href=\"https:\/\/www.linkedin.com\/in\/urszula-obuchowicz-brodowy-5b068991\/\" target=\"_blank\" rel=\"noopener nofollow\">Ul\u0105<\/a><\/span>, kochaj\u0105 podr\u00f3\u017ce i z tej pasji zrodzi\u0142a si\u0119 ich wsp\u00f3lna firma Sunsara. Dzi\u015b oragnizuj\u0105 wycieczki w najdalsze zak\u0105tki \u015bwiata. W zasadzie pozosta\u0142a im chyba ju\u017c tylko Antarktyda, a z tego co wiem i to ju\u017c maj\u0105 w planach. Sprawd\u017acie ich <span style=\"color: #0000ff;\"><a style=\"color: #0000ff;\" href=\"https:\/\/sunsara.pl\/galeria\/\" target=\"_blank\" rel=\"noopener nofollow\">galeri\u0119 wypraw Sunsary<\/a><\/span>, szale\u0144stwo! Absolutnie TOP je\u015bli chodzi o organizacj\u0119, profesjonalizm, bezpiecze\u0144stwo. Podczas pobytu nie mieli\u015bmy ani jednego zmartwienia. Ju\u017c planujemy kolejny, tym razem rodzinny wyjazd do Afryki.<\/p><p>\u017b\u00f3\u0142ta kurtka to <span style=\"color: #0000ff;\"><a style=\"color: #0000ff;\" href=\"https:\/\/www.linkedin.com\/in\/potkanski\/\" target=\"_blank\" rel=\"noopener nofollow\">Marcin Potka\u0144ski<\/a><\/span>. Mistrz kreatywno\u015bci, nieprzeci\u0119tnego dowcipu i u\u015bmiech za milion dolar\u00f3w. Sales Director w <span style=\"color: #0000ff;\"><a style=\"color: #0000ff;\" href=\"https:\/\/www.basecampstudent.com\/\">BaseCamp<\/a><\/span> (zbie\u017cno\u015b\u0107 nazw przypadkowa) znany tak\u017ce jako <span style=\"color: #0000ff;\"><a style=\"color: #0000ff;\" href=\"https:\/\/www.instagram.com\/panodkawy\/\" target=\"_blank\" rel=\"noopener nofollow\">Pan od Kawy<\/a><\/span>. Zobaczcie <span style=\"color: #0000ff;\"><a style=\"color: #0000ff;\" href=\"https:\/\/www.instagram.com\/panodkawy\/\" target=\"_blank\" rel=\"noopener nofollow\">instagram<\/a><\/span> Marcina, nie da si\u0119 nie polubi\u0107!<\/p><p>Po prawej <span style=\"color: #0000ff;\"><a style=\"color: #0000ff;\" href=\"https:\/\/www.linkedin.com\/in\/mateuszgrabka\/\" target=\"_blank\" rel=\"noopener nofollow\">Mateusz Grabka. <\/a><span style=\"color: #333333;\">Mateusz <\/span><\/span>dostarcza roboty, kt\u00f3re niszcz\u0105 Covid oraz inne wirusy i drobnoustroje. Szef sprzeda\u017cy <span style=\"color: #0000ff;\"><a style=\"color: #0000ff;\" href=\"https:\/\/eco-light-biosafety.com\/\">Eco Light Biosafety<\/a><\/span>, kt\u00f3ry przetar\u0142 dla swojej firmy bardzo trudne szlaki sprzeda\u017cy ultranowoczesnego i drogiego sprz\u0119tu dla Pa\u0144stwowych szpitali. W Nepalu r\u00f3wnie\u017c nie by\u0142o dla Mateusza zbyt trudnych szlak\u00f3w i zbyt du\u017cych niebezpiecze\u0144stw. Pewnie dlatego otrzyma\u0142 w naszej grze towarzyskiej przydomek&#8230;<\/p><p>&#8230;w\u0142a\u015bnie, <strong>gra towarzyska<\/strong>!<\/p><p>Po kilku dniach przy kolacjach zacz\u0119li\u015bmy gra\u0107 w gr\u0119 towarzysk\u0105. Gr\u0119 oczywi\u015bcie zaproponowa\u0142 Cezary, kt\u00f3rego mianowalismy na kilka dni Prezesem wyprawy. Celem gry by\u0142o poznanie samego siebie oczami innych os\u00f3b, pr\u00f3ba odnalezienia mocnych i s\u0142abych stron cz\u0142onk\u00f3w zespo\u0142u, oraz w ko\u0144cu przypisanie ka\u017cdemu z nas jakie\u015b roli podczas wyprawy. Gra polega\u0142a na tym, \u017ce ka\u017cdy z nas mia\u0142 przyporz\u0105dkowa\u0107 pozosta\u0142ym osobom jakie\u015b zwierz\u0119 i nast\u0119pnie, w trakcie kolacji, uzasadni\u0107 przy wszystkich sw\u00f3j wyb\u00f3r. Pami\u0119tam ostateczne rozstrzygni\u0119cia:<\/p><p>Tomek &#8211; s\u0142o\u0144, poniewa\u017c jako autor wyprawy i znawca Nepalu by\u0142 m\u0105dry, opanowany i w pewnym sensie ni\u00f3s\u0142 na swoim grzbiecie ca\u0142\u0105 nasz\u0105 weso\u0142\u0105 ferajn\u0119.<\/p><p>Cezary &#8211; sok\u00f3\u0142. Dalekosi\u0119\u017cny wzrok, dostrzega z daleka ryzyka i okazje. Niew\u0105tpliwie s\u0105 to cechy, kt\u00f3re wesp\u00f3\u0142 z ogromn\u0105 prac\u0105 pozwoli\u0142y Czarkowi wspi\u0105\u0107 si\u0119 w jednej firmie od stanowiska konsultanta ds. rekrutacji, do Prezesa i wsp\u00f3\u0142w\u0142a\u015bciciela jednej z najwi\u0119kszych agencji pracy w Polsce.<\/p><p>Marcin &#8211; kot, bo jest drapie\u017cnie inteligentny. Niesamowicie zwinny w towarzystwie, w razie potrzeby potrafi drapn\u0105\u0107 lub zrobi\u0107 kocie oczy. Marcin to nie tylko dusza towarzystwa, ale tak\u017ce nieprawdopodobnie kreatywny marketingowiec. Obecnie &#8211; jak ju\u017c wspomnia\u0142em wy\u017cej &#8211; dyrektor sprzeda\u017cy w BaseCamp.<\/p><p>Mateusz &#8211; Honey Badger czyli miodo\u017cer! Odwa\u017cny, podejmuje wyzwania i nic nie jest w stanie popsu\u0107 mu humoru. Zawsze ch\u0119tny do podejmowania trudnych dzia\u0142a\u0144. Na polu biznesowym wykona\u0142 niesamowit\u0105 prac\u0119 sprzeda\u017cow\u0105 buduj\u0105c struktury sprzeda\u017cowe, najpierw w bran\u017cy o\u015bwietleniowej, a obecnie MedTech.<\/p><p>Ja &#8211; gepard. Jak to koledzy okre\u015blili: &#8220;szybki, zwinny, \u015bwietny \u0142owca. Upatrzywszy cel biegnie, goni, a\u017c dopadnie&#8221;. Mo\u017ce co\u015b w tym jest, bo w Elemencie goni\u0119 ju\u017c kolejny rok i rzeczywi\u015bcie cel jakby si\u0119 przybli\u017cy\u0142 \ud83d\ude09\u00a0<\/p>\t\t\t\t\t\t\t\t<\/div>\n\t\t\t\t<\/div>\n\t\t\t\t<div class=\"elementor-element elementor-element-c56d9e0 elementor-widget elementor-widget-image\" data-id=\"c56d9e0\" data-element_type=\"widget\" data-e-type=\"widget\" data-widget_type=\"image.default\">\n\t\t\t\t<div class=\"elementor-widget-container\">\n\t\t\t\t\t\t\t\t\t\t\t\t\t\t\t\t<a href=\"https:\/\/elementapp.ai\/blog\/wp-content\/uploads\/2022\/05\/Hotel-Everest-View.png\" data-elementor-open-lightbox=\"yes\" data-elementor-lightbox-title=\"Hotel Everest View\" data-elementor-lightbox-description=\"Hotel Everest View\" data-e-action-hash=\"#elementor-action%3Aaction%3Dlightbox%26settings%3DeyJpZCI6NjcwNywidXJsIjoiaHR0cHM6XC9cL2VsZW1lbnRhcHAuYWlcL2Jsb2dcL3dwLWNvbnRlbnRcL3VwbG9hZHNcLzIwMjJcLzA1XC9Ib3RlbC1FdmVyZXN0LVZpZXcucG5nIn0%3D\">\n\t\t\t\t\t\t\t<img loading=\"lazy\" decoding=\"async\" width=\"1200\" height=\"849\" src=\"https:\/\/elementapp.ai\/blog\/wp-content\/uploads\/2022\/05\/Hotel-Everest-View-1527x1080.png\" class=\"attachment-large size-large wp-image-6707\" alt=\"Hotel Everest View\" srcset=\"https:\/\/elementapp.ai\/blog\/wp-content\/uploads\/2022\/05\/Hotel-Everest-View-1527x1080.png 1527w, https:\/\/elementapp.ai\/blog\/wp-content\/uploads\/2022\/05\/Hotel-Everest-View-300x212.png 300w, https:\/\/elementapp.ai\/blog\/wp-content\/uploads\/2022\/05\/Hotel-Everest-View-768x543.png 768w, https:\/\/elementapp.ai\/blog\/wp-content\/uploads\/2022\/05\/Hotel-Everest-View-1536x1087.png 1536w, https:\/\/elementapp.ai\/blog\/wp-content\/uploads\/2022\/05\/Hotel-Everest-View.png 1600w\" sizes=\"(max-width: 1200px) 100vw, 1200px\" \/>\t\t\t\t\t\t\t\t<\/a>\n\t\t\t\t\t\t\t\t\t\t\t\t\t\t\t<\/div>\n\t\t\t\t<\/div>\n\t\t\t\t<div class=\"elementor-element elementor-element-62242f1 elementor-widget elementor-widget-text-editor\" data-id=\"62242f1\" data-element_type=\"widget\" data-e-type=\"widget\" data-widget_type=\"text-editor.default\">\n\t\t\t\t<div class=\"elementor-widget-container\">\n\t\t\t\t\t\t\t\t\t<p>Nasze taxi. W \u015brodku nepalski pilot, kt\u00f3ry do\u015bwiadczenie zdobywa\u0142 m.in. podczas wojny w Afganistanie oraz w konfliktach zbrojnych w Afryce. Nepal to miejsce, gdzie elitarni piloci z ca\u0142ego \u015bwiata przylatuj\u0105 by sprawdzi\u0107 i szkoli\u0107 swoje umiej\u0119tno\u015bci. Bardzo du\u017ce wysoko\u015bci, zmienna pogoda i g\u00f3ry dooko\u0142a to warunki ekstremalne,\u00a0<\/p>\t\t\t\t\t\t\t\t<\/div>\n\t\t\t\t<\/div>\n\t\t\t\t<div class=\"elementor-element elementor-element-b02d200 elementor-widget elementor-widget-image\" data-id=\"b02d200\" data-element_type=\"widget\" data-e-type=\"widget\" data-widget_type=\"image.default\">\n\t\t\t\t<div class=\"elementor-widget-container\">\n\t\t\t\t\t\t\t\t\t\t\t\t\t\t\t\t<a href=\"https:\/\/elementapp.ai\/blog\/wp-content\/uploads\/2022\/05\/Himalaya-Heli-view.jpg\" data-elementor-open-lightbox=\"yes\" data-elementor-lightbox-title=\"Himalaya Heli view\" data-e-action-hash=\"#elementor-action%3Aaction%3Dlightbox%26settings%3DeyJpZCI6NjcwOCwidXJsIjoiaHR0cHM6XC9cL2VsZW1lbnRhcHAuYWlcL2Jsb2dcL3dwLWNvbnRlbnRcL3VwbG9hZHNcLzIwMjJcLzA1XC9IaW1hbGF5YS1IZWxpLXZpZXcuanBnIn0%3D\">\n\t\t\t\t\t\t\t<img loading=\"lazy\" decoding=\"async\" width=\"1200\" height=\"569\" src=\"https:\/\/elementapp.ai\/blog\/wp-content\/uploads\/2022\/05\/Himalaya-Heli-view-1920x910.jpg\" class=\"attachment-large size-large wp-image-6708\" alt=\"Himalaya Heli view\" srcset=\"https:\/\/elementapp.ai\/blog\/wp-content\/uploads\/2022\/05\/Himalaya-Heli-view-1920x910.jpg 1920w, https:\/\/elementapp.ai\/blog\/wp-content\/uploads\/2022\/05\/Himalaya-Heli-view-300x142.jpg 300w, https:\/\/elementapp.ai\/blog\/wp-content\/uploads\/2022\/05\/Himalaya-Heli-view-768x364.jpg 768w, https:\/\/elementapp.ai\/blog\/wp-content\/uploads\/2022\/05\/Himalaya-Heli-view-1536x728.jpg 1536w, https:\/\/elementapp.ai\/blog\/wp-content\/uploads\/2022\/05\/Himalaya-Heli-view.jpg 2000w\" sizes=\"(max-width: 1200px) 100vw, 1200px\" \/>\t\t\t\t\t\t\t\t<\/a>\n\t\t\t\t\t\t\t\t\t\t\t\t\t\t\t<\/div>\n\t\t\t\t<\/div>\n\t\t\t\t<div class=\"elementor-element elementor-element-a8862be elementor-widget elementor-widget-text-editor\" data-id=\"a8862be\" data-element_type=\"widget\" data-e-type=\"widget\" data-widget_type=\"text-editor.default\">\n\t\t\t\t<div class=\"elementor-widget-container\">\n\t\t\t\t\t\t\t\t\t<p>Lukla. Lotnisko, o kt\u00f3rym s\u0142ysza\u0142 chyba ka\u017cdy pilot na \u015bwiecie. Nieprawdopodobnie kr\u00f3tki pas startowy, kt\u00f3ry z jednej strony ograniczony jest skaln\u0105 \u015bcian\u0105 a z drugiej przepa\u015bci\u0105. Dla helikoptera bu\u0142ka z mas\u0142em. Dla samolotu l\u0105dowanie tylko jednej szansy.<\/p>\t\t\t\t\t\t\t\t<\/div>\n\t\t\t\t<\/div>\n\t\t\t\t<div class=\"elementor-element elementor-element-f5ec1a1 elementor-widget elementor-widget-image\" data-id=\"f5ec1a1\" data-element_type=\"widget\" data-e-type=\"widget\" data-widget_type=\"image.default\">\n\t\t\t\t<div class=\"elementor-widget-container\">\n\t\t\t\t\t\t\t\t\t\t\t\t\t\t\t\t<a href=\"https:\/\/elementapp.ai\/blog\/wp-content\/uploads\/2022\/05\/Lukla-airport-scaled.jpg\" data-elementor-open-lightbox=\"yes\" data-elementor-lightbox-title=\"Lukla airport\" data-e-action-hash=\"#elementor-action%3Aaction%3Dlightbox%26settings%3DeyJpZCI6NjcwOSwidXJsIjoiaHR0cHM6XC9cL2VsZW1lbnRhcHAuYWlcL2Jsb2dcL3dwLWNvbnRlbnRcL3VwbG9hZHNcLzIwMjJcLzA1XC9MdWtsYS1haXJwb3J0LXNjYWxlZC5qcGcifQ%3D%3D\">\n\t\t\t\t\t\t\t<img loading=\"lazy\" decoding=\"async\" width=\"1200\" height=\"569\" src=\"https:\/\/elementapp.ai\/blog\/wp-content\/uploads\/2022\/05\/Lukla-airport-1920x910.jpg\" class=\"attachment-large size-large wp-image-6709\" alt=\"Lukla airport\" srcset=\"https:\/\/elementapp.ai\/blog\/wp-content\/uploads\/2022\/05\/Lukla-airport-1920x910.jpg 1920w, https:\/\/elementapp.ai\/blog\/wp-content\/uploads\/2022\/05\/Lukla-airport-300x142.jpg 300w, https:\/\/elementapp.ai\/blog\/wp-content\/uploads\/2022\/05\/Lukla-airport-768x364.jpg 768w, https:\/\/elementapp.ai\/blog\/wp-content\/uploads\/2022\/05\/Lukla-airport-1536x728.jpg 1536w, https:\/\/elementapp.ai\/blog\/wp-content\/uploads\/2022\/05\/Lukla-airport-2048x971.jpg 2048w\" sizes=\"(max-width: 1200px) 100vw, 1200px\" \/>\t\t\t\t\t\t\t\t<\/a>\n\t\t\t\t\t\t\t\t\t\t\t\t\t\t\t<\/div>\n\t\t\t\t<\/div>\n\t\t\t\t<div class=\"elementor-element elementor-element-a5bbf6f elementor-widget elementor-widget-text-editor\" data-id=\"a5bbf6f\" data-element_type=\"widget\" data-e-type=\"widget\" data-widget_type=\"text-editor.default\">\n\t\t\t\t<div class=\"elementor-widget-container\">\n\t\t\t\t\t\t\t\t\t<p>Film, podczas kt\u00f3rego Tomek przedstawia nam plan lotu pod Everest.<\/p>\t\t\t\t\t\t\t\t<\/div>\n\t\t\t\t<\/div>\n\t\t\t\t<div class=\"elementor-element elementor-element-c743b8d elementor-widget elementor-widget-video\" data-id=\"c743b8d\" data-element_type=\"widget\" data-e-type=\"widget\" data-settings=\"{&quot;youtube_url&quot;:&quot;https:\\\/\\\/youtu.be\\\/y4XLzkONxdM&quot;,&quot;video_type&quot;:&quot;youtube&quot;,&quot;controls&quot;:&quot;yes&quot;}\" data-widget_type=\"video.default\">\n\t\t\t\t<div class=\"elementor-widget-container\">\n\t\t\t\t\t\t\t<div class=\"elementor-wrapper elementor-open-inline\">\n\t\t\t<div class=\"elementor-video\"><\/div>\t\t<\/div>\n\t\t\t\t\t\t<\/div>\n\t\t\t\t<\/div>\n\t\t\t\t<div class=\"elementor-element elementor-element-7d32b04 elementor-widget elementor-widget-text-editor\" data-id=\"7d32b04\" data-element_type=\"widget\" data-e-type=\"widget\" data-widget_type=\"text-editor.default\">\n\t\t\t\t<div class=\"elementor-widget-container\">\n\t\t\t\t\t\t\t\t\t<p>Nepal to kraj r\u00f3\u017cnorodny. Religijnie dominuje Hinduizm, a zaraz po nim Buddyzm. Na poni\u017cszym zdj\u0119ciu <span style=\"color: #0000ff;\"><a style=\"color: #0000ff;\" href=\"https:\/\/pl.wikipedia.org\/wiki\/Sadhu\" target=\"_blank\" rel=\"noopener nofollow\">Sadhu<\/a><\/span>, czyli \u015awi\u0119ci M\u0119\u017cowie. Wyrzekaj\u0105 si\u0119 przywi\u0105zania i \u017cyj\u0105 w ub\u00f3stwie. <span style=\"color: #0000ff;\"><a style=\"color: #0000ff;\" href=\"https:\/\/pl.wikipedia.org\/wiki\/Tilaka\" target=\"_blank\" rel=\"noopener nofollow\">Tilaka<\/a><\/span> (znak na czole) to hinduistyczne b\u0142ogos\u0142awie\u0144stwo.<\/p>\t\t\t\t\t\t\t\t<\/div>\n\t\t\t\t<\/div>\n\t\t\t\t<div class=\"elementor-element elementor-element-ba69995 elementor-widget elementor-widget-image\" data-id=\"ba69995\" data-element_type=\"widget\" data-e-type=\"widget\" data-widget_type=\"image.default\">\n\t\t\t\t<div class=\"elementor-widget-container\">\n\t\t\t\t\t\t\t\t\t\t\t\t\t\t\t\t<a href=\"https:\/\/elementapp.ai\/blog\/wp-content\/uploads\/2022\/05\/Sadhu_small.jpg\" data-elementor-open-lightbox=\"yes\" data-elementor-lightbox-title=\"Sadhu\" data-e-action-hash=\"#elementor-action%3Aaction%3Dlightbox%26settings%3DeyJpZCI6NjcxMCwidXJsIjoiaHR0cHM6XC9cL2VsZW1lbnRhcHAuYWlcL2Jsb2dcL3dwLWNvbnRlbnRcL3VwbG9hZHNcLzIwMjJcLzA1XC9TYWRodV9zbWFsbC5qcGcifQ%3D%3D\">\n\t\t\t\t\t\t\t<img loading=\"lazy\" decoding=\"async\" width=\"730\" height=\"1080\" src=\"https:\/\/elementapp.ai\/blog\/wp-content\/uploads\/2022\/05\/Sadhu_small-730x1080.jpg\" class=\"attachment-large size-large wp-image-6710\" alt=\"Sadhu\" srcset=\"https:\/\/elementapp.ai\/blog\/wp-content\/uploads\/2022\/05\/Sadhu_small-730x1080.jpg 730w, https:\/\/elementapp.ai\/blog\/wp-content\/uploads\/2022\/05\/Sadhu_small-203x300.jpg 203w, https:\/\/elementapp.ai\/blog\/wp-content\/uploads\/2022\/05\/Sadhu_small-768x1136.jpg 768w, https:\/\/elementapp.ai\/blog\/wp-content\/uploads\/2022\/05\/Sadhu_small.jpg 1000w\" sizes=\"(max-width: 730px) 100vw, 730px\" \/>\t\t\t\t\t\t\t\t<\/a>\n\t\t\t\t\t\t\t\t\t\t\t\t\t\t\t<\/div>\n\t\t\t\t<\/div>\n\t\t\t\t<div class=\"elementor-element elementor-element-7d8d026 elementor-widget elementor-widget-text-editor\" data-id=\"7d8d026\" data-element_type=\"widget\" data-e-type=\"widget\" data-widget_type=\"text-editor.default\">\n\t\t\t\t<div class=\"elementor-widget-container\">\n\t\t\t\t\t\t\t\t\t<p>Nasz pobyt w Nepalu by\u0142 oczywi\u015bcie d\u0142u\u017cszy i obfitowa\u0142 w r\u00f3\u017cne ciekawe przygody. Czas jednak nagli, Ty z pewno\u015bci\u0105 masz mn\u00f3stwo obowi\u0105zk\u00f3w i nie chc\u0119 Ci\u0119 d\u0142u\u017cej zatrzymywa\u0107.<\/p><p>Je\u015bli przegl\u0105daj\u0105c te zdj\u0119cia i czytaj\u0105c moje s\u0142owa cho\u0107 na chwil\u0119 przenios\u0142em Ci\u0119 tam gdzie by\u0142em, to ten wpis osi\u0105gn\u0105\u0142 sukces \ud83d\ude42<\/p><p>Pozdrawiam Ci\u0119 serdecznie!<\/p><p><span style=\"color: #0000ff;\"><a style=\"color: #0000ff;\" href=\"https:\/\/pl.wikipedia.org\/wiki\/Namaste\" target=\"_blank\" rel=\"noopener nofollow\">Namaste<\/a><\/span>! \ud83d\ude4f<\/p>\t\t\t\t\t\t\t\t<\/div>\n\t\t\t\t<\/div>\n\t\t\t\t<div class=\"elementor-element elementor-element-7eac08ce elementor-widget elementor-widget-text-editor\" data-id=\"7eac08ce\" data-element_type=\"widget\" data-e-type=\"widget\" data-widget_type=\"text-editor.default\">\n\t\t\t\t<div class=\"elementor-widget-container\">\n\t\t\t\t\t\t\t\t\t<p><strong>Polecam<\/strong>:<\/p><ul><li><span style=\"color: #0000ff;\"><strong><a style=\"color: #0000ff;\" href=\"https:\/\/newsletter.elementapp.ai\" target=\"_blank\" rel=\"noopener\">Zapisz si\u0119<\/a><\/strong><span style=\"color: #000000;\"> do naszego newslettera i otrzymuj unikalne dane i ciekawostki z rynku pracy i rekrutacji.<\/span><\/span><\/li><li><span style=\"color: #0000ff;\"><a style=\"color: #0000ff;\" href=\"https:\/\/elementapp.ai\"><strong>Poznaj ATS Element<\/strong><\/a><span style=\"color: #000000;\"> i sprawd\u017a czy to najlepszy system rekrutacyjny dla Twojej firmy.<\/span><\/span><\/li><li><strong>Zobacz najcz\u0119\u015bciej czytane posty na naszym blogu<\/strong>:<ul><li><span style=\"color: #0000ff;\"><a style=\"color: #0000ff;\" href=\"https:\/\/elementapp.ai\/darmowe-ogloszenia-z-ofertami-pracy\">Bezp\u0142atne \u017ar\u00f3d\u0142a kandydat\u00f3w &#8211; najwi\u0119ksza lista w Polsce<\/a><\/span><\/li><li><a href=\"https:\/\/elementapp.ai\/blog\/facebook-jobs-znika-w-lutym-2022-co-sie-zmieni\/\"><span style=\"color: #0000ff;\">Facebook Jobs znika &#8211; zobacz co si\u0119 zmienia<\/span><\/a><\/li><li><span style=\"color: #0000ff;\"><a style=\"color: #0000ff;\" href=\"https:\/\/elementapp.ai\/blog\/jak-uniknac-ghostingu-w-rekrutacji-praktyczne-wskazowki\/\">Jak unikn\u0105\u0107 Ghostingu w rekutacji<\/a><\/span><\/li><li><span style=\"color: #0000ff;\"><a style=\"color: #0000ff;\" href=\"https:\/\/elementapp.ai\/blog\/jak-powinien-wygladac-profil-linkedin\/\" target=\"_blank\" rel=\"noopener\">Jak powinien wygl\u0105da\u0107 profil na portalu Linkedin<\/a><\/span><\/li><\/ul><\/li><\/ul>\t\t\t\t\t\t\t\t<\/div>\n\t\t\t\t<\/div>\n\t\t\t\t<div class=\"elementor-element elementor-element-1025159b elementor-author-box--image-valign-middle elementor-widget elementor-widget-author-box\" data-id=\"1025159b\" data-element_type=\"widget\" data-e-type=\"widget\" data-widget_type=\"author-box.default\">\n\t\t\t\t<div class=\"elementor-widget-container\">\n\t\t\t\t\t\t\t<div class=\"elementor-author-box\">\n\t\t\t\t\t\t\t<a href=\"https:\/\/www.linkedin.com\/in\/maciejmichalewski\/\" class=\"elementor-author-box__avatar\">\n\t\t\t\t\t<img decoding=\"async\" src=\"https:\/\/elementapp.ai\/blog\/wp-content\/uploads\/2020\/01\/profile-photo.jpg\" alt=\"Picture of Maciej Michalewski\" loading=\"lazy\">\n\t\t\t\t<\/a>\n\t\t\t\n\t\t\t<div class=\"elementor-author-box__text\">\n\t\t\t\t\t\t\t\t\t<a href=\"https:\/\/www.linkedin.com\/in\/maciejmichalewski\/\">\n\t\t\t\t\t\t<h4 class=\"elementor-author-box__name\">\n\t\t\t\t\t\t\tMaciej Michalewski\t\t\t\t\t\t<\/h4>\n\t\t\t\t\t<\/a>\n\t\t\t\t\n\t\t\t\t\t\t\t\t\t<div class=\"elementor-author-box__bio\">\n\t\t\t\t\t\t<p>CEO @ Element. Recruitment Automation Software<\/p>\n\t\t\t\t\t<\/div>\n\t\t\t\t\n\t\t\t\t\t\t\t<\/div>\n\t\t<\/div>\n\t\t\t\t\t\t<\/div>\n\t\t\t\t<\/div>\n\t\t\t\t<div class=\"elementor-element elementor-element-9cf7e10 elementor-widget-divider--view-line elementor-widget elementor-widget-divider\" data-id=\"9cf7e10\" data-element_type=\"widget\" data-e-type=\"widget\" data-widget_type=\"divider.default\">\n\t\t\t\t<div class=\"elementor-widget-container\">\n\t\t\t\t\t\t\t<div class=\"elementor-divider\">\n\t\t\t<span class=\"elementor-divider-separator\">\n\t\t\t\t\t\t<\/span>\n\t\t<\/div>\n\t\t\t\t\t\t<\/div>\n\t\t\t\t<\/div>\n\t\t\t\t<div class=\"elementor-element elementor-element-7118c73d elementor-widget elementor-widget-image\" data-id=\"7118c73d\" data-element_type=\"widget\" data-e-type=\"widget\" data-widget_type=\"image.default\">\n\t\t\t\t<div class=\"elementor-widget-container\">\n\t\t\t\t\t\t\t\t\t\t\t\t\t\t\t\t<a href=\"https:\/\/elementapp.ai\/#sprawdz-demo\">\n\t\t\t\t\t\t\t<img loading=\"lazy\" decoding=\"async\" width=\"1200\" height=\"554\" src=\"https:\/\/elementapp.ai\/blog\/wp-content\/uploads\/2021\/12\/system-ATS-Element-CTA.png\" class=\"attachment-large size-large wp-image-6166\" alt=\"System ATS Element - poznaj bezp\u0142atnie\" srcset=\"https:\/\/elementapp.ai\/blog\/wp-content\/uploads\/2021\/12\/system-ATS-Element-CTA.png 1300w, https:\/\/elementapp.ai\/blog\/wp-content\/uploads\/2021\/12\/system-ATS-Element-CTA-300x138.png 300w, https:\/\/elementapp.ai\/blog\/wp-content\/uploads\/2021\/12\/system-ATS-Element-CTA-768x354.png 768w\" sizes=\"(max-width: 1200px) 100vw, 1200px\" \/>\t\t\t\t\t\t\t\t<\/a>\n\t\t\t\t\t\t\t\t\t\t\t\t\t\t\t<\/div>\n\t\t\t\t<\/div>\n\t\t\t\t<div class=\"elementor-element elementor-element-1aa463e elementor-widget elementor-widget-text-editor\" data-id=\"1aa463e\" data-element_type=\"widget\" data-e-type=\"widget\" data-widget_type=\"text-editor.default\">\n\t\t\t\t<div class=\"elementor-widget-container\">\n\t\t\t\t\t\t\t\t\tNasze artyku\u0142y przeczytasz tak\u017ce na <span style=\"color: #0000ff;\"><a style=\"color: #0000ff;\" href=\"https:\/\/maciejm.medium.com\/\" rel=\"noopener nofollow\">Medium<\/a><\/span>, <a style=\"font-size: 16px; background-color: #ffffff; color: #0000ff;\" href=\"https:\/\/maciejm.substack.com\/\" rel=\"noopener nofollow\">Substack<\/a>, <a style=\"font-size: 16px; background-color: #ffffff;\" href=\"https:\/\/element.hashnode.dev\/\" rel=\"noopener nofollow\"><span style=\"color: #0000ff;\">Hashnode<\/span><\/a>, <a style=\"font-size: 16px; background-color: #ffffff; color: #0000ff;\" href=\"https:\/\/tealfeed.com\/maciej_642614\" rel=\"noopener nofollow\">Tealfeed<\/a>, <span style=\"color: #0000ff;\"><a style=\"color: #0000ff;\" href=\"https:\/\/www.polywork.com\/maciej\" rel=\"noopener nofollow\">Polywork<\/a><\/span>\t\t\t\t\t\t\t\t<\/div>\n\t\t\t\t<\/div>\n\t\t\t\t\t<\/div>\n\t\t<\/div>\n\t\t\t\t<div class=\"elementor-column elementor-col-33 elementor-top-column elementor-element elementor-element-671e712f\" data-id=\"671e712f\" data-element_type=\"column\" data-e-type=\"column\">\n\t\t\t<div class=\"elementor-widget-wrap elementor-element-populated\">\n\t\t\t\t\t\t<div class=\"elementor-element elementor-element-657854b4 elementor-widget elementor-widget-heading\" data-id=\"657854b4\" data-element_type=\"widget\" data-e-type=\"widget\" data-widget_type=\"heading.default\">\n\t\t\t\t<div class=\"elementor-widget-container\">\n\t\t\t\t\t<h3 class=\"elementor-heading-title elementor-size-default\">Ostatnie wpisy:<\/h3>\t\t\t\t<\/div>\n\t\t\t\t<\/div>\n\t\t\t\t<div class=\"elementor-element elementor-element-341adf09 elementor-grid-1 elementor-grid-tablet-1 elementor-grid-mobile-1 elementor-posts--thumbnail-top elementor-widget elementor-widget-posts\" data-id=\"341adf09\" data-element_type=\"widget\" data-e-type=\"widget\" data-settings=\"{&quot;classic_columns&quot;:&quot;1&quot;,&quot;classic_columns_tablet&quot;:&quot;1&quot;,&quot;classic_row_gap&quot;:{&quot;unit&quot;:&quot;px&quot;,&quot;size&quot;:26,&quot;sizes&quot;:[]},&quot;classic_columns_mobile&quot;:&quot;1&quot;,&quot;classic_row_gap_tablet&quot;:{&quot;unit&quot;:&quot;px&quot;,&quot;size&quot;:&quot;&quot;,&quot;sizes&quot;:[]},&quot;classic_row_gap_mobile&quot;:{&quot;unit&quot;:&quot;px&quot;,&quot;size&quot;:&quot;&quot;,&quot;sizes&quot;:[]}}\" data-widget_type=\"posts.classic\">\n\t\t\t\t<div class=\"elementor-widget-container\">\n\t\t\t\t\t\t\t<div class=\"elementor-posts-container elementor-posts elementor-posts--skin-classic elementor-grid\" role=\"list\">\n\t\t\t\t<article class=\"elementor-post elementor-grid-item post-14172 post type-post status-publish format-standard has-post-thumbnail hentry category-blog-posts tag-grant-thornton tag-hr-owiec-na-rynku-pracy tag-raport-hr tag-rekrutacja-hr tag-rynek-pracy-hr\" role=\"listitem\">\n\t\t\t\t<a class=\"elementor-post__thumbnail__link\" href=\"https:\/\/elementapp.ai\/blog\/hr-owiec-na-rynku-pracy-2026-vii-edycja-raportu\/\" tabindex=\"-1\" >\n\t\t\t<div class=\"elementor-post__thumbnail\"><img loading=\"lazy\" decoding=\"async\" width=\"300\" height=\"158\" src=\"https:\/\/elementapp.ai\/blog\/wp-content\/uploads\/2026\/04\/hr-owiec-na-rynku-pracy-2026-vii-edycja-300x158.jpg\" class=\"attachment-medium size-medium wp-image-14170\" alt=\"HR-owiec na rynku pracy 2026 \u2014 VII edycja raportu Grant Thornton i Element\" srcset=\"https:\/\/elementapp.ai\/blog\/wp-content\/uploads\/2026\/04\/hr-owiec-na-rynku-pracy-2026-vii-edycja-300x158.jpg 300w, https:\/\/elementapp.ai\/blog\/wp-content\/uploads\/2026\/04\/hr-owiec-na-rynku-pracy-2026-vii-edycja-768x403.jpg 768w, https:\/\/elementapp.ai\/blog\/wp-content\/uploads\/2026\/04\/hr-owiec-na-rynku-pracy-2026-vii-edycja.jpg 1200w\" sizes=\"(max-width: 300px) 100vw, 300px\" \/><\/div>\n\t\t<\/a>\n\t\t\t\t<div class=\"elementor-post__text\">\n\t\t\t\t<h3 class=\"elementor-post__title\">\n\t\t\t<a href=\"https:\/\/elementapp.ai\/blog\/hr-owiec-na-rynku-pracy-2026-vii-edycja-raportu\/\" >\n\t\t\t\tHR-owiec na rynku pracy 2026 \u2014 pobierz VII edycj\u0119 raportu\t\t\t<\/a>\n\t\t<\/h3>\n\t\t\t\t<div class=\"elementor-post__meta-data\">\n\t\t\t\t\t<span class=\"elementor-post-author\">\n\t\t\tMaciej Michalewski\t\t<\/span>\n\t\t\t\t<span class=\"elementor-post-date\">\n\t\t\t28 kwietnia 2026\t\t<\/span>\n\t\t\t\t<\/div>\n\t\t\t\t<div class=\"elementor-post__excerpt\">\n\t\t\t<p>VII edycja raportu \u201eHR-owiec na rynku pracy&#8221;: 72 508 ofert HR w 2025 roku, +55% dla rekruter\u00f3w IT, pensje HRBP i dyrektora HR. Pobierz bezp\u0142atnie.<\/p>\n\t\t<\/div>\n\t\t\n\t\t<a class=\"elementor-post__read-more\" href=\"https:\/\/elementapp.ai\/blog\/hr-owiec-na-rynku-pracy-2026-vii-edycja-raportu\/\" aria-label=\"Read more about HR-owiec na rynku pracy 2026 \u2014 pobierz VII edycj\u0119 raportu\" tabindex=\"-1\" >\n\t\t\tCzytaj wi\u0119cej \u00bb\t\t<\/a>\n\n\t\t\t\t<\/div>\n\t\t\t\t<\/article>\n\t\t\t\t<article class=\"elementor-post elementor-grid-item post-14158 post type-post status-publish format-standard has-post-thumbnail hentry category-blog-posts tag-agenci-ai tag-ai-w-enterprise tag-aron-levie tag-change-management tag-headless-software tag-transformacja-cyfrowa\" role=\"listitem\">\n\t\t\t\t<a class=\"elementor-post__thumbnail__link\" href=\"https:\/\/elementapp.ai\/blog\/agenci-ai-nie-zmienia-firm-ktore-nie-zmienia-sie-same\/\" tabindex=\"-1\" >\n\t\t\t<div class=\"elementor-post__thumbnail\"><img loading=\"lazy\" decoding=\"async\" width=\"300\" height=\"158\" src=\"https:\/\/elementapp.ai\/blog\/wp-content\/uploads\/2026\/04\/social-agenci-ai-enterprise-levie-v2-300x158.png\" class=\"attachment-medium size-medium wp-image-14164\" alt=\"\" srcset=\"https:\/\/elementapp.ai\/blog\/wp-content\/uploads\/2026\/04\/social-agenci-ai-enterprise-levie-v2-300x158.png 300w, https:\/\/elementapp.ai\/blog\/wp-content\/uploads\/2026\/04\/social-agenci-ai-enterprise-levie-v2-768x403.png 768w, https:\/\/elementapp.ai\/blog\/wp-content\/uploads\/2026\/04\/social-agenci-ai-enterprise-levie-v2.png 1200w\" sizes=\"(max-width: 300px) 100vw, 300px\" \/><\/div>\n\t\t<\/a>\n\t\t\t\t<div class=\"elementor-post__text\">\n\t\t\t\t<h3 class=\"elementor-post__title\">\n\t\t\t<a href=\"https:\/\/elementapp.ai\/blog\/agenci-ai-nie-zmienia-firm-ktore-nie-zmienia-sie-same\/\" >\n\t\t\t\tAgenci AI nie zmieni\u0105 firm, kt\u00f3re nie zmieni\u0105 si\u0119 same\t\t\t<\/a>\n\t\t<\/h3>\n\t\t\t\t<div class=\"elementor-post__meta-data\">\n\t\t\t\t\t<span class=\"elementor-post-author\">\n\t\t\tMaciej Michalewski\t\t<\/span>\n\t\t\t\t<span class=\"elementor-post-date\">\n\t\t\t13 kwietnia 2026\t\t<\/span>\n\t\t\t\t<\/div>\n\t\t\t\t<div class=\"elementor-post__excerpt\">\n\t\t\t<p>Aron Levie, CEO Box, spotka\u0142 si\u0119 z kilkudziesi\u0119cioma liderami IT i AI z du\u017cych przedsi\u0119biorstw. Jego obserwacje o agentach AI w enterprise potwierdzaj\u0105 trendy, kt\u00f3re widz\u0119 w codziennej pracy z firmami wdra\u017caj\u0105cymi AI.<\/p>\n\t\t<\/div>\n\t\t\n\t\t<a class=\"elementor-post__read-more\" href=\"https:\/\/elementapp.ai\/blog\/agenci-ai-nie-zmienia-firm-ktore-nie-zmienia-sie-same\/\" aria-label=\"Read more about Agenci AI nie zmieni\u0105 firm, kt\u00f3re nie zmieni\u0105 si\u0119 same\" tabindex=\"-1\" >\n\t\t\tCzytaj wi\u0119cej \u00bb\t\t<\/a>\n\n\t\t\t\t<\/div>\n\t\t\t\t<\/article>\n\t\t\t\t<article class=\"elementor-post elementor-grid-item post-14134 post type-post status-publish format-standard has-post-thumbnail hentry category-blog-posts\" role=\"listitem\">\n\t\t\t\t<a class=\"elementor-post__thumbnail__link\" href=\"https:\/\/elementapp.ai\/blog\/gallup-2026-zaangazowanie-pracownikow-menedzerowie-ai\/\" tabindex=\"-1\" >\n\t\t\t<div class=\"elementor-post__thumbnail\"><img loading=\"lazy\" decoding=\"async\" width=\"300\" height=\"164\" src=\"https:\/\/elementapp.ai\/blog\/wp-content\/uploads\/2026\/04\/hero-gallup-2026-v3-300x164.jpg\" class=\"attachment-medium size-medium wp-image-14138\" alt=\"\" srcset=\"https:\/\/elementapp.ai\/blog\/wp-content\/uploads\/2026\/04\/hero-gallup-2026-v3-300x164.jpg 300w, https:\/\/elementapp.ai\/blog\/wp-content\/uploads\/2026\/04\/hero-gallup-2026-v3-768x419.jpg 768w, https:\/\/elementapp.ai\/blog\/wp-content\/uploads\/2026\/04\/hero-gallup-2026-v3-1536x837.jpg 1536w, https:\/\/elementapp.ai\/blog\/wp-content\/uploads\/2026\/04\/hero-gallup-2026-v3.jpg 1600w\" sizes=\"(max-width: 300px) 100vw, 300px\" \/><\/div>\n\t\t<\/a>\n\t\t\t\t<div class=\"elementor-post__text\">\n\t\t\t\t<h3 class=\"elementor-post__title\">\n\t\t\t<a href=\"https:\/\/elementapp.ai\/blog\/gallup-2026-zaangazowanie-pracownikow-menedzerowie-ai\/\" >\n\t\t\t\tGallup 2026: \u015bwiat pracy si\u0119 sypie, a mened\u017cerowie trac\u0105 zapa\u0142 szybciej ni\u017c reszta\t\t\t<\/a>\n\t\t<\/h3>\n\t\t\t\t<div class=\"elementor-post__meta-data\">\n\t\t\t\t\t<span class=\"elementor-post-author\">\n\t\t\tMaciej Michalewski\t\t<\/span>\n\t\t\t\t<span class=\"elementor-post-date\">\n\t\t\t8 kwietnia 2026\t\t<\/span>\n\t\t\t\t<\/div>\n\t\t\t\t<div class=\"elementor-post__excerpt\">\n\t\t\t<p>Raport Gallup State of the Global Workplace 2026 pokazuje, \u017ce globalne zaanga\u017cowanie spad\u0142o do 20%, a mened\u017cerowie trac\u0105 zapa\u0142 szybciej ni\u017c ich zespo\u0142y. Paradoks AI: indywidualna produktywno\u015b\u0107 ro\u015bnie, organizacyjna nie.<\/p>\n\t\t<\/div>\n\t\t\n\t\t<a class=\"elementor-post__read-more\" href=\"https:\/\/elementapp.ai\/blog\/gallup-2026-zaangazowanie-pracownikow-menedzerowie-ai\/\" aria-label=\"Read more about Gallup 2026: \u015bwiat pracy si\u0119 sypie, a mened\u017cerowie trac\u0105 zapa\u0142 szybciej ni\u017c reszta\" tabindex=\"-1\" >\n\t\t\tCzytaj wi\u0119cej \u00bb\t\t<\/a>\n\n\t\t\t\t<\/div>\n\t\t\t\t<\/article>\n\t\t\t\t<article class=\"elementor-post elementor-grid-item post-14119 post type-post status-publish format-standard has-post-thumbnail hentry category-blog-posts\" role=\"listitem\">\n\t\t\t\t<a class=\"elementor-post__thumbnail__link\" href=\"https:\/\/elementapp.ai\/blog\/wielka-reorganizacja-firmy-przebudowuja-sie-woko-ai\/\" tabindex=\"-1\" >\n\t\t\t<div class=\"elementor-post__thumbnail\"><img loading=\"lazy\" decoding=\"async\" width=\"300\" height=\"158\" src=\"https:\/\/elementapp.ai\/blog\/wp-content\/uploads\/2026\/04\/hero-wielka-reorganizacja-v2-300x158.jpg\" class=\"attachment-medium size-medium wp-image-14127\" alt=\"\" srcset=\"https:\/\/elementapp.ai\/blog\/wp-content\/uploads\/2026\/04\/hero-wielka-reorganizacja-v2-300x158.jpg 300w, https:\/\/elementapp.ai\/blog\/wp-content\/uploads\/2026\/04\/hero-wielka-reorganizacja-v2-768x403.jpg 768w, https:\/\/elementapp.ai\/blog\/wp-content\/uploads\/2026\/04\/hero-wielka-reorganizacja-v2.jpg 1200w\" sizes=\"(max-width: 300px) 100vw, 300px\" \/><\/div>\n\t\t<\/a>\n\t\t\t\t<div class=\"elementor-post__text\">\n\t\t\t\t<h3 class=\"elementor-post__title\">\n\t\t\t<a href=\"https:\/\/elementapp.ai\/blog\/wielka-reorganizacja-firmy-przebudowuja-sie-woko-ai\/\" >\n\t\t\t\tWielka reorganizacja: firmy przebudowuj\u0105 si\u0119 wok\u00f3\u0142 AI\t\t\t<\/a>\n\t\t<\/h3>\n\t\t\t\t<div class=\"elementor-post__meta-data\">\n\t\t\t\t\t<span class=\"elementor-post-author\">\n\t\t\tMaciej Michalewski\t\t<\/span>\n\t\t\t\t<span class=\"elementor-post-date\">\n\t\t\t1 kwietnia 2026\t\t<\/span>\n\t\t\t\t<\/div>\n\t\t\t\t<div class=\"elementor-post__excerpt\">\n\t\t\t<p>Foundation Capital zbada\u0142o 25 firm i odkry\u0142o, \u017ce AI zmienia nie tylko narz\u0119dzia, ale ca\u0142\u0105 struktur\u0119 organizacji. Cztery role pozostan\u0105 ludzkie.<\/p>\n\t\t<\/div>\n\t\t\n\t\t<a class=\"elementor-post__read-more\" href=\"https:\/\/elementapp.ai\/blog\/wielka-reorganizacja-firmy-przebudowuja-sie-woko-ai\/\" aria-label=\"Read more about Wielka reorganizacja: firmy przebudowuj\u0105 si\u0119 wok\u00f3\u0142 AI\" tabindex=\"-1\" >\n\t\t\tCzytaj wi\u0119cej \u00bb\t\t<\/a>\n\n\t\t\t\t<\/div>\n\t\t\t\t<\/article>\n\t\t\t\t<article class=\"elementor-post elementor-grid-item post-14110 post type-post status-publish format-standard has-post-thumbnail hentry category-blog-posts\" role=\"listitem\">\n\t\t\t\t<a class=\"elementor-post__thumbnail__link\" href=\"https:\/\/elementapp.ai\/blog\/social-media-polaryzuja-ai-depolaryzuje\/\" tabindex=\"-1\" >\n\t\t\t<div class=\"elementor-post__thumbnail\"><img loading=\"lazy\" decoding=\"async\" width=\"300\" height=\"158\" src=\"https:\/\/elementapp.ai\/blog\/wp-content\/uploads\/2026\/03\/hero_polaryzacja-300x158.jpg\" class=\"attachment-medium size-medium wp-image-14102\" alt=\"\" srcset=\"https:\/\/elementapp.ai\/blog\/wp-content\/uploads\/2026\/03\/hero_polaryzacja-300x158.jpg 300w, https:\/\/elementapp.ai\/blog\/wp-content\/uploads\/2026\/03\/hero_polaryzacja-768x403.jpg 768w, https:\/\/elementapp.ai\/blog\/wp-content\/uploads\/2026\/03\/hero_polaryzacja.jpg 1200w\" sizes=\"(max-width: 300px) 100vw, 300px\" \/><\/div>\n\t\t<\/a>\n\t\t\t\t<div class=\"elementor-post__text\">\n\t\t\t\t<h3 class=\"elementor-post__title\">\n\t\t\t<a href=\"https:\/\/elementapp.ai\/blog\/social-media-polaryzuja-ai-depolaryzuje\/\" >\n\t\t\t\tSocial Media polaryzuj\u0105. AI depolaryzuje?\t\t\t<\/a>\n\t\t<\/h3>\n\t\t\t\t<div class=\"elementor-post__meta-data\">\n\t\t\t\t\t<span class=\"elementor-post-author\">\n\t\t\tMaciej Michalewski\t\t<\/span>\n\t\t\t\t<span class=\"elementor-post-date\">\n\t\t\t30 marca 2026\t\t<\/span>\n\t\t\t\t<\/div>\n\t\t\t\t<div class=\"elementor-post__excerpt\">\n\t\t\t<p>Social Media polaryzuj\u0105. AI depolaryzuje? Wprowadzenie Niedawno chwali\u0142em Groka za fakt, \u017ce najmniej halucynuje i jest najmniej politycznie poprawny. Teraz mamy kolejne dane, kt\u00f3re uzupe\u0142niaj\u0105<\/p>\n\t\t<\/div>\n\t\t\n\t\t<a class=\"elementor-post__read-more\" href=\"https:\/\/elementapp.ai\/blog\/social-media-polaryzuja-ai-depolaryzuje\/\" aria-label=\"Read more about Social Media polaryzuj\u0105. AI depolaryzuje?\" tabindex=\"-1\" >\n\t\t\tCzytaj wi\u0119cej \u00bb\t\t<\/a>\n\n\t\t\t\t<\/div>\n\t\t\t\t<\/article>\n\t\t\t\t<article class=\"elementor-post elementor-grid-item post-14094 post type-post status-publish format-standard has-post-thumbnail hentry category-blog-posts\" role=\"listitem\">\n\t\t\t\t<a class=\"elementor-post__thumbnail__link\" href=\"https:\/\/elementapp.ai\/blog\/automatyzacja-prac-fizycznych-physical-intelligence\/\" tabindex=\"-1\" >\n\t\t\t<div class=\"elementor-post__thumbnail\"><img loading=\"lazy\" decoding=\"async\" width=\"300\" height=\"158\" src=\"https:\/\/elementapp.ai\/blog\/wp-content\/uploads\/2026\/03\/hero_physical_ai-1-300x158.jpg\" class=\"attachment-medium size-medium wp-image-14096\" alt=\"\" srcset=\"https:\/\/elementapp.ai\/blog\/wp-content\/uploads\/2026\/03\/hero_physical_ai-1-300x158.jpg 300w, https:\/\/elementapp.ai\/blog\/wp-content\/uploads\/2026\/03\/hero_physical_ai-1-768x403.jpg 768w, https:\/\/elementapp.ai\/blog\/wp-content\/uploads\/2026\/03\/hero_physical_ai-1.jpg 1200w\" sizes=\"(max-width: 300px) 100vw, 300px\" \/><\/div>\n\t\t<\/a>\n\t\t\t\t<div class=\"elementor-post__text\">\n\t\t\t\t<h3 class=\"elementor-post__title\">\n\t\t\t<a href=\"https:\/\/elementapp.ai\/blog\/automatyzacja-prac-fizycznych-physical-intelligence\/\" >\n\t\t\t\tRobot z polskim rodowodem, kt\u00f3ry wkr\u0119ca \u015bruby szybciej od cz\u0142owieka\t\t\t<\/a>\n\t\t<\/h3>\n\t\t\t\t<div class=\"elementor-post__meta-data\">\n\t\t\t\t\t<span class=\"elementor-post-author\">\n\t\t\tMaciej Michalewski\t\t<\/span>\n\t\t\t\t<span class=\"elementor-post-date\">\n\t\t\t24 marca 2026\t\t<\/span>\n\t\t\t\t<\/div>\n\t\t\t\t<div class=\"elementor-post__excerpt\">\n\t\t\t<p>Robot z polskim rodowodem, kt\u00f3ry wkr\u0119ca \u015bruby szybciej od cz\u0142owieka Kiedy m\u00f3wimy o automatyzacji, wi\u0119kszo\u015b\u0107 ludzi my\u015bli o chatbotach, generatorach obraz\u00f3w i asystentach programowania. Tymczasem<\/p>\n\t\t<\/div>\n\t\t\n\t\t<a class=\"elementor-post__read-more\" href=\"https:\/\/elementapp.ai\/blog\/automatyzacja-prac-fizycznych-physical-intelligence\/\" aria-label=\"Read more about Robot z polskim rodowodem, kt\u00f3ry wkr\u0119ca \u015bruby szybciej od cz\u0142owieka\" tabindex=\"-1\" >\n\t\t\tCzytaj wi\u0119cej \u00bb\t\t<\/a>\n\n\t\t\t\t<\/div>\n\t\t\t\t<\/article>\n\t\t\t\t<\/div>\n\t\t\n\t\t\t\t\t\t<\/div>\n\t\t\t\t<\/div>\n\t\t\t\t\t<\/div>\n\t\t<\/div>\n\t\t\t\t\t<\/div>\n\t\t<\/section>\n\t\t\t\t<\/div>\n\t\t","protected":false},"excerpt":{"rendered":"<p>Czy w\u0142a\u015bnie ustanowili\u015bmy rekord wysoko\u015bci w\u015br\u00f3d przedstawicieli polskiej bran\u017cy HR? Sprawd\u017a z kim by\u0142em pod szczytem Mount Everest i co tam robili\u015bmy!<\/p>\n","protected":false},"author":1,"featured_media":0,"comment_status":"open","ping_status":"open","sticky":false,"template":"","format":"standard","meta":{"_acf_changed":false,"_yoast_wpseo_focuskw":"","_yoast_wpseo_title":"Rekord wysoko\u015bci polskiego HR? Spotkanie pod Everestem!","_yoast_wpseo_metadesc":"Czy w\u0142a\u015bnie ustanowili\u015bmy rekord wysoko\u015bci w\u015br\u00f3d przedstawicieli polskiej bran\u017cy HR? Sprawd\u017a z kim by\u0142em pod szczytem Mount Everest i co tam robili\u015bmy!","_yoast_wpseo_opengraph-title":"Rekord wysoko\u015bci Polskiego HR? Spotkanie pod Everestem","_yoast_wpseo_opengraph-description":"","_yoast_wpseo_opengraph-image":"https:\/\/elementapp.ai\/blog\/wp-content\/uploads\/2022\/05\/Hotel-Everest-View.png","_yoast_wpseo_opengraph-image-id":6707,"_yoast_wpseo_twitter-title":"","_yoast_wpseo_twitter-description":"","_yoast_wpseo_twitter-image":"","_yoast_wpseo_twitter-image-id":0,"inline_featured_image":false,"site-sidebar-layout":"default","site-content-layout":"default","ast-global-header-display":"","ast-main-header-display":"","ast-hfb-above-header-display":"","ast-hfb-below-header-display":"","ast-hfb-mobile-header-display":"","site-post-title":"","ast-breadcrumbs-content":"","ast-featured-img":"","footer-sml-layout":"","theme-transparent-header-meta":"","adv-header-id-meta":"","stick-header-meta":"","header-above-stick-meta":"","header-main-stick-meta":"","header-below-stick-meta":"","footnotes":""},"categories":[2],"tags":[],"class_list":["post-6686","post","type-post","status-publish","format-standard","hentry","category-blog-posts"],"acf":[],"yoast_head":"<!-- This site is optimized with the Yoast SEO Premium plugin v27.4 (Yoast SEO v27.4) - https:\/\/yoast.com\/product\/yoast-seo-premium-wordpress\/ -->\n<title>Rekord wysoko\u015bci polskiego HR? Spotkanie pod Everestem!<\/title>\n<meta name=\"description\" content=\"Czy w\u0142a\u015bnie ustanowili\u015bmy rekord wysoko\u015bci w\u015br\u00f3d przedstawicieli polskiej bran\u017cy HR? Sprawd\u017a z kim by\u0142em pod szczytem Mount Everest i co tam robili\u015bmy!\" \/>\n<meta name=\"robots\" content=\"index, follow, max-snippet:-1, max-image-preview:large, max-video-preview:-1\" \/>\n<link rel=\"canonical\" href=\"https:\/\/elementapp.ai\/blog\/rekord-wysokosci-polskiego-hr-spotkanie-pod-everestem\/\" \/>\n<meta property=\"og:locale\" content=\"pl_PL\" \/>\n<meta property=\"og:type\" content=\"article\" \/>\n<meta property=\"og:title\" content=\"Rekord wysoko\u015bci Polskiego HR? Spotkanie pod Everestem\" \/>\n<meta property=\"og:description\" content=\"Czy w\u0142a\u015bnie ustanowili\u015bmy rekord wysoko\u015bci w\u015br\u00f3d przedstawicieli polskiej bran\u017cy HR? Sprawd\u017a z kim by\u0142em pod szczytem Mount Everest i co tam robili\u015bmy!\" \/>\n<meta property=\"og:url\" content=\"https:\/\/elementapp.ai\/blog\/rekord-wysokosci-polskiego-hr-spotkanie-pod-everestem\/\" \/>\n<meta property=\"og:site_name\" content=\"Element&#039;s Blog - nowo\u015bci ze \u015bwiata rekrutacji, HR Tech i Element\" \/>\n<meta property=\"article:publisher\" content=\"https:\/\/www.facebook.com\/elementappats\" \/>\n<meta property=\"article:author\" content=\"https:\/\/www.facebook.com\/elementappats\/\" \/>\n<meta property=\"article:published_time\" content=\"2022-05-10T09:29:26+00:00\" \/>\n<meta property=\"article:modified_time\" content=\"2026-03-01T09:11:29+00:00\" \/>\n<meta property=\"og:image\" content=\"https:\/\/elementapp.ai\/blog\/wp-content\/uploads\/2022\/05\/Hotel-Everest-View.png\" \/>\n\t<meta property=\"og:image:width\" content=\"1600\" \/>\n\t<meta property=\"og:image:height\" content=\"1132\" \/>\n\t<meta property=\"og:image:type\" content=\"image\/png\" \/>\n<meta name=\"author\" content=\"Maciej Michalewski\" \/>\n<meta name=\"twitter:card\" content=\"summary_large_image\" \/>\n<meta name=\"twitter:title\" content=\"Rekord wysoko\u015bci polskiego HR? Spotkanie pod Everestem\" \/>\n<meta name=\"twitter:label1\" content=\"Napisane przez\" \/>\n\t<meta name=\"twitter:data1\" content=\"Maciej Michalewski\" \/>\n\t<meta name=\"twitter:label2\" content=\"Szacowany czas czytania\" \/>\n\t<meta name=\"twitter:data2\" content=\"8 minut\" \/>\n<!-- \/ Yoast SEO Premium plugin. -->","yoast_head_json":{"title":"Rekord wysoko\u015bci polskiego HR? Spotkanie pod Everestem!","description":"Czy w\u0142a\u015bnie ustanowili\u015bmy rekord wysoko\u015bci w\u015br\u00f3d przedstawicieli polskiej bran\u017cy HR? Sprawd\u017a z kim by\u0142em pod szczytem Mount Everest i co tam robili\u015bmy!","robots":{"index":"index","follow":"follow","max-snippet":"max-snippet:-1","max-image-preview":"max-image-preview:large","max-video-preview":"max-video-preview:-1"},"canonical":"https:\/\/elementapp.ai\/blog\/rekord-wysokosci-polskiego-hr-spotkanie-pod-everestem\/","og_locale":"pl_PL","og_type":"article","og_title":"Rekord wysoko\u015bci Polskiego HR? Spotkanie pod Everestem","og_description":"Czy w\u0142a\u015bnie ustanowili\u015bmy rekord wysoko\u015bci w\u015br\u00f3d przedstawicieli polskiej bran\u017cy HR? Sprawd\u017a z kim by\u0142em pod szczytem Mount Everest i co tam robili\u015bmy!","og_url":"https:\/\/elementapp.ai\/blog\/rekord-wysokosci-polskiego-hr-spotkanie-pod-everestem\/","og_site_name":"Element&#039;s Blog - nowo\u015bci ze \u015bwiata rekrutacji, HR Tech i Element","article_publisher":"https:\/\/www.facebook.com\/elementappats","article_author":"https:\/\/www.facebook.com\/elementappats\/","article_published_time":"2022-05-10T09:29:26+00:00","article_modified_time":"2026-03-01T09:11:29+00:00","og_image":[{"width":1600,"height":1132,"url":"https:\/\/elementapp.ai\/blog\/wp-content\/uploads\/2022\/05\/Hotel-Everest-View.png","type":"image\/png"}],"author":"Maciej Michalewski","twitter_card":"summary_large_image","twitter_title":"Rekord wysoko\u015bci polskiego HR? Spotkanie pod Everestem","twitter_misc":{"Napisane przez":"Maciej Michalewski","Szacowany czas czytania":"8 minut"},"schema":{"@context":"https:\/\/schema.org","@graph":[{"@type":"Article","@id":"https:\/\/elementapp.ai\/blog\/rekord-wysokosci-polskiego-hr-spotkanie-pod-everestem\/#article","isPartOf":{"@id":"https:\/\/elementapp.ai\/blog\/rekord-wysokosci-polskiego-hr-spotkanie-pod-everestem\/"},"author":{"name":"Maciej Michalewski","@id":"https:\/\/elementapp.ai\/blog\/#\/schema\/person\/02f4e59e019634b9e2fb09c00bf93f1e"},"headline":"Rekord wysoko\u015bci polskiego HR? Spotkanie pod Everestem","datePublished":"2022-05-10T09:29:26+00:00","dateModified":"2026-03-01T09:11:29+00:00","mainEntityOfPage":{"@id":"https:\/\/elementapp.ai\/blog\/rekord-wysokosci-polskiego-hr-spotkanie-pod-everestem\/"},"wordCount":1515,"commentCount":0,"publisher":{"@id":"https:\/\/elementapp.ai\/blog\/#organization"},"image":{"@id":"https:\/\/elementapp.ai\/blog\/rekord-wysokosci-polskiego-hr-spotkanie-pod-everestem\/#primaryimage"},"thumbnailUrl":"https:\/\/elementapp.ai\/blog\/wp-content\/uploads\/2022\/05\/Base-camp-description-medium-768x364.jpg","articleSection":["Blog-posts"],"inLanguage":"pl-PL","potentialAction":[{"@type":"CommentAction","name":"Comment","target":["https:\/\/elementapp.ai\/blog\/rekord-wysokosci-polskiego-hr-spotkanie-pod-everestem\/#respond"]}]},{"@type":"WebPage","@id":"https:\/\/elementapp.ai\/blog\/rekord-wysokosci-polskiego-hr-spotkanie-pod-everestem\/","url":"https:\/\/elementapp.ai\/blog\/rekord-wysokosci-polskiego-hr-spotkanie-pod-everestem\/","name":"Rekord wysoko\u015bci polskiego HR? Spotkanie pod Everestem!","isPartOf":{"@id":"https:\/\/elementapp.ai\/blog\/#website"},"primaryImageOfPage":{"@id":"https:\/\/elementapp.ai\/blog\/rekord-wysokosci-polskiego-hr-spotkanie-pod-everestem\/#primaryimage"},"image":{"@id":"https:\/\/elementapp.ai\/blog\/rekord-wysokosci-polskiego-hr-spotkanie-pod-everestem\/#primaryimage"},"thumbnailUrl":"https:\/\/elementapp.ai\/blog\/wp-content\/uploads\/2022\/05\/Base-camp-description-medium-768x364.jpg","datePublished":"2022-05-10T09:29:26+00:00","dateModified":"2026-03-01T09:11:29+00:00","description":"Czy w\u0142a\u015bnie ustanowili\u015bmy rekord wysoko\u015bci w\u015br\u00f3d przedstawicieli polskiej bran\u017cy HR? Sprawd\u017a z kim by\u0142em pod szczytem Mount Everest i co tam robili\u015bmy!","breadcrumb":{"@id":"https:\/\/elementapp.ai\/blog\/rekord-wysokosci-polskiego-hr-spotkanie-pod-everestem\/#breadcrumb"},"inLanguage":"pl-PL","potentialAction":[{"@type":"ReadAction","target":["https:\/\/elementapp.ai\/blog\/rekord-wysokosci-polskiego-hr-spotkanie-pod-everestem\/"]}]},{"@type":"ImageObject","inLanguage":"pl-PL","@id":"https:\/\/elementapp.ai\/blog\/rekord-wysokosci-polskiego-hr-spotkanie-pod-everestem\/#primaryimage","url":"https:\/\/elementapp.ai\/blog\/wp-content\/uploads\/2022\/05\/Base-camp-description-medium.jpg","contentUrl":"https:\/\/elementapp.ai\/blog\/wp-content\/uploads\/2022\/05\/Base-camp-description-medium.jpg","width":2000,"height":948,"caption":"Mount Everest Base Camp panorama with description"},{"@type":"BreadcrumbList","@id":"https:\/\/elementapp.ai\/blog\/rekord-wysokosci-polskiego-hr-spotkanie-pod-everestem\/#breadcrumb","itemListElement":[{"@type":"ListItem","position":1,"name":"Strona g\u0142\u00f3wna","item":"https:\/\/elementapp.ai\/blog\/"},{"@type":"ListItem","position":2,"name":"Rekord wysoko\u015bci polskiego HR? Spotkanie pod Everestem"}]},{"@type":"WebSite","@id":"https:\/\/elementapp.ai\/blog\/#website","url":"https:\/\/elementapp.ai\/blog\/","name":"Element's Blog - nowo\u015bci ze \u015bwiata rekrutacji, HR Tech i Element","description":"Najciekawsze informacje ze \u015bwiata rekrutacji, rynku pracy, technologii rekrutacyjnych oraz systemu rekrutacyjnego Element","publisher":{"@id":"https:\/\/elementapp.ai\/blog\/#organization"},"potentialAction":[{"@type":"SearchAction","target":{"@type":"EntryPoint","urlTemplate":"https:\/\/elementapp.ai\/blog\/?s={search_term_string}"},"query-input":{"@type":"PropertyValueSpecification","valueRequired":true,"valueName":"search_term_string"}}],"inLanguage":"pl-PL"},{"@type":"Organization","@id":"https:\/\/elementapp.ai\/blog\/#organization","name":"Element ATS system rekrutacyjny","url":"https:\/\/elementapp.ai\/blog\/","logo":{"@type":"ImageObject","inLanguage":"pl-PL","@id":"https:\/\/elementapp.ai\/blog\/#\/schema\/logo\/image\/","url":"https:\/\/elementapp.ai\/blog\/wp-content\/uploads\/2019\/09\/element-system-logo.svg","contentUrl":"https:\/\/elementapp.ai\/blog\/wp-content\/uploads\/2019\/09\/element-system-logo.svg","width":1,"height":1,"caption":"Element ATS system rekrutacyjny"},"image":{"@id":"https:\/\/elementapp.ai\/blog\/#\/schema\/logo\/image\/"},"sameAs":["https:\/\/www.facebook.com\/elementappats"]},{"@type":"Person","@id":"https:\/\/elementapp.ai\/blog\/#\/schema\/person\/02f4e59e019634b9e2fb09c00bf93f1e","name":"Maciej Michalewski","image":{"@type":"ImageObject","inLanguage":"pl-PL","@id":"https:\/\/secure.gravatar.com\/avatar\/9d00803e2237f6212234740ce5ee8400cf3c04cf469dc8728a7fdd0d2a1e8cc7?s=96&d=mm&r=g","url":"https:\/\/secure.gravatar.com\/avatar\/9d00803e2237f6212234740ce5ee8400cf3c04cf469dc8728a7fdd0d2a1e8cc7?s=96&d=mm&r=g","contentUrl":"https:\/\/secure.gravatar.com\/avatar\/9d00803e2237f6212234740ce5ee8400cf3c04cf469dc8728a7fdd0d2a1e8cc7?s=96&d=mm&r=g","caption":"Maciej Michalewski"},"description":"Since 2010 I have been professionally involved in the recruitment industry. Since 2014, I and a team of talented software developers, have been developing Element, an innovative recruitment system which makes recruiting fast and simple. I am a tech lover, and my mission is to find and create new solutions that will positively impact the recruitment market.","sameAs":["https:\/\/www.facebook.com\/elementappats\/","https:\/\/www.linkedin.com\/company\/13982762"]}]}},"_links":{"self":[{"href":"https:\/\/elementapp.ai\/blog\/wp-json\/wp\/v2\/posts\/6686","targetHints":{"allow":["GET"]}}],"collection":[{"href":"https:\/\/elementapp.ai\/blog\/wp-json\/wp\/v2\/posts"}],"about":[{"href":"https:\/\/elementapp.ai\/blog\/wp-json\/wp\/v2\/types\/post"}],"author":[{"embeddable":true,"href":"https:\/\/elementapp.ai\/blog\/wp-json\/wp\/v2\/users\/1"}],"replies":[{"embeddable":true,"href":"https:\/\/elementapp.ai\/blog\/wp-json\/wp\/v2\/comments?post=6686"}],"version-history":[{"count":65,"href":"https:\/\/elementapp.ai\/blog\/wp-json\/wp\/v2\/posts\/6686\/revisions"}],"predecessor-version":[{"id":13865,"href":"https:\/\/elementapp.ai\/blog\/wp-json\/wp\/v2\/posts\/6686\/revisions\/13865"}],"wp:attachment":[{"href":"https:\/\/elementapp.ai\/blog\/wp-json\/wp\/v2\/media?parent=6686"}],"wp:term":[{"taxonomy":"category","embeddable":true,"href":"https:\/\/elementapp.ai\/blog\/wp-json\/wp\/v2\/categories?post=6686"},{"taxonomy":"post_tag","embeddable":true,"href":"https:\/\/elementapp.ai\/blog\/wp-json\/wp\/v2\/tags?post=6686"}],"curies":[{"name":"wp","href":"https:\/\/api.w.org\/{rel}","templated":true}]}}