{"id":7180,"date":"2022-08-22T18:43:16","date_gmt":"2022-08-22T16:43:16","guid":{"rendered":"https:\/\/elementapp.ai\/blog\/?p=7180"},"modified":"2026-03-01T10:10:48","modified_gmt":"2026-03-01T09:10:48","slug":"referencje-kandydatow-a-rodo-wynik-ankiety-na-portalu-linkedin","status":"publish","type":"post","link":"https:\/\/elementapp.ai\/blog\/referencje-kandydatow-a-rodo-wynik-ankiety-na-portalu-linkedin\/","title":{"rendered":"Referencje kandydat\u00f3w a RODO &#8211; wynik ankiety na portalu Linkedin"},"content":{"rendered":"\t\t<div data-elementor-type=\"wp-post\" data-elementor-id=\"7180\" class=\"elementor elementor-7180\" data-elementor-post-type=\"post\">\n\t\t\t\t\t\t<section class=\"elementor-section elementor-top-section elementor-element elementor-element-3a28374f elementor-section-boxed elementor-section-height-default elementor-section-height-default\" data-id=\"3a28374f\" data-element_type=\"section\" data-e-type=\"section\">\n\t\t\t\t\t\t<div class=\"elementor-container elementor-column-gap-default\">\n\t\t\t\t\t<div class=\"elementor-column elementor-col-100 elementor-top-column elementor-element elementor-element-2ad7d1c\" data-id=\"2ad7d1c\" data-element_type=\"column\" data-e-type=\"column\">\n\t\t\t<div class=\"elementor-widget-wrap\">\n\t\t\t\t\t\t\t<\/div>\n\t\t<\/div>\n\t\t\t\t\t<\/div>\n\t\t<\/section>\n\t\t\t\t<section class=\"elementor-section elementor-top-section elementor-element elementor-element-42f5fe1e elementor-section-boxed elementor-section-height-default elementor-section-height-default\" data-id=\"42f5fe1e\" data-element_type=\"section\" data-e-type=\"section\">\n\t\t\t\t\t\t<div class=\"elementor-container elementor-column-gap-default\">\n\t\t\t\t\t<div class=\"elementor-column elementor-col-100 elementor-top-column elementor-element elementor-element-5a070608\" data-id=\"5a070608\" data-element_type=\"column\" data-e-type=\"column\">\n\t\t\t<div class=\"elementor-widget-wrap elementor-element-populated\">\n\t\t\t\t\t\t<div class=\"elementor-element elementor-element-5cb07a4b elementor-widget-divider--view-line_icon elementor-view-default elementor-widget-divider--element-align-center elementor-widget elementor-widget-divider\" data-id=\"5cb07a4b\" data-element_type=\"widget\" data-e-type=\"widget\" data-widget_type=\"divider.default\">\n\t\t\t\t<div class=\"elementor-widget-container\">\n\t\t\t\t\t\t\t<div class=\"elementor-divider\">\n\t\t\t<span class=\"elementor-divider-separator\">\n\t\t\t\t\t\t\t<div class=\"elementor-icon elementor-divider__element\">\n\t\t\t\t\t<i aria-hidden=\"true\" class=\"far fa-bookmark\"><\/i><\/div>\n\t\t\t\t\t\t<\/span>\n\t\t<\/div>\n\t\t\t\t\t\t<\/div>\n\t\t\t\t<\/div>\n\t\t\t\t\t<\/div>\n\t\t<\/div>\n\t\t\t\t\t<\/div>\n\t\t<\/section>\n\t\t\t\t<section class=\"elementor-section elementor-top-section elementor-element elementor-element-3e89726 elementor-section-boxed elementor-section-height-default elementor-section-height-default\" data-id=\"3e89726\" data-element_type=\"section\" data-e-type=\"section\">\n\t\t\t\t\t\t<div class=\"elementor-container elementor-column-gap-default\">\n\t\t\t\t\t<div class=\"elementor-column elementor-col-100 elementor-top-column elementor-element elementor-element-689ce539\" data-id=\"689ce539\" data-element_type=\"column\" data-e-type=\"column\">\n\t\t\t<div class=\"elementor-widget-wrap elementor-element-populated\">\n\t\t\t\t\t\t<div class=\"elementor-element elementor-element-4d68cbad elementor-widget elementor-widget-heading\" data-id=\"4d68cbad\" data-element_type=\"widget\" data-e-type=\"widget\" data-widget_type=\"heading.default\">\n\t\t\t\t<div class=\"elementor-widget-container\">\n\t\t\t\t\t<h1 class=\"elementor-heading-title elementor-size-default\">Referencje kandydat\u00f3w a RODO - wynik ankiety na portalu Linkedin<\/h1>\t\t\t\t<\/div>\n\t\t\t\t<\/div>\n\t\t\t\t<div class=\"elementor-element elementor-element-717e9654 elementor-widget elementor-widget-text-editor\" data-id=\"717e9654\" data-element_type=\"widget\" data-e-type=\"widget\" data-widget_type=\"text-editor.default\">\n\t\t\t\t<div class=\"elementor-widget-container\">\n\t\t\t\t\t\t\t\t\t22 sierpnia 2022\t\t\t\t\t\t\t\t<\/div>\n\t\t\t\t<\/div>\n\t\t\t\t\t<\/div>\n\t\t<\/div>\n\t\t\t\t\t<\/div>\n\t\t<\/section>\n\t\t\t\t<section class=\"elementor-section elementor-top-section elementor-element elementor-element-751dc237 elementor-section-boxed elementor-section-height-default elementor-section-height-default\" data-id=\"751dc237\" data-element_type=\"section\" data-e-type=\"section\" data-settings=\"{&quot;background_background&quot;:&quot;classic&quot;}\">\n\t\t\t\t\t\t<div class=\"elementor-container elementor-column-gap-default\">\n\t\t\t\t\t<div class=\"elementor-column elementor-col-66 elementor-top-column elementor-element elementor-element-1e4cf6ac\" data-id=\"1e4cf6ac\" data-element_type=\"column\" data-e-type=\"column\" data-settings=\"{&quot;background_background&quot;:&quot;classic&quot;}\">\n\t\t\t<div class=\"elementor-widget-wrap elementor-element-populated\">\n\t\t\t\t\t\t<div class=\"elementor-element elementor-element-c56d2c3 elementor-widget elementor-widget-text-editor\" data-id=\"c56d2c3\" data-element_type=\"widget\" data-e-type=\"widget\" data-widget_type=\"text-editor.default\">\n\t\t\t\t<div class=\"elementor-widget-container\">\n\t\t\t\t\t\t\t\t\t<p>Miesi\u0105c temu<span style=\"color: #0000ff;\"><a style=\"color: #0000ff;\" href=\"https:\/\/www.linkedin.com\/feed\/update\/urn:li:activity:6947083989484511234\/\" target=\"_blank\" rel=\"nofollow noopener\"> opublikowa\u0142em na Linkedin ankiet\u0119<\/a><\/span>, kt\u00f3ra dotyczy\u0142a sposobu post\u0119powania w przypadku pozyskania opinii o kandydacie do pracy w spos\u00f3b niezgodny z <span style=\"color: #0000ff;\"><a style=\"color: #0000ff;\" href=\"https:\/\/elementapp.ai\/blog\/wp-content\/uploads\/2022\/06\/Skonsolidowany-tekst-rozporzadzenia-Parlamentu-Europejskiego-i-Rady-UE-2016_67.pdf\" target=\"_blank\" rel=\"noopener\">przepisami RODO<\/a><\/span>. Ankiet\u0119 przygotowa\u0142em w ramach zbierania materia\u0142\u00f3w do artyku\u0142u na temat stosowania narz\u0119dzi weryfikuj\u0105cych kandydat\u00f3w po wej\u015bciu w \u017cycie przepis\u00f3w RODO.<\/p><p>Poni\u017cej pytanie przedstawione w ankiecie, wyniki, a na ko\u0144cu m\u00f3j komentarz.<\/p>\t\t\t\t\t\t\t\t<\/div>\n\t\t\t\t<\/div>\n\t\t\t\t<div class=\"elementor-element elementor-element-9663286 elementor-widget elementor-widget-heading\" data-id=\"9663286\" data-element_type=\"widget\" data-e-type=\"widget\" data-widget_type=\"heading.default\">\n\t\t\t\t<div class=\"elementor-widget-container\">\n\t\t\t\t\t<h2 class=\"elementor-heading-title elementor-size-default\">Referencje kandydat\u00f3w a przepisy RODO - ankieta<\/h2>\t\t\t\t<\/div>\n\t\t\t\t<\/div>\n\t\t\t\t<div class=\"elementor-element elementor-element-d98425c elementor-widget elementor-widget-text-editor\" data-id=\"d98425c\" data-element_type=\"widget\" data-e-type=\"widget\" data-widget_type=\"text-editor.default\">\n\t\t\t\t<div class=\"elementor-widget-container\">\n\t\t\t\t\t\t\t\t\t<p><b>Wyobra\u017a sobie, \u017ce jeste\u015b w nast\u0119puj\u0105cej sytuacji<\/b>\u00a0<span style=\"font-size: 1rem;\">\u2b07\ufe0f\u2b07\ufe0f\u2b07\ufe0f<\/span><\/p><p>Prowadzisz proces rekrutacyjny na stanowisko mened\u017cerskie. Zatrudniona osoba b\u0119dzie zarz\u0105dza\u0142a grup\u0105 kilkudziesi\u0119ciu pracownik\u00f3w. Obiecuj\u0105cy kandydat przeszed\u0142 ostatni etap, ale nie zna jeszcze Twojej decyzji co do ewentualnego przedstawienia oferty.\u00a0<\/p><p>Wczoraj spotka\u0142e\u015b przyjaciela, kt\u00f3ry pracuje w innej firmie. Jest to osoba, na kt\u00f3rej zdaniu mo\u017cesz polega\u0107 i cz\u0119sto konsultujesz z ni\u0105 trudne decyzje zawodowe i prywatne. Zupe\u0142nie przypadkiem okaza\u0142o si\u0119, \u017ce Tw\u00f3j kandydat pracowa\u0142 w firmie Twojego przyjaciela. Przyjaciel poinformowa\u0142 Ci\u0119 o bardzo niepokoj\u0105cych zachowaniach kandydata, kt\u00f3re demotywowa\u0142y pracownik\u00f3w i rozbija\u0142y zesp\u00f3\u0142. W\u015br\u00f3d tych zachowa\u0144 by\u0142o nieuprzejme zwracanie si\u0119 do cz\u0142onk\u00f3w zespo\u0142u, szydzenie z b\u0142\u0119d\u00f3w innych os\u00f3b, zwracanie jednych cz\u0142onk\u00f3w zespo\u0142u przeciwko innym. Tw\u00f3j przyjaciel stanowczo odradzi\u0142 Ci zatrudnianie tej osoby.<\/p><p>W trakcie procesu rekrutacyjnego kandydat nie sprawia\u0142 wra\u017cenia osoby, kt\u00f3ra mog\u0142aby przejawia\u0107 takie zachowania. Podczas rozm\u00f3w m\u00f3wi\u0142 o znakomitych umiej\u0119tno\u015bciach zarz\u0105dzania zespo\u0142em i \u015bwietnych wynikach. Wydawa\u0142 si\u0119 wiarygodny.<\/p><p>Przepisy prawa m\u00f3wi\u0105 o tym, \u017ce proces rekrutacyjny musi by\u0107 oparty o informacje przekazane przez kandydata. Je\u015bli kandydat nie wyrazi\u0142 zgody na kontakt z poprzednim miejscem pracy, to pracodawca nie ma prawa tego robi\u0107 i nie mo\u017ce w procesie rekrutacyjnym wykorzystywa\u0107 informacji pozyskanych w ten spos\u00f3b. Co robisz? Odpowiedz, wybieraj\u0105c jedn\u0105 z trzech opcji w poni\u017cszej ankiecie.<\/p><p><strong>Co robisz?<\/strong>\u00a0<\/p><p>Zatrudniasz kandydata i \u015bwiadomie nara\u017casz firm\u0119 i zesp\u00f3\u0142 na szkodliwe zachowanie mened\u017cera? Odrzucasz kandydata?<\/p><p><strong>A. Odrzucam<\/strong><\/p><p><strong>B. Zatrudniam<\/strong><\/p><p><strong>C. Nie wiem, musz\u0119 to przemy\u015ble\u0107.<\/strong><\/p><p>Ps. Powy\u017cszy przypadek pojawi\u0142 si\u0119 podczas webinaru, kt\u00f3ry prowadzi\u0142em w 23 czerwca na temat prawnych aspekt\u00f3w weryfikacji historii zatrudnienia kandydat\u00f3w. Inspektor ochrony danych osobowych, kt\u00f3ry uczestniczy\u0142 w webinarze w roli eksperta, potwierdzi\u0142, \u017ce nie mo\u017cna podejmowa\u0107 decyzji rekrutacyjnych na podstawie informacji pozyskanych z poprzednich miejsc pracy bez zgody kandydata.<\/p><p><strong>Wed\u0142ug raportu Linkedin ankieta dotar\u0142a przede wszystkim do<\/strong> (stanowisko i liczba os\u00f3b):<\/p><div><ol><li><label>Recruitment Specialist\u00a0\u00a0191<\/label><\/li><li><span style=\"font-size: 16px;\">Human Resources Business Partner <\/span><span style=\"font-size: 16px;\">\u00a0186<\/span><\/li><li><span style=\"font-size: 16px;\">Human Resources Manager <\/span><span style=\"font-size: 16px;\">\u00a0163<\/span><\/li><li><span style=\"font-size: 16px;\">Chief Executive Officer <\/span><span style=\"font-size: 16px;\">\u00a0148<\/span><\/li><li><span style=\"font-size: 16px;\">Recruiter <\/span><span style=\"font-size: 16px;\">\u00a0136<\/span><\/li><li><span style=\"font-size: 16px;\">Human Resources Specialist <\/span><span style=\"font-size: 16px;\">\u00a0129<\/span><\/li><li><span style=\"font-size: 16px;\">Owner <\/span><span style=\"font-size: 16px;\">\u00a0113<\/span><\/li><li><span style=\"font-size: 16px;\">Talent Acquisition Specialist <\/span><span style=\"font-size: 16px;\">\u00a090<\/span><\/li><\/ol><\/div><p><b>Odpowied\u017a udzieli\u0142o 199 os\u00f3b<\/b><\/p><h5 style=\"text-align: left;\"><span style=\"text-decoration: underline;\"><strong><span style=\"color: #000080; text-decoration: underline;\">Wynik ankiety<\/span>:<\/strong><\/span><\/h5><p style=\"text-align: left;\"><strong>Odrzucam: 45%<\/strong><\/p><p style=\"text-align: left;\"><strong>Zatrudniam: 17%<\/strong><\/p><p style=\"text-align: left;\"><strong>Nie wiem, musz\u0119 to przemy\u015ble\u0107: 38%<\/strong><\/p><p style=\"text-align: left;\">Pod ankiet\u0105 pojawi\u0142a si\u0119 dyskusja na kilkadziesi\u0105t komentarzy. W dyskusji wchodzili\u015bmy w szczeg\u00f3\u0142y r\u00f3\u017cnych sytuacji. Wyja\u015bnia\u0142em r\u00f3wnie\u017c w\u0105tpliwo\u015bci kilku komentuj\u0105cych. Wszystkich zainteresowanych zach\u0119cam do lektury. Link do postu na Linkedin z ankiet\u0105:<\/p>\t\t\t\t\t\t\t\t<\/div>\n\t\t\t\t<\/div>\n\t\t\t\t<div class=\"elementor-element elementor-element-654c82e elementor-widget elementor-widget-image\" data-id=\"654c82e\" data-element_type=\"widget\" data-e-type=\"widget\" data-widget_type=\"image.default\">\n\t\t\t\t<div class=\"elementor-widget-container\">\n\t\t\t\t\t\t\t\t\t\t\t\t\t\t\t\t<a href=\"https:\/\/www.linkedin.com\/feed\/update\/urn:li:activity:6947083989484511234\/\" target=\"_blank\" rel=\"nofollow\">\n\t\t\t\t\t\t\t<img decoding=\"async\" width=\"300\" height=\"163\" src=\"https:\/\/elementapp.ai\/blog\/wp-content\/uploads\/2022\/08\/Referencje-a-RODO-wynik-ankiety-Linkedin-300x163.jpg\" class=\"attachment-medium size-medium wp-image-7182\" alt=\"Referencje a RODO - wynik ankiety Linkedin\" srcset=\"https:\/\/elementapp.ai\/blog\/wp-content\/uploads\/2022\/08\/Referencje-a-RODO-wynik-ankiety-Linkedin-300x163.jpg 300w, https:\/\/elementapp.ai\/blog\/wp-content\/uploads\/2022\/08\/Referencje-a-RODO-wynik-ankiety-Linkedin-768x417.jpg 768w, https:\/\/elementapp.ai\/blog\/wp-content\/uploads\/2022\/08\/Referencje-a-RODO-wynik-ankiety-Linkedin.jpg 913w\" sizes=\"(max-width: 300px) 100vw, 300px\" \/>\t\t\t\t\t\t\t\t<\/a>\n\t\t\t\t\t\t\t\t\t\t\t\t\t\t\t<\/div>\n\t\t\t\t<\/div>\n\t\t\t\t<div class=\"elementor-element elementor-element-c44fe43 elementor-widget elementor-widget-heading\" data-id=\"c44fe43\" data-element_type=\"widget\" data-e-type=\"widget\" data-widget_type=\"heading.default\">\n\t\t\t\t<div class=\"elementor-widget-container\">\n\t\t\t\t\t<h2 class=\"elementor-heading-title elementor-size-default\">Referencje kandydat\u00f3w a przepisy RODO - komentarz do wynik\u00f3w ankiety<\/h2>\t\t\t\t<\/div>\n\t\t\t\t<\/div>\n\t\t\t\t<div class=\"elementor-element elementor-element-5205e6a0 elementor-widget elementor-widget-text-editor\" data-id=\"5205e6a0\" data-element_type=\"widget\" data-e-type=\"widget\" data-widget_type=\"text-editor.default\">\n\t\t\t\t<div class=\"elementor-widget-container\">\n\t\t\t\t\t\t\t\t\t<p>Jak wida\u0107, wi\u0119kszo\u015b\u0107 os\u00f3b udzieli\u0142a odpowiedzi, kt\u00f3ra pozostaje w sprzeczno\u015bci z powszechn\u0105 interpretacj\u0105 przepis\u00f3w RODO. Przepisy stanowi\u0105 bowiem, \u017ce pozyskanie opinii o kandydacie z jego poprzedniego miejsca pracy, mo\u017ce nast\u0105pi\u0107 wy\u0142\u0105cznie za jego zgod\u0105.<\/p><p>Dodatkowo eksperci twierdz\u0105, \u017ce opinia poprzedniego pracodawcy, nawet je\u015bli pozyskana jest za zgod\u0105 kandydata, nie powinna stanowi\u0107 podstawy do podejmowania decyzji rekrutacyjnej (wi\u0119cej o tym w kolejnym artykule, kt\u00f3ry jest obecnie w przygotowaniu).<\/p><p>Dlaczego wi\u0119kszo\u015b\u0107 os\u00f3b post\u0105pi\u0142aby wbrew przepisom RODO? W mojej ocenie odpowied\u017a jest prosta &#8211; przepisy nie spe\u0142niaj\u0105 wymaga\u0144 proces\u00f3w rekrutacyjnych.<\/p><p>Wkr\u00f3tce po opublikowaniu ankiety zatelefonowa\u0142 do mnie w\u0142a\u015bciciel jednej z firm rekrutacyjnych i przytoczy\u0142 przyk\u0142ad z \u017cycia wzi\u0119ty, kt\u00f3ry przedstawiam poni\u017cej.<\/p><p>Kadra menad\u017cerska i zarz\u0105dzaj\u0105ca firm dzia\u0142aj\u0105cych w tej samej bran\u017cy pozostaje nierzadko ze sob\u0105 w kontakcie. Firmy te wiedz\u0105, czy kandydat przechodz\u0105cy z jednej firmy do drugiej, jest kandydatem atrakcyjnym. Informacje o kandydatach w\u0119druj\u0105 z firmy do firmy. Poza tym bywa te\u017c tak, \u017ce menad\u017cer pracuj\u0105cy dzi\u015b w firmie X, wcze\u015bniej pracowa\u0142 z kandydatem w firmie Y i ma ju\u017c o tym kandydacie wyrobione zdanie.<\/p><p>Zgodnie z przepisami RODO nie mo\u017cna pozyskiwa\u0107 opinii o kandydatach od innych pracodawc\u00f3w bez zgody kandydata. Powy\u017csze przypadki \u0142ami\u0105 t\u0119 regu\u0142\u0119. Wi\u0119kszo\u015b\u0107 os\u00f3b &#8211; co potwierdza wynik ankiety &#8211; nie zignoruje jednak negatywnych opinii o kandydacie, nawet je\u015bli pozyskane s\u0105 bez zgody kandydata. M\u00f3j rozm\u00f3wca wskaza\u0142, \u017ce w takich przypadkach kandydatowi podaje si\u0119 jaki\u015b inny, fikcyjny powod\u00f3w odrzucenia, np. &#8220;nie pasuje Pan do kultury organizacyjnej naszej firmy&#8221;.<\/p><p>Taki fikcyjny <span style=\"color: #0000ff;\"><a style=\"color: #0000ff;\" href=\"https:\/\/elementapp.ai\/funkcjonalnosci#:~:text=Informacje%20zwrotne%20dla%20kandydat%C3%B3w%20i%20innych%20os%C3%B3b\" target=\"_blank\" rel=\"noopener\">feedback rekrutacyjny<\/a><\/span>\u00a0jest oczywi\u015bcie niepo\u017c\u0105dany, zar\u00f3wno dla kandydata, jak i pracodawcy oraz prowadzi do patologicznej sytuacji, w kt\u00f3rej kandydaci s\u0105 ok\u0142amywani i nie otrzymuj\u0105 warto\u015bciowej dla ich rozwoju informacji.<\/p><p>W mojej ocenie to nie jest wina pracodawc\u00f3w, lecz nieprzystosowanych do rzeczywisto\u015bci przepis\u00f3w prawnych.<\/p><p><strong style=\"font-size: 16px;\">Polecam<\/strong><span style=\"font-size: 16px;\">:<\/span><\/p><ul><li><span style=\"color: #0000ff;\"><strong><a style=\"color: #0000ff;\" href=\"https:\/\/newsletter.elementapp.ai\" target=\"_blank\" rel=\"noopener\">Zapisz si\u0119<\/a><\/strong><span style=\"color: #000000;\"> do naszego newslettera i otrzymuj unikalne dane i ciekawostki <\/span><\/span><\/li><li><strong>Zobacz najcz\u0119\u015bciej czytane posty na naszym blogu<\/strong>:<ul><li><span style=\"color: #0000ff;\"><a style=\"color: #0000ff;\" href=\"https:\/\/elementapp.ai\/darmowe-ogloszenia-z-ofertami-pracy\">Bezp\u0142atne \u017ar\u00f3d\u0142a kandydat\u00f3w &#8211; najwi\u0119ksza lista w Polsce<\/a><\/span><\/li><li><a href=\"https:\/\/elementapp.ai\/blog\/facebook-jobs-znika-w-lutym-2022-co-sie-zmieni\/\"><span style=\"color: #0000ff;\">Facebook Jobs znika &#8211; zobacz co si\u0119 zmienia<\/span><\/a><\/li><li><span style=\"color: #0000ff;\"><a style=\"color: #0000ff;\" href=\"https:\/\/elementapp.ai\/blog\/jak-uniknac-ghostingu-w-rekrutacji-praktyczne-wskazowki\/\">Jak unikn\u0105\u0107 Ghostingu w rekutacji<\/a><\/span><\/li><li><span style=\"color: #0000ff;\"><a style=\"color: #0000ff;\" href=\"https:\/\/elementapp.ai\/blog\/jak-powinien-wygladac-profil-linkedin\/\" target=\"_blank\" rel=\"noopener\">Jak powinien wygl\u0105da\u0107 profil na portalu Linkedin<\/a><\/span><\/li><\/ul><\/li><\/ul>\t\t\t\t\t\t\t\t<\/div>\n\t\t\t\t<\/div>\n\t\t\t\t<div class=\"elementor-element elementor-element-52791476 elementor-author-box--image-valign-middle elementor-widget elementor-widget-author-box\" data-id=\"52791476\" data-element_type=\"widget\" data-e-type=\"widget\" data-widget_type=\"author-box.default\">\n\t\t\t\t<div class=\"elementor-widget-container\">\n\t\t\t\t\t\t\t<div class=\"elementor-author-box\">\n\t\t\t\t\t\t\t<a href=\"https:\/\/www.linkedin.com\/in\/maciejmichalewski\/\" class=\"elementor-author-box__avatar\">\n\t\t\t\t\t<img decoding=\"async\" src=\"https:\/\/elementapp.ai\/blog\/wp-content\/uploads\/2020\/01\/profile-photo.jpg\" alt=\"Picture of Maciej Michalewski\" loading=\"lazy\">\n\t\t\t\t<\/a>\n\t\t\t\n\t\t\t<div class=\"elementor-author-box__text\">\n\t\t\t\t\t\t\t\t\t<a href=\"https:\/\/www.linkedin.com\/in\/maciejmichalewski\/\">\n\t\t\t\t\t\t<h4 class=\"elementor-author-box__name\">\n\t\t\t\t\t\t\tMaciej Michalewski\t\t\t\t\t\t<\/h4>\n\t\t\t\t\t<\/a>\n\t\t\t\t\n\t\t\t\t\t\t\t\t\t<div class=\"elementor-author-box__bio\">\n\t\t\t\t\t\t<p>CEO @ Element. Recruitment Automation Software<\/p>\n\t\t\t\t\t<\/div>\n\t\t\t\t\n\t\t\t\t\t\t\t<\/div>\n\t\t<\/div>\n\t\t\t\t\t\t<\/div>\n\t\t\t\t<\/div>\n\t\t\t\t<div class=\"elementor-element elementor-element-a158d08 elementor-widget-divider--view-line elementor-widget elementor-widget-divider\" data-id=\"a158d08\" data-element_type=\"widget\" data-e-type=\"widget\" data-widget_type=\"divider.default\">\n\t\t\t\t<div class=\"elementor-widget-container\">\n\t\t\t\t\t\t\t<div class=\"elementor-divider\">\n\t\t\t<span class=\"elementor-divider-separator\">\n\t\t\t\t\t\t<\/span>\n\t\t<\/div>\n\t\t\t\t\t\t<\/div>\n\t\t\t\t<\/div>\n\t\t\t\t<div class=\"elementor-element elementor-element-47397c2e elementor-widget elementor-widget-image\" data-id=\"47397c2e\" data-element_type=\"widget\" data-e-type=\"widget\" data-widget_type=\"image.default\">\n\t\t\t\t<div class=\"elementor-widget-container\">\n\t\t\t\t\t\t\t\t\t\t\t\t\t\t\t\t<a href=\"https:\/\/elementapp.ai\/#sprawdz-demo\">\n\t\t\t\t\t\t\t<img fetchpriority=\"high\" decoding=\"async\" width=\"1200\" height=\"554\" src=\"https:\/\/elementapp.ai\/blog\/wp-content\/uploads\/2021\/12\/system-ATS-Element-CTA.png\" class=\"attachment-large size-large wp-image-6166\" alt=\"System ATS Element - poznaj bezp\u0142atnie\" srcset=\"https:\/\/elementapp.ai\/blog\/wp-content\/uploads\/2021\/12\/system-ATS-Element-CTA.png 1300w, https:\/\/elementapp.ai\/blog\/wp-content\/uploads\/2021\/12\/system-ATS-Element-CTA-300x138.png 300w, https:\/\/elementapp.ai\/blog\/wp-content\/uploads\/2021\/12\/system-ATS-Element-CTA-768x354.png 768w\" sizes=\"(max-width: 1200px) 100vw, 1200px\" \/>\t\t\t\t\t\t\t\t<\/a>\n\t\t\t\t\t\t\t\t\t\t\t\t\t\t\t<\/div>\n\t\t\t\t<\/div>\n\t\t\t\t<div class=\"elementor-element elementor-element-5016ad49 elementor-widget elementor-widget-text-editor\" data-id=\"5016ad49\" data-element_type=\"widget\" data-e-type=\"widget\" data-widget_type=\"text-editor.default\">\n\t\t\t\t<div class=\"elementor-widget-container\">\n\t\t\t\t\t\t\t\t\tNasze artyku\u0142y przeczytasz tak\u017ce na <span style=\"color: #0000ff;\"><a style=\"color: #0000ff;\" href=\"https:\/\/maciejm.medium.com\/\" rel=\"noopener nofollow\">Medium<\/a><\/span>, <a style=\"font-size: 16px; background-color: #ffffff; color: #0000ff;\" href=\"https:\/\/maciejm.substack.com\/\" rel=\"noopener nofollow\">Substack<\/a>, <a style=\"font-size: 16px; background-color: #ffffff;\" href=\"https:\/\/element.hashnode.dev\/\" rel=\"noopener nofollow\"><span style=\"color: #0000ff;\">Hashnode<\/span><\/a>, <a style=\"font-size: 16px; background-color: #ffffff; color: #0000ff;\" href=\"https:\/\/tealfeed.com\/maciej_642614\" rel=\"noopener nofollow\">Tealfeed<\/a>, <span style=\"color: #0000ff;\"><a style=\"color: #0000ff;\" href=\"https:\/\/www.polywork.com\/maciej\" rel=\"noopener nofollow\">Polywork<\/a><\/span>\t\t\t\t\t\t\t\t<\/div>\n\t\t\t\t<\/div>\n\t\t\t\t\t<\/div>\n\t\t<\/div>\n\t\t\t\t<div class=\"elementor-column elementor-col-33 elementor-top-column elementor-element elementor-element-37b02901\" data-id=\"37b02901\" data-element_type=\"column\" data-e-type=\"column\">\n\t\t\t<div class=\"elementor-widget-wrap elementor-element-populated\">\n\t\t\t\t\t\t<div class=\"elementor-element elementor-element-65a06bb1 elementor-widget elementor-widget-heading\" data-id=\"65a06bb1\" data-element_type=\"widget\" data-e-type=\"widget\" data-widget_type=\"heading.default\">\n\t\t\t\t<div class=\"elementor-widget-container\">\n\t\t\t\t\t<h3 class=\"elementor-heading-title elementor-size-default\">Ostatnie wpisy:<\/h3>\t\t\t\t<\/div>\n\t\t\t\t<\/div>\n\t\t\t\t<div class=\"elementor-element elementor-element-3231fcea elementor-grid-1 elementor-grid-tablet-1 elementor-grid-mobile-1 elementor-posts--thumbnail-top elementor-widget elementor-widget-posts\" data-id=\"3231fcea\" data-element_type=\"widget\" data-e-type=\"widget\" data-settings=\"{&quot;classic_columns&quot;:&quot;1&quot;,&quot;classic_columns_tablet&quot;:&quot;1&quot;,&quot;classic_row_gap&quot;:{&quot;unit&quot;:&quot;px&quot;,&quot;size&quot;:26,&quot;sizes&quot;:[]},&quot;classic_columns_mobile&quot;:&quot;1&quot;,&quot;classic_row_gap_tablet&quot;:{&quot;unit&quot;:&quot;px&quot;,&quot;size&quot;:&quot;&quot;,&quot;sizes&quot;:[]},&quot;classic_row_gap_mobile&quot;:{&quot;unit&quot;:&quot;px&quot;,&quot;size&quot;:&quot;&quot;,&quot;sizes&quot;:[]}}\" data-widget_type=\"posts.classic\">\n\t\t\t\t<div class=\"elementor-widget-container\">\n\t\t\t\t\t\t\t<div class=\"elementor-posts-container elementor-posts elementor-posts--skin-classic elementor-grid\" role=\"list\">\n\t\t\t\t<article class=\"elementor-post elementor-grid-item post-14172 post type-post status-publish format-standard has-post-thumbnail hentry category-blog-posts tag-grant-thornton tag-hr-owiec-na-rynku-pracy tag-raport-hr tag-rekrutacja-hr tag-rynek-pracy-hr\" role=\"listitem\">\n\t\t\t\t<a class=\"elementor-post__thumbnail__link\" href=\"https:\/\/elementapp.ai\/blog\/hr-owiec-na-rynku-pracy-2026-vii-edycja-raportu\/\" tabindex=\"-1\" >\n\t\t\t<div class=\"elementor-post__thumbnail\"><img decoding=\"async\" width=\"300\" height=\"158\" src=\"https:\/\/elementapp.ai\/blog\/wp-content\/uploads\/2026\/04\/hr-owiec-na-rynku-pracy-2026-vii-edycja-300x158.jpg\" class=\"attachment-medium size-medium wp-image-14170\" alt=\"HR-owiec na rynku pracy 2026 \u2014 VII edycja raportu Grant Thornton i Element\" srcset=\"https:\/\/elementapp.ai\/blog\/wp-content\/uploads\/2026\/04\/hr-owiec-na-rynku-pracy-2026-vii-edycja-300x158.jpg 300w, https:\/\/elementapp.ai\/blog\/wp-content\/uploads\/2026\/04\/hr-owiec-na-rynku-pracy-2026-vii-edycja-768x403.jpg 768w, https:\/\/elementapp.ai\/blog\/wp-content\/uploads\/2026\/04\/hr-owiec-na-rynku-pracy-2026-vii-edycja.jpg 1200w\" sizes=\"(max-width: 300px) 100vw, 300px\" \/><\/div>\n\t\t<\/a>\n\t\t\t\t<div class=\"elementor-post__text\">\n\t\t\t\t<h3 class=\"elementor-post__title\">\n\t\t\t<a href=\"https:\/\/elementapp.ai\/blog\/hr-owiec-na-rynku-pracy-2026-vii-edycja-raportu\/\" >\n\t\t\t\tHR-owiec na rynku pracy 2026 \u2014 pobierz VII edycj\u0119 raportu\t\t\t<\/a>\n\t\t<\/h3>\n\t\t\t\t<div class=\"elementor-post__meta-data\">\n\t\t\t\t\t<span class=\"elementor-post-author\">\n\t\t\tMaciej Michalewski\t\t<\/span>\n\t\t\t\t<span class=\"elementor-post-date\">\n\t\t\t28 kwietnia 2026\t\t<\/span>\n\t\t\t\t<\/div>\n\t\t\t\t<div class=\"elementor-post__excerpt\">\n\t\t\t<p>VII edycja raportu \u201eHR-owiec na rynku pracy&#8221;: 72 508 ofert HR w 2025 roku, +55% dla rekruter\u00f3w IT, pensje HRBP i dyrektora HR. Pobierz bezp\u0142atnie.<\/p>\n\t\t<\/div>\n\t\t\n\t\t<a class=\"elementor-post__read-more\" href=\"https:\/\/elementapp.ai\/blog\/hr-owiec-na-rynku-pracy-2026-vii-edycja-raportu\/\" aria-label=\"Read more about HR-owiec na rynku pracy 2026 \u2014 pobierz VII edycj\u0119 raportu\" tabindex=\"-1\" >\n\t\t\tCzytaj wi\u0119cej \u00bb\t\t<\/a>\n\n\t\t\t\t<\/div>\n\t\t\t\t<\/article>\n\t\t\t\t<article class=\"elementor-post elementor-grid-item post-14158 post type-post status-publish format-standard has-post-thumbnail hentry category-blog-posts tag-agenci-ai tag-ai-w-enterprise tag-aron-levie tag-change-management tag-headless-software tag-transformacja-cyfrowa\" role=\"listitem\">\n\t\t\t\t<a class=\"elementor-post__thumbnail__link\" href=\"https:\/\/elementapp.ai\/blog\/agenci-ai-nie-zmienia-firm-ktore-nie-zmienia-sie-same\/\" tabindex=\"-1\" >\n\t\t\t<div class=\"elementor-post__thumbnail\"><img loading=\"lazy\" decoding=\"async\" width=\"300\" height=\"158\" src=\"https:\/\/elementapp.ai\/blog\/wp-content\/uploads\/2026\/04\/social-agenci-ai-enterprise-levie-v2-300x158.png\" class=\"attachment-medium size-medium wp-image-14164\" alt=\"\" srcset=\"https:\/\/elementapp.ai\/blog\/wp-content\/uploads\/2026\/04\/social-agenci-ai-enterprise-levie-v2-300x158.png 300w, https:\/\/elementapp.ai\/blog\/wp-content\/uploads\/2026\/04\/social-agenci-ai-enterprise-levie-v2-768x403.png 768w, https:\/\/elementapp.ai\/blog\/wp-content\/uploads\/2026\/04\/social-agenci-ai-enterprise-levie-v2.png 1200w\" sizes=\"(max-width: 300px) 100vw, 300px\" \/><\/div>\n\t\t<\/a>\n\t\t\t\t<div class=\"elementor-post__text\">\n\t\t\t\t<h3 class=\"elementor-post__title\">\n\t\t\t<a href=\"https:\/\/elementapp.ai\/blog\/agenci-ai-nie-zmienia-firm-ktore-nie-zmienia-sie-same\/\" >\n\t\t\t\tAgenci AI nie zmieni\u0105 firm, kt\u00f3re nie zmieni\u0105 si\u0119 same\t\t\t<\/a>\n\t\t<\/h3>\n\t\t\t\t<div class=\"elementor-post__meta-data\">\n\t\t\t\t\t<span class=\"elementor-post-author\">\n\t\t\tMaciej Michalewski\t\t<\/span>\n\t\t\t\t<span class=\"elementor-post-date\">\n\t\t\t13 kwietnia 2026\t\t<\/span>\n\t\t\t\t<\/div>\n\t\t\t\t<div class=\"elementor-post__excerpt\">\n\t\t\t<p>Aron Levie, CEO Box, spotka\u0142 si\u0119 z kilkudziesi\u0119cioma liderami IT i AI z du\u017cych przedsi\u0119biorstw. Jego obserwacje o agentach AI w enterprise potwierdzaj\u0105 trendy, kt\u00f3re widz\u0119 w codziennej pracy z firmami wdra\u017caj\u0105cymi AI.<\/p>\n\t\t<\/div>\n\t\t\n\t\t<a class=\"elementor-post__read-more\" href=\"https:\/\/elementapp.ai\/blog\/agenci-ai-nie-zmienia-firm-ktore-nie-zmienia-sie-same\/\" aria-label=\"Read more about Agenci AI nie zmieni\u0105 firm, kt\u00f3re nie zmieni\u0105 si\u0119 same\" tabindex=\"-1\" >\n\t\t\tCzytaj wi\u0119cej \u00bb\t\t<\/a>\n\n\t\t\t\t<\/div>\n\t\t\t\t<\/article>\n\t\t\t\t<article class=\"elementor-post elementor-grid-item post-14134 post type-post status-publish format-standard has-post-thumbnail hentry category-blog-posts\" role=\"listitem\">\n\t\t\t\t<a class=\"elementor-post__thumbnail__link\" href=\"https:\/\/elementapp.ai\/blog\/gallup-2026-zaangazowanie-pracownikow-menedzerowie-ai\/\" tabindex=\"-1\" >\n\t\t\t<div class=\"elementor-post__thumbnail\"><img loading=\"lazy\" decoding=\"async\" width=\"300\" height=\"164\" src=\"https:\/\/elementapp.ai\/blog\/wp-content\/uploads\/2026\/04\/hero-gallup-2026-v3-300x164.jpg\" class=\"attachment-medium size-medium wp-image-14138\" alt=\"\" srcset=\"https:\/\/elementapp.ai\/blog\/wp-content\/uploads\/2026\/04\/hero-gallup-2026-v3-300x164.jpg 300w, https:\/\/elementapp.ai\/blog\/wp-content\/uploads\/2026\/04\/hero-gallup-2026-v3-768x419.jpg 768w, https:\/\/elementapp.ai\/blog\/wp-content\/uploads\/2026\/04\/hero-gallup-2026-v3-1536x837.jpg 1536w, https:\/\/elementapp.ai\/blog\/wp-content\/uploads\/2026\/04\/hero-gallup-2026-v3.jpg 1600w\" sizes=\"(max-width: 300px) 100vw, 300px\" \/><\/div>\n\t\t<\/a>\n\t\t\t\t<div class=\"elementor-post__text\">\n\t\t\t\t<h3 class=\"elementor-post__title\">\n\t\t\t<a href=\"https:\/\/elementapp.ai\/blog\/gallup-2026-zaangazowanie-pracownikow-menedzerowie-ai\/\" >\n\t\t\t\tGallup 2026: \u015bwiat pracy si\u0119 sypie, a mened\u017cerowie trac\u0105 zapa\u0142 szybciej ni\u017c reszta\t\t\t<\/a>\n\t\t<\/h3>\n\t\t\t\t<div class=\"elementor-post__meta-data\">\n\t\t\t\t\t<span class=\"elementor-post-author\">\n\t\t\tMaciej Michalewski\t\t<\/span>\n\t\t\t\t<span class=\"elementor-post-date\">\n\t\t\t8 kwietnia 2026\t\t<\/span>\n\t\t\t\t<\/div>\n\t\t\t\t<div class=\"elementor-post__excerpt\">\n\t\t\t<p>Raport Gallup State of the Global Workplace 2026 pokazuje, \u017ce globalne zaanga\u017cowanie spad\u0142o do 20%, a mened\u017cerowie trac\u0105 zapa\u0142 szybciej ni\u017c ich zespo\u0142y. Paradoks AI: indywidualna produktywno\u015b\u0107 ro\u015bnie, organizacyjna nie.<\/p>\n\t\t<\/div>\n\t\t\n\t\t<a class=\"elementor-post__read-more\" href=\"https:\/\/elementapp.ai\/blog\/gallup-2026-zaangazowanie-pracownikow-menedzerowie-ai\/\" aria-label=\"Read more about Gallup 2026: \u015bwiat pracy si\u0119 sypie, a mened\u017cerowie trac\u0105 zapa\u0142 szybciej ni\u017c reszta\" tabindex=\"-1\" >\n\t\t\tCzytaj wi\u0119cej \u00bb\t\t<\/a>\n\n\t\t\t\t<\/div>\n\t\t\t\t<\/article>\n\t\t\t\t<article class=\"elementor-post elementor-grid-item post-14119 post type-post status-publish format-standard has-post-thumbnail hentry category-blog-posts\" role=\"listitem\">\n\t\t\t\t<a class=\"elementor-post__thumbnail__link\" href=\"https:\/\/elementapp.ai\/blog\/wielka-reorganizacja-firmy-przebudowuja-sie-woko-ai\/\" tabindex=\"-1\" >\n\t\t\t<div class=\"elementor-post__thumbnail\"><img loading=\"lazy\" decoding=\"async\" width=\"300\" height=\"158\" src=\"https:\/\/elementapp.ai\/blog\/wp-content\/uploads\/2026\/04\/hero-wielka-reorganizacja-v2-300x158.jpg\" class=\"attachment-medium size-medium wp-image-14127\" alt=\"\" srcset=\"https:\/\/elementapp.ai\/blog\/wp-content\/uploads\/2026\/04\/hero-wielka-reorganizacja-v2-300x158.jpg 300w, https:\/\/elementapp.ai\/blog\/wp-content\/uploads\/2026\/04\/hero-wielka-reorganizacja-v2-768x403.jpg 768w, https:\/\/elementapp.ai\/blog\/wp-content\/uploads\/2026\/04\/hero-wielka-reorganizacja-v2.jpg 1200w\" sizes=\"(max-width: 300px) 100vw, 300px\" \/><\/div>\n\t\t<\/a>\n\t\t\t\t<div class=\"elementor-post__text\">\n\t\t\t\t<h3 class=\"elementor-post__title\">\n\t\t\t<a href=\"https:\/\/elementapp.ai\/blog\/wielka-reorganizacja-firmy-przebudowuja-sie-woko-ai\/\" >\n\t\t\t\tWielka reorganizacja: firmy przebudowuj\u0105 si\u0119 wok\u00f3\u0142 AI\t\t\t<\/a>\n\t\t<\/h3>\n\t\t\t\t<div class=\"elementor-post__meta-data\">\n\t\t\t\t\t<span class=\"elementor-post-author\">\n\t\t\tMaciej Michalewski\t\t<\/span>\n\t\t\t\t<span class=\"elementor-post-date\">\n\t\t\t1 kwietnia 2026\t\t<\/span>\n\t\t\t\t<\/div>\n\t\t\t\t<div class=\"elementor-post__excerpt\">\n\t\t\t<p>Foundation Capital zbada\u0142o 25 firm i odkry\u0142o, \u017ce AI zmienia nie tylko narz\u0119dzia, ale ca\u0142\u0105 struktur\u0119 organizacji. Cztery role pozostan\u0105 ludzkie.<\/p>\n\t\t<\/div>\n\t\t\n\t\t<a class=\"elementor-post__read-more\" href=\"https:\/\/elementapp.ai\/blog\/wielka-reorganizacja-firmy-przebudowuja-sie-woko-ai\/\" aria-label=\"Read more about Wielka reorganizacja: firmy przebudowuj\u0105 si\u0119 wok\u00f3\u0142 AI\" tabindex=\"-1\" >\n\t\t\tCzytaj wi\u0119cej \u00bb\t\t<\/a>\n\n\t\t\t\t<\/div>\n\t\t\t\t<\/article>\n\t\t\t\t<article class=\"elementor-post elementor-grid-item post-14110 post type-post status-publish format-standard has-post-thumbnail hentry category-blog-posts\" role=\"listitem\">\n\t\t\t\t<a class=\"elementor-post__thumbnail__link\" href=\"https:\/\/elementapp.ai\/blog\/social-media-polaryzuja-ai-depolaryzuje\/\" tabindex=\"-1\" >\n\t\t\t<div class=\"elementor-post__thumbnail\"><img loading=\"lazy\" decoding=\"async\" width=\"300\" height=\"158\" src=\"https:\/\/elementapp.ai\/blog\/wp-content\/uploads\/2026\/03\/hero_polaryzacja-300x158.jpg\" class=\"attachment-medium size-medium wp-image-14102\" alt=\"\" srcset=\"https:\/\/elementapp.ai\/blog\/wp-content\/uploads\/2026\/03\/hero_polaryzacja-300x158.jpg 300w, https:\/\/elementapp.ai\/blog\/wp-content\/uploads\/2026\/03\/hero_polaryzacja-768x403.jpg 768w, https:\/\/elementapp.ai\/blog\/wp-content\/uploads\/2026\/03\/hero_polaryzacja.jpg 1200w\" sizes=\"(max-width: 300px) 100vw, 300px\" \/><\/div>\n\t\t<\/a>\n\t\t\t\t<div class=\"elementor-post__text\">\n\t\t\t\t<h3 class=\"elementor-post__title\">\n\t\t\t<a href=\"https:\/\/elementapp.ai\/blog\/social-media-polaryzuja-ai-depolaryzuje\/\" >\n\t\t\t\tSocial Media polaryzuj\u0105. AI depolaryzuje?\t\t\t<\/a>\n\t\t<\/h3>\n\t\t\t\t<div class=\"elementor-post__meta-data\">\n\t\t\t\t\t<span class=\"elementor-post-author\">\n\t\t\tMaciej Michalewski\t\t<\/span>\n\t\t\t\t<span class=\"elementor-post-date\">\n\t\t\t30 marca 2026\t\t<\/span>\n\t\t\t\t<\/div>\n\t\t\t\t<div class=\"elementor-post__excerpt\">\n\t\t\t<p>Social Media polaryzuj\u0105. AI depolaryzuje? Wprowadzenie Niedawno chwali\u0142em Groka za fakt, \u017ce najmniej halucynuje i jest najmniej politycznie poprawny. Teraz mamy kolejne dane, kt\u00f3re uzupe\u0142niaj\u0105<\/p>\n\t\t<\/div>\n\t\t\n\t\t<a class=\"elementor-post__read-more\" href=\"https:\/\/elementapp.ai\/blog\/social-media-polaryzuja-ai-depolaryzuje\/\" aria-label=\"Read more about Social Media polaryzuj\u0105. AI depolaryzuje?\" tabindex=\"-1\" >\n\t\t\tCzytaj wi\u0119cej \u00bb\t\t<\/a>\n\n\t\t\t\t<\/div>\n\t\t\t\t<\/article>\n\t\t\t\t<article class=\"elementor-post elementor-grid-item post-14094 post type-post status-publish format-standard has-post-thumbnail hentry category-blog-posts\" role=\"listitem\">\n\t\t\t\t<a class=\"elementor-post__thumbnail__link\" href=\"https:\/\/elementapp.ai\/blog\/automatyzacja-prac-fizycznych-physical-intelligence\/\" tabindex=\"-1\" >\n\t\t\t<div class=\"elementor-post__thumbnail\"><img loading=\"lazy\" decoding=\"async\" width=\"300\" height=\"158\" src=\"https:\/\/elementapp.ai\/blog\/wp-content\/uploads\/2026\/03\/hero_physical_ai-1-300x158.jpg\" class=\"attachment-medium size-medium wp-image-14096\" alt=\"\" srcset=\"https:\/\/elementapp.ai\/blog\/wp-content\/uploads\/2026\/03\/hero_physical_ai-1-300x158.jpg 300w, https:\/\/elementapp.ai\/blog\/wp-content\/uploads\/2026\/03\/hero_physical_ai-1-768x403.jpg 768w, https:\/\/elementapp.ai\/blog\/wp-content\/uploads\/2026\/03\/hero_physical_ai-1.jpg 1200w\" sizes=\"(max-width: 300px) 100vw, 300px\" \/><\/div>\n\t\t<\/a>\n\t\t\t\t<div class=\"elementor-post__text\">\n\t\t\t\t<h3 class=\"elementor-post__title\">\n\t\t\t<a href=\"https:\/\/elementapp.ai\/blog\/automatyzacja-prac-fizycznych-physical-intelligence\/\" >\n\t\t\t\tRobot z polskim rodowodem, kt\u00f3ry wkr\u0119ca \u015bruby szybciej od cz\u0142owieka\t\t\t<\/a>\n\t\t<\/h3>\n\t\t\t\t<div class=\"elementor-post__meta-data\">\n\t\t\t\t\t<span class=\"elementor-post-author\">\n\t\t\tMaciej Michalewski\t\t<\/span>\n\t\t\t\t<span class=\"elementor-post-date\">\n\t\t\t24 marca 2026\t\t<\/span>\n\t\t\t\t<\/div>\n\t\t\t\t<div class=\"elementor-post__excerpt\">\n\t\t\t<p>Robot z polskim rodowodem, kt\u00f3ry wkr\u0119ca \u015bruby szybciej od cz\u0142owieka Kiedy m\u00f3wimy o automatyzacji, wi\u0119kszo\u015b\u0107 ludzi my\u015bli o chatbotach, generatorach obraz\u00f3w i asystentach programowania. Tymczasem<\/p>\n\t\t<\/div>\n\t\t\n\t\t<a class=\"elementor-post__read-more\" href=\"https:\/\/elementapp.ai\/blog\/automatyzacja-prac-fizycznych-physical-intelligence\/\" aria-label=\"Read more about Robot z polskim rodowodem, kt\u00f3ry wkr\u0119ca \u015bruby szybciej od cz\u0142owieka\" tabindex=\"-1\" >\n\t\t\tCzytaj wi\u0119cej \u00bb\t\t<\/a>\n\n\t\t\t\t<\/div>\n\t\t\t\t<\/article>\n\t\t\t\t<\/div>\n\t\t\n\t\t\t\t\t\t<\/div>\n\t\t\t\t<\/div>\n\t\t\t\t\t<\/div>\n\t\t<\/div>\n\t\t\t\t\t<\/div>\n\t\t<\/section>\n\t\t\t\t<\/div>\n\t\t","protected":false},"excerpt":{"rendered":"<p>Interesuj\u0105cy i wiele m\u00f3wi\u0105cy wynik ankiety, dotycz\u0105cej post\u0119powania w przypadku pozyskania opinii o kandydacie w spos\u00f3b niezgodny z przepisami RODO.<\/p>\n","protected":false},"author":1,"featured_media":0,"comment_status":"open","ping_status":"open","sticky":false,"template":"","format":"standard","meta":{"_acf_changed":false,"_yoast_wpseo_focuskw":"","_yoast_wpseo_title":"%%title%% %%page%%","_yoast_wpseo_metadesc":"Interesuj\u0105cy i wiele m\u00f3wi\u0105cy wynik ankiety, dotycz\u0105cej post\u0119powania w przypadku pozyskania opinii o kandydacie w spos\u00f3b niezgodny z przepisami RODO.","_yoast_wpseo_opengraph-title":"","_yoast_wpseo_opengraph-description":"","_yoast_wpseo_opengraph-image":"https:\/\/elementapp.ai\/blog\/wp-content\/uploads\/2022\/08\/Referencje-a-RODO-wynik-ankiety-Linkedin-1.jpg","_yoast_wpseo_opengraph-image-id":7200,"_yoast_wpseo_twitter-title":"","_yoast_wpseo_twitter-description":"","_yoast_wpseo_twitter-image":"","_yoast_wpseo_twitter-image-id":0,"inline_featured_image":false,"site-sidebar-layout":"default","site-content-layout":"default","ast-global-header-display":"","ast-main-header-display":"","ast-hfb-above-header-display":"","ast-hfb-below-header-display":"","ast-hfb-mobile-header-display":"","site-post-title":"","ast-breadcrumbs-content":"","ast-featured-img":"","footer-sml-layout":"","theme-transparent-header-meta":"","adv-header-id-meta":"","stick-header-meta":"","header-above-stick-meta":"","header-main-stick-meta":"","header-below-stick-meta":"","footnotes":""},"categories":[2],"tags":[1620,1619,1618,277,1617],"class_list":["post-7180","post","type-post","status-publish","format-standard","hentry","category-blog-posts","tag-ankieta","tag-prawo","tag-referencje","tag-rekrutacja","tag-rodo"],"acf":[],"yoast_head":"<!-- This site is optimized with the Yoast SEO Premium plugin v27.4 (Yoast SEO v27.4) - https:\/\/yoast.com\/product\/yoast-seo-premium-wordpress\/ -->\n<title>Referencje kandydat\u00f3w a RODO - wynik ankiety na portalu Linkedin<\/title>\n<meta name=\"description\" content=\"Interesuj\u0105cy i wiele m\u00f3wi\u0105cy wynik ankiety, dotycz\u0105cej post\u0119powania w przypadku pozyskania opinii o kandydacie w spos\u00f3b niezgodny z przepisami RODO.\" \/>\n<meta name=\"robots\" content=\"index, follow, max-snippet:-1, max-image-preview:large, max-video-preview:-1\" \/>\n<link rel=\"canonical\" href=\"https:\/\/elementapp.ai\/blog\/rodo-w-rekrutacji-sourcing-i-direct-search-wszystko-co-musisz-wiedziec\/\" \/>\n<meta property=\"og:locale\" content=\"pl_PL\" \/>\n<meta property=\"og:type\" content=\"article\" \/>\n<meta property=\"og:title\" content=\"Referencje kandydat\u00f3w a RODO - wynik ankiety na portalu Linkedin\" \/>\n<meta property=\"og:description\" content=\"Interesuj\u0105cy i wiele m\u00f3wi\u0105cy wynik ankiety, dotycz\u0105cej post\u0119powania w przypadku pozyskania opinii o kandydacie w spos\u00f3b niezgodny z przepisami RODO.\" \/>\n<meta property=\"og:url\" content=\"https:\/\/elementapp.ai\/blog\/rodo-w-rekrutacji-sourcing-i-direct-search-wszystko-co-musisz-wiedziec\/\" \/>\n<meta property=\"og:site_name\" content=\"Element&#039;s Blog - nowo\u015bci ze \u015bwiata rekrutacji, HR Tech i Element\" \/>\n<meta property=\"article:publisher\" content=\"https:\/\/www.facebook.com\/elementappats\" \/>\n<meta property=\"article:author\" content=\"https:\/\/www.facebook.com\/elementappats\/\" \/>\n<meta property=\"article:published_time\" content=\"2022-08-22T16:43:16+00:00\" \/>\n<meta property=\"article:modified_time\" content=\"2026-03-01T09:10:48+00:00\" \/>\n<meta property=\"og:image\" content=\"https:\/\/elementapp.ai\/blog\/wp-content\/uploads\/2022\/08\/Referencje-a-RODO-wynik-ankiety-Linkedin-1.jpg\" \/>\n\t<meta property=\"og:image:width\" content=\"1200\" \/>\n\t<meta property=\"og:image:height\" content=\"627\" \/>\n\t<meta property=\"og:image:type\" content=\"image\/jpeg\" \/>\n<meta name=\"author\" content=\"Maciej Michalewski\" \/>\n<meta name=\"twitter:card\" content=\"summary_large_image\" \/>\n<meta name=\"twitter:label1\" content=\"Napisane przez\" \/>\n\t<meta name=\"twitter:data1\" content=\"Maciej Michalewski\" \/>\n\t<meta name=\"twitter:label2\" content=\"Szacowany czas czytania\" \/>\n\t<meta name=\"twitter:data2\" content=\"5 minut\" \/>\n<!-- \/ Yoast SEO Premium plugin. -->","yoast_head_json":{"title":"Referencje kandydat\u00f3w a RODO - wynik ankiety na portalu Linkedin","description":"Interesuj\u0105cy i wiele m\u00f3wi\u0105cy wynik ankiety, dotycz\u0105cej post\u0119powania w przypadku pozyskania opinii o kandydacie w spos\u00f3b niezgodny z przepisami RODO.","robots":{"index":"index","follow":"follow","max-snippet":"max-snippet:-1","max-image-preview":"max-image-preview:large","max-video-preview":"max-video-preview:-1"},"canonical":"https:\/\/elementapp.ai\/blog\/rodo-w-rekrutacji-sourcing-i-direct-search-wszystko-co-musisz-wiedziec\/","og_locale":"pl_PL","og_type":"article","og_title":"Referencje kandydat\u00f3w a RODO - wynik ankiety na portalu Linkedin","og_description":"Interesuj\u0105cy i wiele m\u00f3wi\u0105cy wynik ankiety, dotycz\u0105cej post\u0119powania w przypadku pozyskania opinii o kandydacie w spos\u00f3b niezgodny z przepisami RODO.","og_url":"https:\/\/elementapp.ai\/blog\/rodo-w-rekrutacji-sourcing-i-direct-search-wszystko-co-musisz-wiedziec\/","og_site_name":"Element&#039;s Blog - nowo\u015bci ze \u015bwiata rekrutacji, HR Tech i Element","article_publisher":"https:\/\/www.facebook.com\/elementappats","article_author":"https:\/\/www.facebook.com\/elementappats\/","article_published_time":"2022-08-22T16:43:16+00:00","article_modified_time":"2026-03-01T09:10:48+00:00","og_image":[{"width":1200,"height":627,"url":"https:\/\/elementapp.ai\/blog\/wp-content\/uploads\/2022\/08\/Referencje-a-RODO-wynik-ankiety-Linkedin-1.jpg","type":"image\/jpeg"}],"author":"Maciej Michalewski","twitter_card":"summary_large_image","twitter_misc":{"Napisane przez":"Maciej Michalewski","Szacowany czas czytania":"5 minut"},"schema":{"@context":"https:\/\/schema.org","@graph":[{"@type":"Article","@id":"https:\/\/elementapp.ai\/blog\/rodo-w-rekrutacji-sourcing-i-direct-search-wszystko-co-musisz-wiedziec\/#article","isPartOf":{"@id":"https:\/\/elementapp.ai\/blog\/referencje-kandydatow-a-rodo-wynik-ankiety-na-portalu-linkedin\/"},"author":{"name":"Maciej Michalewski","@id":"https:\/\/elementapp.ai\/blog\/#\/schema\/person\/02f4e59e019634b9e2fb09c00bf93f1e"},"headline":"Referencje kandydat\u00f3w a RODO &#8211; wynik ankiety na portalu Linkedin","datePublished":"2022-08-22T16:43:16+00:00","dateModified":"2026-03-01T09:10:48+00:00","mainEntityOfPage":{"@id":"https:\/\/elementapp.ai\/blog\/referencje-kandydatow-a-rodo-wynik-ankiety-na-portalu-linkedin\/"},"wordCount":951,"commentCount":0,"publisher":{"@id":"https:\/\/elementapp.ai\/blog\/#organization"},"image":{"@id":"https:\/\/elementapp.ai\/blog\/rodo-w-rekrutacji-sourcing-i-direct-search-wszystko-co-musisz-wiedziec\/#primaryimage"},"thumbnailUrl":"https:\/\/elementapp.ai\/blog\/wp-content\/uploads\/2022\/08\/Referencje-a-RODO-wynik-ankiety-Linkedin-300x163.jpg","keywords":["ankieta","prawo","referencje","rekrutacja","rodo"],"articleSection":["Blog-posts"],"inLanguage":"pl-PL","potentialAction":[{"@type":"CommentAction","name":"Comment","target":["https:\/\/elementapp.ai\/blog\/rodo-w-rekrutacji-sourcing-i-direct-search-wszystko-co-musisz-wiedziec\/#respond"]}]},{"@type":"WebPage","@id":"https:\/\/elementapp.ai\/blog\/referencje-kandydatow-a-rodo-wynik-ankiety-na-portalu-linkedin\/","url":"https:\/\/elementapp.ai\/blog\/rodo-w-rekrutacji-sourcing-i-direct-search-wszystko-co-musisz-wiedziec\/","name":"Referencje kandydat\u00f3w a RODO - wynik ankiety na portalu Linkedin","isPartOf":{"@id":"https:\/\/elementapp.ai\/blog\/#website"},"primaryImageOfPage":{"@id":"https:\/\/elementapp.ai\/blog\/rodo-w-rekrutacji-sourcing-i-direct-search-wszystko-co-musisz-wiedziec\/#primaryimage"},"image":{"@id":"https:\/\/elementapp.ai\/blog\/rodo-w-rekrutacji-sourcing-i-direct-search-wszystko-co-musisz-wiedziec\/#primaryimage"},"thumbnailUrl":"https:\/\/elementapp.ai\/blog\/wp-content\/uploads\/2022\/08\/Referencje-a-RODO-wynik-ankiety-Linkedin-300x163.jpg","datePublished":"2022-08-22T16:43:16+00:00","dateModified":"2026-03-01T09:10:48+00:00","description":"Interesuj\u0105cy i wiele m\u00f3wi\u0105cy wynik ankiety, dotycz\u0105cej post\u0119powania w przypadku pozyskania opinii o kandydacie w spos\u00f3b niezgodny z przepisami RODO.","breadcrumb":{"@id":"https:\/\/elementapp.ai\/blog\/rodo-w-rekrutacji-sourcing-i-direct-search-wszystko-co-musisz-wiedziec\/#breadcrumb"},"inLanguage":"pl-PL","potentialAction":[{"@type":"ReadAction","target":["https:\/\/elementapp.ai\/blog\/rodo-w-rekrutacji-sourcing-i-direct-search-wszystko-co-musisz-wiedziec\/"]}]},{"@type":"ImageObject","inLanguage":"pl-PL","@id":"https:\/\/elementapp.ai\/blog\/rodo-w-rekrutacji-sourcing-i-direct-search-wszystko-co-musisz-wiedziec\/#primaryimage","url":"https:\/\/elementapp.ai\/blog\/wp-content\/uploads\/2022\/08\/Referencje-a-RODO-wynik-ankiety-Linkedin.jpg","contentUrl":"https:\/\/elementapp.ai\/blog\/wp-content\/uploads\/2022\/08\/Referencje-a-RODO-wynik-ankiety-Linkedin.jpg","width":913,"height":496,"caption":"Referencje a RODO - wynik ankiety Linkedin"},{"@type":"BreadcrumbList","@id":"https:\/\/elementapp.ai\/blog\/rodo-w-rekrutacji-sourcing-i-direct-search-wszystko-co-musisz-wiedziec\/#breadcrumb","itemListElement":[{"@type":"ListItem","position":1,"name":"Strona g\u0142\u00f3wna","item":"https:\/\/elementapp.ai\/blog\/"},{"@type":"ListItem","position":2,"name":"Referencje kandydat\u00f3w a RODO &#8211; wynik ankiety na portalu Linkedin"}]},{"@type":"WebSite","@id":"https:\/\/elementapp.ai\/blog\/#website","url":"https:\/\/elementapp.ai\/blog\/","name":"Element's Blog - nowo\u015bci ze \u015bwiata rekrutacji, HR Tech i Element","description":"Najciekawsze informacje ze \u015bwiata rekrutacji, rynku pracy, technologii rekrutacyjnych oraz systemu rekrutacyjnego Element","publisher":{"@id":"https:\/\/elementapp.ai\/blog\/#organization"},"potentialAction":[{"@type":"SearchAction","target":{"@type":"EntryPoint","urlTemplate":"https:\/\/elementapp.ai\/blog\/?s={search_term_string}"},"query-input":{"@type":"PropertyValueSpecification","valueRequired":true,"valueName":"search_term_string"}}],"inLanguage":"pl-PL"},{"@type":"Organization","@id":"https:\/\/elementapp.ai\/blog\/#organization","name":"Element ATS system rekrutacyjny","url":"https:\/\/elementapp.ai\/blog\/","logo":{"@type":"ImageObject","inLanguage":"pl-PL","@id":"https:\/\/elementapp.ai\/blog\/#\/schema\/logo\/image\/","url":"https:\/\/elementapp.ai\/blog\/wp-content\/uploads\/2019\/09\/element-system-logo.svg","contentUrl":"https:\/\/elementapp.ai\/blog\/wp-content\/uploads\/2019\/09\/element-system-logo.svg","width":1,"height":1,"caption":"Element ATS system rekrutacyjny"},"image":{"@id":"https:\/\/elementapp.ai\/blog\/#\/schema\/logo\/image\/"},"sameAs":["https:\/\/www.facebook.com\/elementappats"]},{"@type":"Person","@id":"https:\/\/elementapp.ai\/blog\/#\/schema\/person\/02f4e59e019634b9e2fb09c00bf93f1e","name":"Maciej Michalewski","image":{"@type":"ImageObject","inLanguage":"pl-PL","@id":"https:\/\/secure.gravatar.com\/avatar\/9d00803e2237f6212234740ce5ee8400cf3c04cf469dc8728a7fdd0d2a1e8cc7?s=96&d=mm&r=g","url":"https:\/\/secure.gravatar.com\/avatar\/9d00803e2237f6212234740ce5ee8400cf3c04cf469dc8728a7fdd0d2a1e8cc7?s=96&d=mm&r=g","contentUrl":"https:\/\/secure.gravatar.com\/avatar\/9d00803e2237f6212234740ce5ee8400cf3c04cf469dc8728a7fdd0d2a1e8cc7?s=96&d=mm&r=g","caption":"Maciej Michalewski"},"description":"Since 2010 I have been professionally involved in the recruitment industry. Since 2014, I and a team of talented software developers, have been developing Element, an innovative recruitment system which makes recruiting fast and simple. I am a tech lover, and my mission is to find and create new solutions that will positively impact the recruitment market.","sameAs":["https:\/\/www.facebook.com\/elementappats\/","https:\/\/www.linkedin.com\/company\/13982762"]}]}},"_links":{"self":[{"href":"https:\/\/elementapp.ai\/blog\/wp-json\/wp\/v2\/posts\/7180","targetHints":{"allow":["GET"]}}],"collection":[{"href":"https:\/\/elementapp.ai\/blog\/wp-json\/wp\/v2\/posts"}],"about":[{"href":"https:\/\/elementapp.ai\/blog\/wp-json\/wp\/v2\/types\/post"}],"author":[{"embeddable":true,"href":"https:\/\/elementapp.ai\/blog\/wp-json\/wp\/v2\/users\/1"}],"replies":[{"embeddable":true,"href":"https:\/\/elementapp.ai\/blog\/wp-json\/wp\/v2\/comments?post=7180"}],"version-history":[{"count":65,"href":"https:\/\/elementapp.ai\/blog\/wp-json\/wp\/v2\/posts\/7180\/revisions"}],"predecessor-version":[{"id":13859,"href":"https:\/\/elementapp.ai\/blog\/wp-json\/wp\/v2\/posts\/7180\/revisions\/13859"}],"wp:attachment":[{"href":"https:\/\/elementapp.ai\/blog\/wp-json\/wp\/v2\/media?parent=7180"}],"wp:term":[{"taxonomy":"category","embeddable":true,"href":"https:\/\/elementapp.ai\/blog\/wp-json\/wp\/v2\/categories?post=7180"},{"taxonomy":"post_tag","embeddable":true,"href":"https:\/\/elementapp.ai\/blog\/wp-json\/wp\/v2\/tags?post=7180"}],"curies":[{"name":"wp","href":"https:\/\/api.w.org\/{rel}","templated":true}]}}