{"id":8837,"date":"2023-01-18T20:11:38","date_gmt":"2023-01-18T19:11:38","guid":{"rendered":"https:\/\/elementapp.ai\/blog\/?p=8837"},"modified":"2026-03-01T10:19:56","modified_gmt":"2026-03-01T09:19:56","slug":"dalsze-wzrosty-grup-rekrutacyjnych-na-portalu-facebook","status":"publish","type":"post","link":"https:\/\/elementapp.ai\/blog\/dalsze-wzrosty-grup-rekrutacyjnych-na-portalu-facebook\/","title":{"rendered":"Dalsze wzrosty grup rekrutacyjnych na portalu Facebook"},"content":{"rendered":"\t\t<div data-elementor-type=\"wp-post\" data-elementor-id=\"8837\" class=\"elementor elementor-8837\" data-elementor-post-type=\"post\">\n\t\t\t\t\t\t<section class=\"elementor-section elementor-top-section elementor-element elementor-element-2fb1eb99 elementor-section-boxed elementor-section-height-default elementor-section-height-default\" data-id=\"2fb1eb99\" data-element_type=\"section\" data-e-type=\"section\">\n\t\t\t\t\t\t<div class=\"elementor-container elementor-column-gap-default\">\n\t\t\t\t\t<div class=\"elementor-column elementor-col-100 elementor-top-column elementor-element elementor-element-fa89541\" data-id=\"fa89541\" data-element_type=\"column\" data-e-type=\"column\">\n\t\t\t<div class=\"elementor-widget-wrap\">\n\t\t\t\t\t\t\t<\/div>\n\t\t<\/div>\n\t\t\t\t\t<\/div>\n\t\t<\/section>\n\t\t\t\t<section class=\"elementor-section elementor-top-section elementor-element elementor-element-610e6e35 elementor-section-boxed elementor-section-height-default elementor-section-height-default\" data-id=\"610e6e35\" data-element_type=\"section\" data-e-type=\"section\">\n\t\t\t\t\t\t<div class=\"elementor-container elementor-column-gap-default\">\n\t\t\t\t\t<div class=\"elementor-column elementor-col-100 elementor-top-column elementor-element elementor-element-5bddbcc2\" data-id=\"5bddbcc2\" data-element_type=\"column\" data-e-type=\"column\">\n\t\t\t<div class=\"elementor-widget-wrap elementor-element-populated\">\n\t\t\t\t\t\t<div class=\"elementor-element elementor-element-3f073470 elementor-widget-divider--view-line_icon elementor-view-default elementor-widget-divider--element-align-center elementor-widget elementor-widget-divider\" data-id=\"3f073470\" data-element_type=\"widget\" data-e-type=\"widget\" data-widget_type=\"divider.default\">\n\t\t\t\t<div class=\"elementor-widget-container\">\n\t\t\t\t\t\t\t<div class=\"elementor-divider\">\n\t\t\t<span class=\"elementor-divider-separator\">\n\t\t\t\t\t\t\t<div class=\"elementor-icon elementor-divider__element\">\n\t\t\t\t\t<i aria-hidden=\"true\" class=\"far fa-bookmark\"><\/i><\/div>\n\t\t\t\t\t\t<\/span>\n\t\t<\/div>\n\t\t\t\t\t\t<\/div>\n\t\t\t\t<\/div>\n\t\t\t\t\t<\/div>\n\t\t<\/div>\n\t\t\t\t\t<\/div>\n\t\t<\/section>\n\t\t\t\t<section class=\"elementor-section elementor-top-section elementor-element elementor-element-37ffe03d elementor-section-boxed elementor-section-height-default elementor-section-height-default\" data-id=\"37ffe03d\" data-element_type=\"section\" data-e-type=\"section\">\n\t\t\t\t\t\t<div class=\"elementor-container elementor-column-gap-default\">\n\t\t\t\t\t<div class=\"elementor-column elementor-col-100 elementor-top-column elementor-element elementor-element-45da21f2\" data-id=\"45da21f2\" data-element_type=\"column\" data-e-type=\"column\">\n\t\t\t<div class=\"elementor-widget-wrap elementor-element-populated\">\n\t\t\t\t\t\t<div class=\"elementor-element elementor-element-4083ad68 elementor-widget elementor-widget-heading\" data-id=\"4083ad68\" data-element_type=\"widget\" data-e-type=\"widget\" data-widget_type=\"heading.default\">\n\t\t\t\t<div class=\"elementor-widget-container\">\n\t\t\t\t\t<h1 class=\"elementor-heading-title elementor-size-default\">Dalsze wzrosty grup rekrutacyjnych na portalu Facebook<\/h1>\t\t\t\t<\/div>\n\t\t\t\t<\/div>\n\t\t\t\t<div class=\"elementor-element elementor-element-3b025cf1 elementor-widget elementor-widget-text-editor\" data-id=\"3b025cf1\" data-element_type=\"widget\" data-e-type=\"widget\" data-widget_type=\"text-editor.default\">\n\t\t\t\t<div class=\"elementor-widget-container\">\n\t\t\t\t\t\t\t\t\t18 stycznia 2023\t\t\t\t\t\t\t\t<\/div>\n\t\t\t\t<\/div>\n\t\t\t\t\t<\/div>\n\t\t<\/div>\n\t\t\t\t\t<\/div>\n\t\t<\/section>\n\t\t\t\t<section class=\"elementor-section elementor-top-section elementor-element elementor-element-7f2cbf1a elementor-section-boxed elementor-section-height-default elementor-section-height-default\" data-id=\"7f2cbf1a\" data-element_type=\"section\" data-e-type=\"section\" data-settings=\"{&quot;background_background&quot;:&quot;classic&quot;}\">\n\t\t\t\t\t\t<div class=\"elementor-container elementor-column-gap-default\">\n\t\t\t\t\t<div class=\"elementor-column elementor-col-66 elementor-top-column elementor-element elementor-element-71d4c5b9\" data-id=\"71d4c5b9\" data-element_type=\"column\" data-e-type=\"column\" data-settings=\"{&quot;background_background&quot;:&quot;classic&quot;}\">\n\t\t\t<div class=\"elementor-widget-wrap elementor-element-populated\">\n\t\t\t\t\t\t<div class=\"elementor-element elementor-element-1714614b elementor-widget elementor-widget-heading\" data-id=\"1714614b\" data-element_type=\"widget\" data-e-type=\"widget\" data-widget_type=\"heading.default\">\n\t\t\t\t<div class=\"elementor-widget-container\">\n\t\t\t\t\t<h2 class=\"elementor-heading-title elementor-size-default\">Grupy rekrutacyjne na portalu Facebook<\/h2>\t\t\t\t<\/div>\n\t\t\t\t<\/div>\n\t\t\t\t<div class=\"elementor-element elementor-element-1c4c1434 elementor-widget elementor-widget-text-editor\" data-id=\"1c4c1434\" data-element_type=\"widget\" data-e-type=\"widget\" data-widget_type=\"text-editor.default\">\n\t\t\t\t<div class=\"elementor-widget-container\">\n\t\t\t\t\t\t\t\t\t<p>Cho\u0107 Facebook Jobs zosta\u0142o zlikwidowane, o czym pisa\u0142em w artykule <span style=\"color: #0000ff;\"><a style=\"color: #0000ff;\" href=\"https:\/\/elementapp.ai\/blog\/facebook-jobs-znika-w-lutym-2022-co-sie-zmieni\/\" target=\"_blank\" rel=\"noopener\">Facebook Jobs znika w lutym 2022 r.\u00a0<\/a><\/span>to w\u015br\u00f3d rekruter\u00f3w i kandydat\u00f3w nie s\u0142abnie powodzenie grup dyskusyjnych, kt\u00f3re mo\u017cna swobodnie zak\u0142ada\u0107 na tym portalu.<\/p><p>Na Facebook&#8217;u istniej\u0105 setki polskich grup, po\u015bwi\u0119conych rekrutacji i poszukiwaniu pracy, a <span style=\"color: #0000ff;\"><a style=\"color: #0000ff;\" href=\"https:\/\/elementapp.ai\/\" target=\"_blank\" rel=\"noopener\">Element<\/a><\/span> prowadzi list\u0119 takich grup: <span style=\"color: #0000ff;\"><a style=\"color: #0000ff;\" href=\"https:\/\/elementapp.ai\/darmowe-ogloszenia-z-ofertami-pracy\" target=\"_blank\" rel=\"noopener\">Darmowe og\u0142oszenia o prac\u0119 i najwi\u0119ksza lista \u017ar\u00f3de\u0142 kandydat\u00f3w.<\/a><\/span><\/p>\t\t\t\t\t\t\t\t<\/div>\n\t\t\t\t<\/div>\n\t\t\t\t<div class=\"elementor-element elementor-element-a50cf30 elementor-widget elementor-widget-heading\" data-id=\"a50cf30\" data-element_type=\"widget\" data-e-type=\"widget\" data-widget_type=\"heading.default\">\n\t\t\t\t<div class=\"elementor-widget-container\">\n\t\t\t\t\t<h2 class=\"elementor-heading-title elementor-size-default\">Rekrutacja na portalu Facebook - wzrost popularno\u015bci grup rekrutacyjnych<\/h2>\t\t\t\t<\/div>\n\t\t\t\t<\/div>\n\t\t\t\t<div class=\"elementor-element elementor-element-314628a elementor-widget elementor-widget-text-editor\" data-id=\"314628a\" data-element_type=\"widget\" data-e-type=\"widget\" data-widget_type=\"text-editor.default\">\n\t\t\t\t<div class=\"elementor-widget-container\">\n\t\t\t\t\t\t\t\t\t<p>Co jaki\u015b czas aktualizuj\u0119 liczb\u0119 cz\u0142onk\u00f3w poszczeg\u00f3lnych grup rekrutacyjnych i sprawdzam zmian\u0119 tej liczby w czasie. W sierpniu 2022 roku opublikowa\u0142em artyku\u0142, w kt\u00f3rym przedstawi\u0142em szybki wzrost popularno\u015bci tej formy poszukiwania pracy i kandydat\u00f3w. Link do artyku\u0142u: <span style=\"color: #0000ff;\"><a style=\"color: #0000ff;\" href=\"https:\/\/elementapp.ai\/blog\/szybkie-wzrosty-grup-facebookowych-dedykowanych-rekrutacji\/\" target=\"_blank\" rel=\"noopener\">Szybkie wzrosty grup Facebookowych dedykowanych rekrutacji<\/a><\/span><\/p><p>Tendencja wzrostowa ci\u0105gle si\u0119 utrzymuje. Liczba cz\u0142onk\u00f3w wszystkich grup, kt\u00f3re dzi\u015b (18.01.2023) sprawdzi\u0142em, wzros\u0142a w stosunku do danych z ostatniego badania. Co prawda nie mam danych o tym, ilu cz\u0142onk\u00f3w grup jest faktycznie aktywnych, ale wzrosty oznaczaj\u0105, \u017ce zainteresowanych t\u0105 form\u0105 poszukiwania kandydat\u00f3w i pracy stale przybywa.<\/p><p>Poni\u017cej wykresy, kt\u00f3re przestawiaj\u0105 zmian\u0119 liczby cz\u0142onk\u00f3w grup rekrutacyjnych w trzech przyk\u0142adowych bran\u017cach: HR, IT i Spawacze\/\u015alusarze. S\u0105 to te same bran\u017ce, kt\u00f3re obj\u0119te by\u0142y poprzednim raportem, natomiast w kolejnych edycjach raportu bran\u017c b\u0119dzie ju\u017c wi\u0119cej. W ka\u017cdy wykres mo\u017cesz klikn\u0105\u0107 by go powi\u0119kszy\u0107.<\/p>\t\t\t\t\t\t\t\t<\/div>\n\t\t\t\t<\/div>\n\t\t\t\t<div class=\"elementor-element elementor-element-f623f22 elementor-widget elementor-widget-image\" data-id=\"f623f22\" data-element_type=\"widget\" data-e-type=\"widget\" data-widget_type=\"image.default\">\n\t\t\t\t<div class=\"elementor-widget-container\">\n\t\t\t\t\t\t\t\t\t\t\t\t\t\t\t\t<a href=\"https:\/\/elementapp.ai\/blog\/wp-content\/uploads\/2023\/01\/Wzrosty-na-grupach-FB-Branza-HR-012023.png\" data-elementor-open-lightbox=\"yes\" data-elementor-lightbox-title=\"Wzrosty na grupach FB - Bran\u017ca HR - 012023\" data-elementor-lightbox-description=\"Wzrosty na grupach FB - Bran\u017ca HR - 012023\" data-e-action-hash=\"#elementor-action%3Aaction%3Dlightbox%26settings%3DeyJpZCI6ODg0MywidXJsIjoiaHR0cHM6XC9cL2VsZW1lbnRhcHAuYWlcL2Jsb2dcL3dwLWNvbnRlbnRcL3VwbG9hZHNcLzIwMjNcLzAxXC9XenJvc3R5LW5hLWdydXBhY2gtRkItQnJhbnphLUhSLTAxMjAyMy5wbmcifQ%3D%3D\">\n\t\t\t\t\t\t\t<img fetchpriority=\"high\" decoding=\"async\" width=\"1200\" height=\"495\" src=\"https:\/\/elementapp.ai\/blog\/wp-content\/uploads\/2023\/01\/Wzrosty-na-grupach-FB-Branza-HR-012023-1920x792.png\" class=\"attachment-large size-large wp-image-8843\" alt=\"Wzrosty na grupach FB - Bran\u017ca HR - 012023\" srcset=\"https:\/\/elementapp.ai\/blog\/wp-content\/uploads\/2023\/01\/Wzrosty-na-grupach-FB-Branza-HR-012023-1920x792.png 1920w, https:\/\/elementapp.ai\/blog\/wp-content\/uploads\/2023\/01\/Wzrosty-na-grupach-FB-Branza-HR-012023-300x124.png 300w, https:\/\/elementapp.ai\/blog\/wp-content\/uploads\/2023\/01\/Wzrosty-na-grupach-FB-Branza-HR-012023-768x317.png 768w, https:\/\/elementapp.ai\/blog\/wp-content\/uploads\/2023\/01\/Wzrosty-na-grupach-FB-Branza-HR-012023-1536x633.png 1536w, https:\/\/elementapp.ai\/blog\/wp-content\/uploads\/2023\/01\/Wzrosty-na-grupach-FB-Branza-HR-012023-2048x845.png 2048w\" sizes=\"(max-width: 1200px) 100vw, 1200px\" \/>\t\t\t\t\t\t\t\t<\/a>\n\t\t\t\t\t\t\t\t\t\t\t\t\t\t\t<\/div>\n\t\t\t\t<\/div>\n\t\t\t\t<div class=\"elementor-element elementor-element-366f0bc elementor-widget elementor-widget-image\" data-id=\"366f0bc\" data-element_type=\"widget\" data-e-type=\"widget\" data-widget_type=\"image.default\">\n\t\t\t\t<div class=\"elementor-widget-container\">\n\t\t\t\t\t\t\t\t\t\t\t\t\t\t\t\t<a href=\"https:\/\/elementapp.ai\/blog\/wp-content\/uploads\/2023\/01\/Wzrosty-na-grupach-FB-Branza-IT-012023.png\" data-elementor-open-lightbox=\"yes\" data-elementor-lightbox-title=\"Wzrosty na grupach FB - Bran\u017ca IT - 012023\" data-e-action-hash=\"#elementor-action%3Aaction%3Dlightbox%26settings%3DeyJpZCI6ODg0NCwidXJsIjoiaHR0cHM6XC9cL2VsZW1lbnRhcHAuYWlcL2Jsb2dcL3dwLWNvbnRlbnRcL3VwbG9hZHNcLzIwMjNcLzAxXC9XenJvc3R5LW5hLWdydXBhY2gtRkItQnJhbnphLUlULTAxMjAyMy5wbmcifQ%3D%3D\">\n\t\t\t\t\t\t\t<img decoding=\"async\" width=\"1200\" height=\"411\" src=\"https:\/\/elementapp.ai\/blog\/wp-content\/uploads\/2023\/01\/Wzrosty-na-grupach-FB-Branza-IT-012023-1920x658.png\" class=\"attachment-large size-large wp-image-8844\" alt=\"Wzrosty na grupach FB - Bran\u017ca IT - 012023\" srcset=\"https:\/\/elementapp.ai\/blog\/wp-content\/uploads\/2023\/01\/Wzrosty-na-grupach-FB-Branza-IT-012023-1920x658.png 1920w, https:\/\/elementapp.ai\/blog\/wp-content\/uploads\/2023\/01\/Wzrosty-na-grupach-FB-Branza-IT-012023-300x103.png 300w, https:\/\/elementapp.ai\/blog\/wp-content\/uploads\/2023\/01\/Wzrosty-na-grupach-FB-Branza-IT-012023-768x263.png 768w, https:\/\/elementapp.ai\/blog\/wp-content\/uploads\/2023\/01\/Wzrosty-na-grupach-FB-Branza-IT-012023-1536x526.png 1536w, https:\/\/elementapp.ai\/blog\/wp-content\/uploads\/2023\/01\/Wzrosty-na-grupach-FB-Branza-IT-012023-2048x701.png 2048w\" sizes=\"(max-width: 1200px) 100vw, 1200px\" \/>\t\t\t\t\t\t\t\t<\/a>\n\t\t\t\t\t\t\t\t\t\t\t\t\t\t\t<\/div>\n\t\t\t\t<\/div>\n\t\t\t\t<div class=\"elementor-element elementor-element-e67a2b6 elementor-widget elementor-widget-image\" data-id=\"e67a2b6\" data-element_type=\"widget\" data-e-type=\"widget\" data-widget_type=\"image.default\">\n\t\t\t\t<div class=\"elementor-widget-container\">\n\t\t\t\t\t\t\t\t\t\t\t\t\t\t\t\t<a href=\"https:\/\/elementapp.ai\/blog\/wp-content\/uploads\/2023\/01\/Wzrosty-na-grupach-FB-Branza-spawaczy-i-slusarzy-012023.png\" data-elementor-open-lightbox=\"yes\" data-elementor-lightbox-title=\"Wzrosty na grupach FB - Bran\u017ca spawaczy i \u015blusarzy - 012023\" data-elementor-lightbox-description=\"Wzrosty na grupach FB - Bran\u017ca spawaczy i \u015blusarzy - 012023\" data-e-action-hash=\"#elementor-action%3Aaction%3Dlightbox%26settings%3DeyJpZCI6ODg0NSwidXJsIjoiaHR0cHM6XC9cL2VsZW1lbnRhcHAuYWlcL2Jsb2dcL3dwLWNvbnRlbnRcL3VwbG9hZHNcLzIwMjNcLzAxXC9XenJvc3R5LW5hLWdydXBhY2gtRkItQnJhbnphLXNwYXdhY3p5LWktc2x1c2FyenktMDEyMDIzLnBuZyJ9\">\n\t\t\t\t\t\t\t<img decoding=\"async\" width=\"1200\" height=\"618\" src=\"https:\/\/elementapp.ai\/blog\/wp-content\/uploads\/2023\/01\/Wzrosty-na-grupach-FB-Branza-spawaczy-i-slusarzy-012023.png\" class=\"attachment-large size-large wp-image-8845\" alt=\"Wzrosty na grupach FB - Bran\u017ca spawaczy i \u015blusarzy - 012023\" srcset=\"https:\/\/elementapp.ai\/blog\/wp-content\/uploads\/2023\/01\/Wzrosty-na-grupach-FB-Branza-spawaczy-i-slusarzy-012023.png 1908w, https:\/\/elementapp.ai\/blog\/wp-content\/uploads\/2023\/01\/Wzrosty-na-grupach-FB-Branza-spawaczy-i-slusarzy-012023-300x155.png 300w, https:\/\/elementapp.ai\/blog\/wp-content\/uploads\/2023\/01\/Wzrosty-na-grupach-FB-Branza-spawaczy-i-slusarzy-012023-768x396.png 768w, https:\/\/elementapp.ai\/blog\/wp-content\/uploads\/2023\/01\/Wzrosty-na-grupach-FB-Branza-spawaczy-i-slusarzy-012023-1536x791.png 1536w\" sizes=\"(max-width: 1200px) 100vw, 1200px\" \/>\t\t\t\t\t\t\t\t<\/a>\n\t\t\t\t\t\t\t\t\t\t\t\t\t\t\t<\/div>\n\t\t\t\t<\/div>\n\t\t\t\t<div class=\"elementor-element elementor-element-0c84458 elementor-widget elementor-widget-text-editor\" data-id=\"0c84458\" data-element_type=\"widget\" data-e-type=\"widget\" data-widget_type=\"text-editor.default\">\n\t\t\t\t<div class=\"elementor-widget-container\">\n\t\t\t\t\t\t\t\t\t<p>Je\u015bli w Twoich procesach rekrutacyjnych brakuje kandydat\u00f3w, a nie pr\u00f3bowa\u0142a\u015b\/e\u015b rekrutacji na grupach FB, to warto zrobi\u0107 test skuteczno\u015bci tego \u017ar\u00f3d\u0142a kandydat\u00f3w. Je\u015bli robi\u0107 test, to oczywi\u015bcie <span style=\"color: #0000ff;\"><a style=\"color: #0000ff;\" href=\"https:\/\/elementapp.ai\/blog\/raport-skutecznosci-zrodel-kandydatow\/#:~:text=W%20jaki%20spos%C3%B3b%20pracodawca%20mo%C5%BCe%20oceni%C4%87%20skuteczno%C5%9B%C4%87%20tych%20%C5%BAr%C3%B3de%C5%82%3F\" target=\"_blank\" rel=\"noopener\">mierz\u0105c skuteczno\u015b\u0107 \u017ar\u00f3de\u0142 kandydat\u00f3w<\/a><\/span>.<\/p><p>W Elementowym kompendium darmowych \u017ar\u00f3de\u0142 kandydat\u00f3w znajdziesz listy grup na portalu Facebook m.in. w takich bran\u017cach:<\/p><ul><li><span style=\"color: #0000ff;\"><a style=\"color: #0000ff;\" href=\"https:\/\/elementapp.ai\/darmowe-ogloszenia-z-ofertami-pracy#:~:text=Facebook%20%2D-,BUDOWNICTWO,-Budowla%C5%84cy%2D%20og%C5%82oszenia%2Cpraca\" target=\"_blank\" rel=\"noopener\">Budownictwo<\/a><\/span><\/li><li><span style=\"color: #0000ff;\"><a style=\"color: #0000ff;\" href=\"https:\/\/elementapp.ai\/darmowe-ogloszenia-z-ofertami-pracy#:~:text=Facebook%20%2D-,FARMACJA,-Praca%20Chemia\/Farmacja\" target=\"_blank\" rel=\"noopener\">Farmacja<\/a><\/span><\/li><li><span style=\"color: #0000ff;\"><a style=\"color: #0000ff;\" href=\"https:\/\/elementapp.ai\/darmowe-ogloszenia-z-ofertami-pracy#:~:text=Facebook%20%2D-,HR,-Praca%20w%20HR\" target=\"_blank\" rel=\"noopener\">HR<\/a><\/span><\/li><li><span style=\"color: #0000ff;\"><a style=\"color: #0000ff;\" href=\"https:\/\/elementapp.ai\/darmowe-ogloszenia-z-ofertami-pracy#:~:text=Facebook%20%2D-,IT,-Praca%20w%20IT\" target=\"_blank\" rel=\"noopener\">IT<\/a><\/span><\/li><li><span style=\"color: #0000ff;\"><a style=\"color: #0000ff;\" href=\"https:\/\/elementapp.ai\/darmowe-ogloszenia-z-ofertami-pracy#:~:text=MEDIA%20\/%20MARKETING%20\/%20PR\" target=\"_blank\" rel=\"noopener\">MEDIA \/ MARKETING \/ PR<\/a><\/span><\/li><li><span style=\"color: #0000ff;\"><a style=\"color: #0000ff;\" href=\"https:\/\/elementapp.ai\/darmowe-ogloszenia-z-ofertami-pracy#:~:text=Facebook%20%2D-,MEDYCYNA,-Lekarze%20%2D%20oferty%20pracy\" target=\"_blank\" rel=\"noopener\">MEDYCYNA<\/a><\/span><\/li><li><span style=\"color: #0000ff;\"><a style=\"color: #0000ff;\" href=\"https:\/\/elementapp.ai\/darmowe-ogloszenia-z-ofertami-pracy#:~:text=Facebook%20%2D-,SPRZEDA%C5%BB,-Przedstawiciel%2DHandlowy%2C%2010%2C1\" target=\"_blank\" rel=\"noopener\">SPRZEDA\u017b<\/a><\/span><\/li><li><span style=\"color: #0000ff;\"><a style=\"color: #0000ff;\" href=\"https:\/\/elementapp.ai\/darmowe-ogloszenia-z-ofertami-pracy#:~:text=TRANSPORT%20SPEDYCJA%20LOGISTYKA\" target=\"_blank\" rel=\"noopener\">TRANSPORT SPEDYCJA LOGISTYKA<\/a><\/span><\/li><li><span style=\"color: #0000ff;\"><a style=\"color: #0000ff;\" href=\"https:\/\/elementapp.ai\/darmowe-ogloszenia-z-ofertami-pracy#:~:text=Facebook%20%2D-,KSI%C4%98GOWO%C5%9A%C4%86%20\/%20KADRY,-Dam%20Prac%C4%99\/Szukam\" target=\"_blank\" rel=\"noopener\">KSI\u0118GOWO\u015a\u0106 \/ KADRY<\/a><\/span><\/li><li><span style=\"color: #0000ff;\"><a style=\"color: #0000ff;\" href=\"https:\/\/elementapp.ai\/darmowe-ogloszenia-z-ofertami-pracy#:~:text=Facebook%20%2D-,FINANSE,-Praca%20Finanse%2C%20Bankowo%C5%9B%C4%87\" target=\"_blank\" rel=\"noopener\">FINANSE<\/a><\/span><\/li><li><span style=\"color: #0000ff;\"><a style=\"color: #0000ff;\" href=\"https:\/\/elementapp.ai\/darmowe-ogloszenia-z-ofertami-pracy#:~:text=Facebook%20%2D-,GASTRONOMIA,-Grupy%20dedykowane%20ofertom\" target=\"_blank\" rel=\"noopener\">GASTRONOMIA<\/a><\/span><\/li><li><span style=\"color: #0000ff;\"><a style=\"color: #0000ff;\" href=\"https:\/\/elementapp.ai\/darmowe-ogloszenia-z-ofertami-pracy#:~:text=Facebook%20%2D-,OPERATORZY%20CNC,-Operator%20maszyn%20CNC\" target=\"_blank\" rel=\"noopener\">OPERATORZY CNC<\/a><\/span><\/li><li><span style=\"color: #0000ff;\"><a style=\"color: #0000ff;\" href=\"https:\/\/elementapp.ai\/darmowe-ogloszenia-z-ofertami-pracy#:~:text=Facebook%20%2D-,SPAWACZE%20\/%20%C5%9ALUSARZE,-OFERTY%20PRACY%20DLA\" target=\"_blank\" rel=\"noopener\">SPAWACZE \/ \u015aLUSARZE<\/a><\/span><\/li><li><span style=\"color: #0000ff;\"><a style=\"color: #0000ff;\" href=\"https:\/\/elementapp.ai\/darmowe-ogloszenia-z-ofertami-pracy#:~:text=Facebook%20%2D-,UTRZYMANIE%20RUCHU,-UTRZYMANIE%20RUCHU%20oferty\" target=\"_blank\" rel=\"noopener\">UTRZYMANIE RUCHU<\/a><\/span><\/li><li><span style=\"color: #0000ff;\"><a style=\"color: #0000ff;\" href=\"https:\/\/elementapp.ai\/darmowe-ogloszenia-z-ofertami-pracy#:~:text=Facebook%20%2D-,WIRTUALNA%20ASYSTENTKA,-Je%C5%9Bli%20nie%20wiesz\" target=\"_blank\" rel=\"noopener\">WIRTUALNA ASYSTENTKA<\/a><\/span><\/li><li><span style=\"color: #0000ff;\"><a style=\"color: #0000ff;\" href=\"https:\/\/elementapp.ai\/darmowe-ogloszenia-z-ofertami-pracy#:~:text=Facebook%20%2D-,BIA%C5%81YSTOK,-Praca%20Bia%C5%82ystok%20i\" target=\"_blank\" rel=\"noopener\">LOKALNE (dla poszczeg\u00f3lnych miast)<\/a><\/span><\/li><\/ul><p>Ponadto znajdziesz na tam wiele innych, <span style=\"color: #0000ff;\"><a style=\"color: #0000ff;\" href=\"https:\/\/elementapp.ai\/darmowe-ogloszenia-z-ofertami-pracy#bezp%C5%82atne-og%C5%82oszenia-o-prac%C4%99:~:text=Formularz%20kontaktowy.-,Lista%20portali%3A,-Jooble.org%20%2D\" target=\"_blank\" rel=\"noopener\">bezp\u0142atnych portali pracy<\/a><\/span>, bran\u017cowych i og\u00f3lnych, a tak\u017ce <span style=\"color: #0000ff;\"><a style=\"color: #0000ff;\" href=\"https:\/\/elementapp.ai\/darmowe-ogloszenia-z-ofertami-pracy#:~:text=3%2C4%20tys.%20cz%C5%82onk%C3%B3w-,UCZELNIE,-Uczelnie%2C%20a%20konkretnie\" target=\"_blank\" rel=\"noopener\">strony uczelnianych biur karier<\/a><\/span>.<\/p><p>Pisz\u0105c ten artyku\u0142, zastanawia\u0142em si\u0119 chwil\u0119, dlaczego grupy na portalu Linkedin nie ciesz\u0105 si\u0119 takim powodzeniem, ale od razu przysz\u0142o zrozumienie.\u00a0 Linkedin to portal do zastosowa\u0144 profesjonalnych, a zatem<strong> liczba wej\u015b\u0107<\/strong> na ten portal potencjalnych kandydat\u00f3w musi by\u0107 <strong>wielokrotnie ni\u017csza<\/strong>\u00a0w por\u00f3wnaniu do Facebooka.<\/p>\t\t\t\t\t\t\t\t<\/div>\n\t\t\t\t<\/div>\n\t\t\t\t<div class=\"elementor-element elementor-element-cdce5cc elementor-widget elementor-widget-heading\" data-id=\"cdce5cc\" data-element_type=\"widget\" data-e-type=\"widget\" data-widget_type=\"heading.default\">\n\t\t\t\t<div class=\"elementor-widget-container\">\n\t\t\t\t\t<h2 class=\"elementor-heading-title elementor-size-default\">Inne nasze raporty dotycz\u0105ce \u017ar\u00f3de\u0142 kandydat\u00f3w<\/h2>\t\t\t\t<\/div>\n\t\t\t\t<\/div>\n\t\t\t\t<div class=\"elementor-element elementor-element-8b9b9f9 elementor-widget elementor-widget-text-editor\" data-id=\"8b9b9f9\" data-element_type=\"widget\" data-e-type=\"widget\" data-widget_type=\"text-editor.default\">\n\t\t\t\t<div class=\"elementor-widget-container\">\n\t\t\t\t\t\t\t\t\t<p>Poni\u017cej lista innych naszych raport\u00f3w, kt\u00f3re dotycz\u0105 \u017ar\u00f3de\u0142 pozyskiwania kandydat\u00f3w:<\/p><ul><li><span style=\"color: #0000ff;\"><a style=\"color: #0000ff;\" href=\"https:\/\/elementapp.ai\/blog\/szybkie-wzrosty-grup-facebookowych-dedykowanych-rekrutacji\/\" target=\"_blank\" rel=\"noopener\">Szybkie wzrosty grup Facebookowych dedykowanych rekrutacji<\/a><\/span><\/li><li><span style=\"color: #0000ff;\"><a style=\"color: #0000ff;\" href=\"https:\/\/elementapp.ai\/blog\/raport-z-portali-pracy-najpopularniejsze-portale-pracy-w-2021\/\" target=\"_blank\" rel=\"noopener\">Raport z portali pracy &#8211; najpopularniejsze portale pracy w 2021<\/a><\/span><\/li><li><span style=\"color: #0000ff;\"><a style=\"color: #0000ff;\" href=\"https:\/\/elementapp.ai\/blog\/oferty-pracy-portale-ogloszeniowe-branza-it-raport-2019\/\" target=\"_blank\" rel=\"noopener\">Oferty pracy w bran\u017cy IT w 2019 r. &#8211; raport sytemu Element<\/a><\/span><\/li><li><span style=\"color: #0000ff;\"><a style=\"color: #0000ff;\" href=\"https:\/\/elementapp.ai\/blog\/agencje-pracy-wybor-agencji-i-zasad-wspolpracy-poradnik\/\" target=\"_blank\" rel=\"noopener\">Agencje pracy \u2014 wyb\u00f3r agencji i zasad wsp\u00f3\u0142pracy. Poradnik<\/a><\/span><\/li><\/ul>\t\t\t\t\t\t\t\t<\/div>\n\t\t\t\t<\/div>\n\t\t\t\t<div class=\"elementor-element elementor-element-67621919 elementor-widget elementor-widget-text-editor\" data-id=\"67621919\" data-element_type=\"widget\" data-e-type=\"widget\" data-widget_type=\"text-editor.default\">\n\t\t\t\t<div class=\"elementor-widget-container\">\n\t\t\t\t\t\t\t\t\t<strong>Najcz\u0119\u015bciej czytane<\/strong>:\n<ol>\n \t<li><span style=\"font-size: 16px;\"><strong><span style=\"color: #0000ff;\"><a style=\"color: #0000ff;\" href=\"https:\/\/elementapp.ai\/darmowe-ogloszenia-z-ofertami-pracy\">Darmowe og\u0142oszenia o prac\u0119 i najwi\u0119ksza lista \u017ar\u00f3de\u0142 kandydat\u00f3w<\/a><\/span><\/strong> &#8211; najwi\u0119ksza w Polsce lista bezp\u0142atnych i p\u0142atnych \u017ar\u00f3de\u0142 kandydat\u00f3w<\/span><\/li>\n \t<li><a href=\"https:\/\/elementapp.ai\/wszystko-o-ats#job-monit\"><span style=\"color: #0000ff;\"><strong>Job Monit HR<\/strong><\/span><\/a> <span style=\"color: #000000;\"> &#8211; wynagrodzenia i oferty pracy w HR<\/span><\/li>\n \t<li><a href=\"https:\/\/elementapp.ai\/akademia-rekrutacji\"><span style=\"color: #0000ff;\"><strong>Akademia Rekrutacji<\/strong><\/a> <span style=\"color: #000000;\">&#8211; zbi\u00f3r wiedzy na temat rekrutacji oraz raporty z rynku pracy.<\/span><\/span><\/li>\n \t<li><strong><span style=\"color: #0000ff;\"><a style=\"color: #0000ff;\" href=\"https:\/\/elementapp.ai\/blog\/gowork-jak-reagowac-na-negatywne-opinie-o-pracodawcach\/\">Gowork &#8211; jak reagowa\u0107 na negatywne opinie o pracodawcach<\/a><\/span><\/strong> &#8211; Kompleksowy poradnik dla pracodawc\u00f3w.<\/li>\n \t<li><a href=\"https:\/\/elementapp.ai\/blog\/sztuczna-inteligencja-wrzuca-drugi-bieg-takze-w-rekrutacji-przyklady\/\"><span style=\"color: #0000ff;\"><b>Sztuczna inteligencja w rekrutacji i Chat GPT-3<\/b><\/span><\/a>\u00a0&#8211; wszystko co musisz wiedzie\u0107 o najnowszej wersji sztucznej inteligencji i jej mo\u017cliwych zastosowaniach, tak\u017ce w rekrutacji.<\/li>\n \t<li><strong><span style=\"color: #0000ff;\"><a style=\"color: #0000ff;\" href=\"https:\/\/elementapp.ai\/blog\/rodo-w-rekrutacji-sourcing-i-direct-search-wszystko-co-musisz-wiedziec\/\">RODO w rekrutacji &#8211; sourcing, direct search, og\u0142oszenia. Wszystko co musisz wiedzie\u0107<\/a><\/span><\/strong> &#8211; kompleksowy poradnik RODO w rekrutacji z naciskiem na dzia\u0142ania typu direct search \/ sourcing.<\/li>\n<\/ol>\t\t\t\t\t\t\t\t<\/div>\n\t\t\t\t<\/div>\n\t\t\t\t<div class=\"elementor-element elementor-element-5b37002a elementor-author-box--image-valign-middle elementor-widget elementor-widget-author-box\" data-id=\"5b37002a\" data-element_type=\"widget\" data-e-type=\"widget\" data-widget_type=\"author-box.default\">\n\t\t\t\t<div class=\"elementor-widget-container\">\n\t\t\t\t\t\t\t<div class=\"elementor-author-box\">\n\t\t\t\t\t\t\t<a href=\"https:\/\/www.linkedin.com\/in\/maciejmichalewski\/\" class=\"elementor-author-box__avatar\">\n\t\t\t\t\t<img decoding=\"async\" src=\"https:\/\/elementapp.ai\/blog\/wp-content\/uploads\/2020\/01\/profile-photo.jpg\" alt=\"Picture of Maciej Michalewski\" loading=\"lazy\">\n\t\t\t\t<\/a>\n\t\t\t\n\t\t\t<div class=\"elementor-author-box__text\">\n\t\t\t\t\t\t\t\t\t<a href=\"https:\/\/www.linkedin.com\/in\/maciejmichalewski\/\">\n\t\t\t\t\t\t<h4 class=\"elementor-author-box__name\">\n\t\t\t\t\t\t\tMaciej Michalewski\t\t\t\t\t\t<\/h4>\n\t\t\t\t\t<\/a>\n\t\t\t\t\n\t\t\t\t\t\t\t\t\t<div class=\"elementor-author-box__bio\">\n\t\t\t\t\t\t<p>CEO @ Element. Recruitment Automation Software<\/p>\n\t\t\t\t\t<\/div>\n\t\t\t\t\n\t\t\t\t\t\t\t<\/div>\n\t\t<\/div>\n\t\t\t\t\t\t<\/div>\n\t\t\t\t<\/div>\n\t\t\t\t<div class=\"elementor-element elementor-element-357d617e elementor-widget-divider--view-line elementor-widget elementor-widget-divider\" data-id=\"357d617e\" data-element_type=\"widget\" data-e-type=\"widget\" data-widget_type=\"divider.default\">\n\t\t\t\t<div class=\"elementor-widget-container\">\n\t\t\t\t\t\t\t<div class=\"elementor-divider\">\n\t\t\t<span class=\"elementor-divider-separator\">\n\t\t\t\t\t\t<\/span>\n\t\t<\/div>\n\t\t\t\t\t\t<\/div>\n\t\t\t\t<\/div>\n\t\t\t\t<div class=\"elementor-element elementor-element-50131278 elementor-widget elementor-widget-image\" data-id=\"50131278\" data-element_type=\"widget\" data-e-type=\"widget\" data-widget_type=\"image.default\">\n\t\t\t\t<div class=\"elementor-widget-container\">\n\t\t\t\t\t\t\t\t\t\t\t\t\t\t\t\t<a href=\"https:\/\/elementapp.ai\/#sprawdz-demo\">\n\t\t\t\t\t\t\t<img loading=\"lazy\" decoding=\"async\" width=\"1200\" height=\"554\" src=\"https:\/\/elementapp.ai\/blog\/wp-content\/uploads\/2021\/12\/system-ATS-Element-CTA.png\" class=\"attachment-large size-large wp-image-6166\" alt=\"System ATS Element - poznaj bezp\u0142atnie\" srcset=\"https:\/\/elementapp.ai\/blog\/wp-content\/uploads\/2021\/12\/system-ATS-Element-CTA.png 1300w, https:\/\/elementapp.ai\/blog\/wp-content\/uploads\/2021\/12\/system-ATS-Element-CTA-300x138.png 300w, https:\/\/elementapp.ai\/blog\/wp-content\/uploads\/2021\/12\/system-ATS-Element-CTA-768x354.png 768w\" sizes=\"(max-width: 1200px) 100vw, 1200px\" \/>\t\t\t\t\t\t\t\t<\/a>\n\t\t\t\t\t\t\t\t\t\t\t\t\t\t\t<\/div>\n\t\t\t\t<\/div>\n\t\t\t\t<div class=\"elementor-element elementor-element-212b55ce elementor-widget elementor-widget-text-editor\" data-id=\"212b55ce\" data-element_type=\"widget\" data-e-type=\"widget\" data-widget_type=\"text-editor.default\">\n\t\t\t\t<div class=\"elementor-widget-container\">\n\t\t\t\t\t\t\t\t\t<p>Nasze artyku\u0142y przeczytasz tak\u017ce na <span style=\"color: #0000ff;\"><a style=\"color: #0000ff;\" href=\"https:\/\/maciejm.medium.com\/dalsze-wzrosty-grup-rekrutacyjnych-na-portalu-facebook-e3cb60f77fed\" rel=\"noopener nofollow\">Medium<\/a><\/span>, <a style=\"font-size: 16px; background-color: #ffffff; color: #0000ff;\" href=\"https:\/\/maciejm.substack.com\/p\/dalsze-wzrosty-grup-rekrutacyjnych?sd=pf\" rel=\"noopener nofollow\">Substack<\/a>, <a style=\"font-size: 16px; background-color: #ffffff;\" href=\"https:\/\/element.hashnode.dev\/dalsze-wzrosty-grup-rekrutacyjnych-na-portalu-facebook\" rel=\"noopener nofollow\"><span style=\"color: #0000ff;\">Hashnode<\/span><\/a>, <a style=\"font-size: 16px; background-color: #ffffff; color: #0000ff;\" href=\"https:\/\/tealfeed.com\/dalsze-wzrosty-grup-rekrutacyjnych-na-portalu-4rky2\" rel=\"noopener nofollow\">Tealfeed<\/a>, <span style=\"color: #0000ff;\"><a style=\"color: #0000ff;\" href=\"https:\/\/www.polywork.com\/maciej\" rel=\"noopener nofollow\">Polywork<\/a><\/span><\/p>\t\t\t\t\t\t\t\t<\/div>\n\t\t\t\t<\/div>\n\t\t\t\t\t<\/div>\n\t\t<\/div>\n\t\t\t\t<div class=\"elementor-column elementor-col-33 elementor-top-column elementor-element elementor-element-279b1a25\" data-id=\"279b1a25\" data-element_type=\"column\" data-e-type=\"column\">\n\t\t\t<div class=\"elementor-widget-wrap elementor-element-populated\">\n\t\t\t\t\t\t<div class=\"elementor-element elementor-element-51cb795e elementor-widget elementor-widget-heading\" data-id=\"51cb795e\" data-element_type=\"widget\" data-e-type=\"widget\" data-widget_type=\"heading.default\">\n\t\t\t\t<div class=\"elementor-widget-container\">\n\t\t\t\t\t<h3 class=\"elementor-heading-title elementor-size-default\">Ostatnie wpisy:<\/h3>\t\t\t\t<\/div>\n\t\t\t\t<\/div>\n\t\t\t\t<div class=\"elementor-element elementor-element-49b7abaa elementor-grid-1 elementor-grid-tablet-1 elementor-grid-mobile-1 elementor-posts--thumbnail-top elementor-widget elementor-widget-posts\" data-id=\"49b7abaa\" data-element_type=\"widget\" data-e-type=\"widget\" data-settings=\"{&quot;classic_columns&quot;:&quot;1&quot;,&quot;classic_columns_tablet&quot;:&quot;1&quot;,&quot;classic_row_gap&quot;:{&quot;unit&quot;:&quot;px&quot;,&quot;size&quot;:26,&quot;sizes&quot;:[]},&quot;classic_columns_mobile&quot;:&quot;1&quot;,&quot;classic_row_gap_tablet&quot;:{&quot;unit&quot;:&quot;px&quot;,&quot;size&quot;:&quot;&quot;,&quot;sizes&quot;:[]},&quot;classic_row_gap_mobile&quot;:{&quot;unit&quot;:&quot;px&quot;,&quot;size&quot;:&quot;&quot;,&quot;sizes&quot;:[]}}\" data-widget_type=\"posts.classic\">\n\t\t\t\t<div class=\"elementor-widget-container\">\n\t\t\t\t\t\t\t<div class=\"elementor-posts-container elementor-posts elementor-posts--skin-classic elementor-grid\" role=\"list\">\n\t\t\t\t<article class=\"elementor-post elementor-grid-item post-14172 post type-post status-publish format-standard has-post-thumbnail hentry category-blog-posts tag-grant-thornton tag-hr-owiec-na-rynku-pracy tag-raport-hr tag-rekrutacja-hr tag-rynek-pracy-hr\" role=\"listitem\">\n\t\t\t\t<a class=\"elementor-post__thumbnail__link\" href=\"https:\/\/elementapp.ai\/blog\/hr-owiec-na-rynku-pracy-2026-vii-edycja-raportu\/\" tabindex=\"-1\" >\n\t\t\t<div class=\"elementor-post__thumbnail\"><img loading=\"lazy\" decoding=\"async\" width=\"300\" height=\"158\" src=\"https:\/\/elementapp.ai\/blog\/wp-content\/uploads\/2026\/04\/hr-owiec-na-rynku-pracy-2026-vii-edycja-300x158.jpg\" class=\"attachment-medium size-medium wp-image-14170\" alt=\"HR-owiec na rynku pracy 2026 \u2014 VII edycja raportu Grant Thornton i Element\" srcset=\"https:\/\/elementapp.ai\/blog\/wp-content\/uploads\/2026\/04\/hr-owiec-na-rynku-pracy-2026-vii-edycja-300x158.jpg 300w, https:\/\/elementapp.ai\/blog\/wp-content\/uploads\/2026\/04\/hr-owiec-na-rynku-pracy-2026-vii-edycja-768x403.jpg 768w, https:\/\/elementapp.ai\/blog\/wp-content\/uploads\/2026\/04\/hr-owiec-na-rynku-pracy-2026-vii-edycja.jpg 1200w\" sizes=\"(max-width: 300px) 100vw, 300px\" \/><\/div>\n\t\t<\/a>\n\t\t\t\t<div class=\"elementor-post__text\">\n\t\t\t\t<h3 class=\"elementor-post__title\">\n\t\t\t<a href=\"https:\/\/elementapp.ai\/blog\/hr-owiec-na-rynku-pracy-2026-vii-edycja-raportu\/\" >\n\t\t\t\tHR-owiec na rynku pracy 2026 \u2014 pobierz VII edycj\u0119 raportu\t\t\t<\/a>\n\t\t<\/h3>\n\t\t\t\t<div class=\"elementor-post__meta-data\">\n\t\t\t\t\t<span class=\"elementor-post-author\">\n\t\t\tMaciej Michalewski\t\t<\/span>\n\t\t\t\t<span class=\"elementor-post-date\">\n\t\t\t28 kwietnia 2026\t\t<\/span>\n\t\t\t\t<\/div>\n\t\t\t\t<div class=\"elementor-post__excerpt\">\n\t\t\t<p>VII edycja raportu \u201eHR-owiec na rynku pracy&#8221;: 72 508 ofert HR w 2025 roku, +55% dla rekruter\u00f3w IT, pensje HRBP i dyrektora HR. Pobierz bezp\u0142atnie.<\/p>\n\t\t<\/div>\n\t\t\n\t\t<a class=\"elementor-post__read-more\" href=\"https:\/\/elementapp.ai\/blog\/hr-owiec-na-rynku-pracy-2026-vii-edycja-raportu\/\" aria-label=\"Read more about HR-owiec na rynku pracy 2026 \u2014 pobierz VII edycj\u0119 raportu\" tabindex=\"-1\" >\n\t\t\tCzytaj wi\u0119cej \u00bb\t\t<\/a>\n\n\t\t\t\t<\/div>\n\t\t\t\t<\/article>\n\t\t\t\t<article class=\"elementor-post elementor-grid-item post-14158 post type-post status-publish format-standard has-post-thumbnail hentry category-blog-posts tag-agenci-ai tag-ai-w-enterprise tag-aron-levie tag-change-management tag-headless-software tag-transformacja-cyfrowa\" role=\"listitem\">\n\t\t\t\t<a class=\"elementor-post__thumbnail__link\" href=\"https:\/\/elementapp.ai\/blog\/agenci-ai-nie-zmienia-firm-ktore-nie-zmienia-sie-same\/\" tabindex=\"-1\" >\n\t\t\t<div class=\"elementor-post__thumbnail\"><img loading=\"lazy\" decoding=\"async\" width=\"300\" height=\"158\" src=\"https:\/\/elementapp.ai\/blog\/wp-content\/uploads\/2026\/04\/social-agenci-ai-enterprise-levie-v2-300x158.png\" class=\"attachment-medium size-medium wp-image-14164\" alt=\"\" srcset=\"https:\/\/elementapp.ai\/blog\/wp-content\/uploads\/2026\/04\/social-agenci-ai-enterprise-levie-v2-300x158.png 300w, https:\/\/elementapp.ai\/blog\/wp-content\/uploads\/2026\/04\/social-agenci-ai-enterprise-levie-v2-768x403.png 768w, https:\/\/elementapp.ai\/blog\/wp-content\/uploads\/2026\/04\/social-agenci-ai-enterprise-levie-v2.png 1200w\" sizes=\"(max-width: 300px) 100vw, 300px\" \/><\/div>\n\t\t<\/a>\n\t\t\t\t<div class=\"elementor-post__text\">\n\t\t\t\t<h3 class=\"elementor-post__title\">\n\t\t\t<a href=\"https:\/\/elementapp.ai\/blog\/agenci-ai-nie-zmienia-firm-ktore-nie-zmienia-sie-same\/\" >\n\t\t\t\tAgenci AI nie zmieni\u0105 firm, kt\u00f3re nie zmieni\u0105 si\u0119 same\t\t\t<\/a>\n\t\t<\/h3>\n\t\t\t\t<div class=\"elementor-post__meta-data\">\n\t\t\t\t\t<span class=\"elementor-post-author\">\n\t\t\tMaciej Michalewski\t\t<\/span>\n\t\t\t\t<span class=\"elementor-post-date\">\n\t\t\t13 kwietnia 2026\t\t<\/span>\n\t\t\t\t<\/div>\n\t\t\t\t<div class=\"elementor-post__excerpt\">\n\t\t\t<p>Aron Levie, CEO Box, spotka\u0142 si\u0119 z kilkudziesi\u0119cioma liderami IT i AI z du\u017cych przedsi\u0119biorstw. Jego obserwacje o agentach AI w enterprise potwierdzaj\u0105 trendy, kt\u00f3re widz\u0119 w codziennej pracy z firmami wdra\u017caj\u0105cymi AI.<\/p>\n\t\t<\/div>\n\t\t\n\t\t<a class=\"elementor-post__read-more\" href=\"https:\/\/elementapp.ai\/blog\/agenci-ai-nie-zmienia-firm-ktore-nie-zmienia-sie-same\/\" aria-label=\"Read more about Agenci AI nie zmieni\u0105 firm, kt\u00f3re nie zmieni\u0105 si\u0119 same\" tabindex=\"-1\" >\n\t\t\tCzytaj wi\u0119cej \u00bb\t\t<\/a>\n\n\t\t\t\t<\/div>\n\t\t\t\t<\/article>\n\t\t\t\t<article class=\"elementor-post elementor-grid-item post-14134 post type-post status-publish format-standard has-post-thumbnail hentry category-blog-posts\" role=\"listitem\">\n\t\t\t\t<a class=\"elementor-post__thumbnail__link\" href=\"https:\/\/elementapp.ai\/blog\/gallup-2026-zaangazowanie-pracownikow-menedzerowie-ai\/\" tabindex=\"-1\" >\n\t\t\t<div class=\"elementor-post__thumbnail\"><img loading=\"lazy\" decoding=\"async\" width=\"300\" height=\"164\" src=\"https:\/\/elementapp.ai\/blog\/wp-content\/uploads\/2026\/04\/hero-gallup-2026-v3-300x164.jpg\" class=\"attachment-medium size-medium wp-image-14138\" alt=\"\" srcset=\"https:\/\/elementapp.ai\/blog\/wp-content\/uploads\/2026\/04\/hero-gallup-2026-v3-300x164.jpg 300w, https:\/\/elementapp.ai\/blog\/wp-content\/uploads\/2026\/04\/hero-gallup-2026-v3-768x419.jpg 768w, https:\/\/elementapp.ai\/blog\/wp-content\/uploads\/2026\/04\/hero-gallup-2026-v3-1536x837.jpg 1536w, https:\/\/elementapp.ai\/blog\/wp-content\/uploads\/2026\/04\/hero-gallup-2026-v3.jpg 1600w\" sizes=\"(max-width: 300px) 100vw, 300px\" \/><\/div>\n\t\t<\/a>\n\t\t\t\t<div class=\"elementor-post__text\">\n\t\t\t\t<h3 class=\"elementor-post__title\">\n\t\t\t<a href=\"https:\/\/elementapp.ai\/blog\/gallup-2026-zaangazowanie-pracownikow-menedzerowie-ai\/\" >\n\t\t\t\tGallup 2026: \u015bwiat pracy si\u0119 sypie, a mened\u017cerowie trac\u0105 zapa\u0142 szybciej ni\u017c reszta\t\t\t<\/a>\n\t\t<\/h3>\n\t\t\t\t<div class=\"elementor-post__meta-data\">\n\t\t\t\t\t<span class=\"elementor-post-author\">\n\t\t\tMaciej Michalewski\t\t<\/span>\n\t\t\t\t<span class=\"elementor-post-date\">\n\t\t\t8 kwietnia 2026\t\t<\/span>\n\t\t\t\t<\/div>\n\t\t\t\t<div class=\"elementor-post__excerpt\">\n\t\t\t<p>Raport Gallup State of the Global Workplace 2026 pokazuje, \u017ce globalne zaanga\u017cowanie spad\u0142o do 20%, a mened\u017cerowie trac\u0105 zapa\u0142 szybciej ni\u017c ich zespo\u0142y. Paradoks AI: indywidualna produktywno\u015b\u0107 ro\u015bnie, organizacyjna nie.<\/p>\n\t\t<\/div>\n\t\t\n\t\t<a class=\"elementor-post__read-more\" href=\"https:\/\/elementapp.ai\/blog\/gallup-2026-zaangazowanie-pracownikow-menedzerowie-ai\/\" aria-label=\"Read more about Gallup 2026: \u015bwiat pracy si\u0119 sypie, a mened\u017cerowie trac\u0105 zapa\u0142 szybciej ni\u017c reszta\" tabindex=\"-1\" >\n\t\t\tCzytaj wi\u0119cej \u00bb\t\t<\/a>\n\n\t\t\t\t<\/div>\n\t\t\t\t<\/article>\n\t\t\t\t<article class=\"elementor-post elementor-grid-item post-14119 post type-post status-publish format-standard has-post-thumbnail hentry category-blog-posts\" role=\"listitem\">\n\t\t\t\t<a class=\"elementor-post__thumbnail__link\" href=\"https:\/\/elementapp.ai\/blog\/wielka-reorganizacja-firmy-przebudowuja-sie-woko-ai\/\" tabindex=\"-1\" >\n\t\t\t<div class=\"elementor-post__thumbnail\"><img loading=\"lazy\" decoding=\"async\" width=\"300\" height=\"158\" src=\"https:\/\/elementapp.ai\/blog\/wp-content\/uploads\/2026\/04\/hero-wielka-reorganizacja-v2-300x158.jpg\" class=\"attachment-medium size-medium wp-image-14127\" alt=\"\" srcset=\"https:\/\/elementapp.ai\/blog\/wp-content\/uploads\/2026\/04\/hero-wielka-reorganizacja-v2-300x158.jpg 300w, https:\/\/elementapp.ai\/blog\/wp-content\/uploads\/2026\/04\/hero-wielka-reorganizacja-v2-768x403.jpg 768w, https:\/\/elementapp.ai\/blog\/wp-content\/uploads\/2026\/04\/hero-wielka-reorganizacja-v2.jpg 1200w\" sizes=\"(max-width: 300px) 100vw, 300px\" \/><\/div>\n\t\t<\/a>\n\t\t\t\t<div class=\"elementor-post__text\">\n\t\t\t\t<h3 class=\"elementor-post__title\">\n\t\t\t<a href=\"https:\/\/elementapp.ai\/blog\/wielka-reorganizacja-firmy-przebudowuja-sie-woko-ai\/\" >\n\t\t\t\tWielka reorganizacja: firmy przebudowuj\u0105 si\u0119 wok\u00f3\u0142 AI\t\t\t<\/a>\n\t\t<\/h3>\n\t\t\t\t<div class=\"elementor-post__meta-data\">\n\t\t\t\t\t<span class=\"elementor-post-author\">\n\t\t\tMaciej Michalewski\t\t<\/span>\n\t\t\t\t<span class=\"elementor-post-date\">\n\t\t\t1 kwietnia 2026\t\t<\/span>\n\t\t\t\t<\/div>\n\t\t\t\t<div class=\"elementor-post__excerpt\">\n\t\t\t<p>Foundation Capital zbada\u0142o 25 firm i odkry\u0142o, \u017ce AI zmienia nie tylko narz\u0119dzia, ale ca\u0142\u0105 struktur\u0119 organizacji. Cztery role pozostan\u0105 ludzkie.<\/p>\n\t\t<\/div>\n\t\t\n\t\t<a class=\"elementor-post__read-more\" href=\"https:\/\/elementapp.ai\/blog\/wielka-reorganizacja-firmy-przebudowuja-sie-woko-ai\/\" aria-label=\"Read more about Wielka reorganizacja: firmy przebudowuj\u0105 si\u0119 wok\u00f3\u0142 AI\" tabindex=\"-1\" >\n\t\t\tCzytaj wi\u0119cej \u00bb\t\t<\/a>\n\n\t\t\t\t<\/div>\n\t\t\t\t<\/article>\n\t\t\t\t<article class=\"elementor-post elementor-grid-item post-14110 post type-post status-publish format-standard has-post-thumbnail hentry category-blog-posts\" role=\"listitem\">\n\t\t\t\t<a class=\"elementor-post__thumbnail__link\" href=\"https:\/\/elementapp.ai\/blog\/social-media-polaryzuja-ai-depolaryzuje\/\" tabindex=\"-1\" >\n\t\t\t<div class=\"elementor-post__thumbnail\"><img loading=\"lazy\" decoding=\"async\" width=\"300\" height=\"158\" src=\"https:\/\/elementapp.ai\/blog\/wp-content\/uploads\/2026\/03\/hero_polaryzacja-300x158.jpg\" class=\"attachment-medium size-medium wp-image-14102\" alt=\"\" srcset=\"https:\/\/elementapp.ai\/blog\/wp-content\/uploads\/2026\/03\/hero_polaryzacja-300x158.jpg 300w, https:\/\/elementapp.ai\/blog\/wp-content\/uploads\/2026\/03\/hero_polaryzacja-768x403.jpg 768w, https:\/\/elementapp.ai\/blog\/wp-content\/uploads\/2026\/03\/hero_polaryzacja.jpg 1200w\" sizes=\"(max-width: 300px) 100vw, 300px\" \/><\/div>\n\t\t<\/a>\n\t\t\t\t<div class=\"elementor-post__text\">\n\t\t\t\t<h3 class=\"elementor-post__title\">\n\t\t\t<a href=\"https:\/\/elementapp.ai\/blog\/social-media-polaryzuja-ai-depolaryzuje\/\" >\n\t\t\t\tSocial Media polaryzuj\u0105. AI depolaryzuje?\t\t\t<\/a>\n\t\t<\/h3>\n\t\t\t\t<div class=\"elementor-post__meta-data\">\n\t\t\t\t\t<span class=\"elementor-post-author\">\n\t\t\tMaciej Michalewski\t\t<\/span>\n\t\t\t\t<span class=\"elementor-post-date\">\n\t\t\t30 marca 2026\t\t<\/span>\n\t\t\t\t<\/div>\n\t\t\t\t<div class=\"elementor-post__excerpt\">\n\t\t\t<p>Social Media polaryzuj\u0105. AI depolaryzuje? Wprowadzenie Niedawno chwali\u0142em Groka za fakt, \u017ce najmniej halucynuje i jest najmniej politycznie poprawny. Teraz mamy kolejne dane, kt\u00f3re uzupe\u0142niaj\u0105<\/p>\n\t\t<\/div>\n\t\t\n\t\t<a class=\"elementor-post__read-more\" href=\"https:\/\/elementapp.ai\/blog\/social-media-polaryzuja-ai-depolaryzuje\/\" aria-label=\"Read more about Social Media polaryzuj\u0105. AI depolaryzuje?\" tabindex=\"-1\" >\n\t\t\tCzytaj wi\u0119cej \u00bb\t\t<\/a>\n\n\t\t\t\t<\/div>\n\t\t\t\t<\/article>\n\t\t\t\t<article class=\"elementor-post elementor-grid-item post-14094 post type-post status-publish format-standard has-post-thumbnail hentry category-blog-posts\" role=\"listitem\">\n\t\t\t\t<a class=\"elementor-post__thumbnail__link\" href=\"https:\/\/elementapp.ai\/blog\/automatyzacja-prac-fizycznych-physical-intelligence\/\" tabindex=\"-1\" >\n\t\t\t<div class=\"elementor-post__thumbnail\"><img loading=\"lazy\" decoding=\"async\" width=\"300\" height=\"158\" src=\"https:\/\/elementapp.ai\/blog\/wp-content\/uploads\/2026\/03\/hero_physical_ai-1-300x158.jpg\" class=\"attachment-medium size-medium wp-image-14096\" alt=\"\" srcset=\"https:\/\/elementapp.ai\/blog\/wp-content\/uploads\/2026\/03\/hero_physical_ai-1-300x158.jpg 300w, https:\/\/elementapp.ai\/blog\/wp-content\/uploads\/2026\/03\/hero_physical_ai-1-768x403.jpg 768w, https:\/\/elementapp.ai\/blog\/wp-content\/uploads\/2026\/03\/hero_physical_ai-1.jpg 1200w\" sizes=\"(max-width: 300px) 100vw, 300px\" \/><\/div>\n\t\t<\/a>\n\t\t\t\t<div class=\"elementor-post__text\">\n\t\t\t\t<h3 class=\"elementor-post__title\">\n\t\t\t<a href=\"https:\/\/elementapp.ai\/blog\/automatyzacja-prac-fizycznych-physical-intelligence\/\" >\n\t\t\t\tRobot z polskim rodowodem, kt\u00f3ry wkr\u0119ca \u015bruby szybciej od cz\u0142owieka\t\t\t<\/a>\n\t\t<\/h3>\n\t\t\t\t<div class=\"elementor-post__meta-data\">\n\t\t\t\t\t<span class=\"elementor-post-author\">\n\t\t\tMaciej Michalewski\t\t<\/span>\n\t\t\t\t<span class=\"elementor-post-date\">\n\t\t\t24 marca 2026\t\t<\/span>\n\t\t\t\t<\/div>\n\t\t\t\t<div class=\"elementor-post__excerpt\">\n\t\t\t<p>Robot z polskim rodowodem, kt\u00f3ry wkr\u0119ca \u015bruby szybciej od cz\u0142owieka Kiedy m\u00f3wimy o automatyzacji, wi\u0119kszo\u015b\u0107 ludzi my\u015bli o chatbotach, generatorach obraz\u00f3w i asystentach programowania. Tymczasem<\/p>\n\t\t<\/div>\n\t\t\n\t\t<a class=\"elementor-post__read-more\" href=\"https:\/\/elementapp.ai\/blog\/automatyzacja-prac-fizycznych-physical-intelligence\/\" aria-label=\"Read more about Robot z polskim rodowodem, kt\u00f3ry wkr\u0119ca \u015bruby szybciej od cz\u0142owieka\" tabindex=\"-1\" >\n\t\t\tCzytaj wi\u0119cej \u00bb\t\t<\/a>\n\n\t\t\t\t<\/div>\n\t\t\t\t<\/article>\n\t\t\t\t<\/div>\n\t\t\n\t\t\t\t\t\t<\/div>\n\t\t\t\t<\/div>\n\t\t\t\t\t<\/div>\n\t\t<\/div>\n\t\t\t\t\t<\/div>\n\t\t<\/section>\n\t\t\t\t<\/div>\n\t\t","protected":false},"excerpt":{"rendered":"<p>Rekrutacja pracownik\u00f3w na portalu Facebook kwitnie, czego dowodem s\u0105 ci\u0105gle rosn\u0105ca liczba cz\u0142onk\u00f3w grup rekrutacyjnych na tym portalu. Przedstawiamy konkretne dane.<\/p>\n","protected":false},"author":1,"featured_media":0,"comment_status":"open","ping_status":"open","sticky":false,"template":"","format":"standard","meta":{"_acf_changed":false,"_yoast_wpseo_focuskw":"","_yoast_wpseo_title":"%%title%%","_yoast_wpseo_metadesc":"Rekrutacja pracownik\u00f3w na portalu Facebook kwitnie, czego dowodem s\u0105 ci\u0105gle rosn\u0105ca liczba cz\u0142onk\u00f3w grup rekrutacyjnych na tym portalu. Mamy konkretne dane.","_yoast_wpseo_opengraph-title":"","_yoast_wpseo_opengraph-description":"","_yoast_wpseo_opengraph-image":"https:\/\/elementapp.ai\/blog\/wp-content\/uploads\/2023\/01\/Grupy-FB-wzrosty-012023.png","_yoast_wpseo_opengraph-image-id":8838,"_yoast_wpseo_twitter-title":"","_yoast_wpseo_twitter-description":"","_yoast_wpseo_twitter-image":"","_yoast_wpseo_twitter-image-id":0,"inline_featured_image":false,"site-sidebar-layout":"default","site-content-layout":"default","ast-global-header-display":"","ast-main-header-display":"","ast-hfb-above-header-display":"","ast-hfb-below-header-display":"","ast-hfb-mobile-header-display":"","site-post-title":"","ast-breadcrumbs-content":"","ast-featured-img":"","footer-sml-layout":"","theme-transparent-header-meta":"","adv-header-id-meta":"","stick-header-meta":"","header-above-stick-meta":"","header-main-stick-meta":"","header-below-stick-meta":"","footnotes":""},"categories":[2],"tags":[],"class_list":["post-8837","post","type-post","status-publish","format-standard","hentry","category-blog-posts"],"acf":[],"yoast_head":"<!-- This site is optimized with the Yoast SEO Premium plugin v27.4 (Yoast SEO v27.4) - https:\/\/yoast.com\/product\/yoast-seo-premium-wordpress\/ -->\n<title>Dalsze wzrosty grup rekrutacyjnych na portalu Facebook<\/title>\n<meta name=\"description\" content=\"Rekrutacja pracownik\u00f3w na portalu Facebook kwitnie, czego dowodem s\u0105 ci\u0105gle rosn\u0105ca liczba cz\u0142onk\u00f3w grup rekrutacyjnych na tym portalu. Mamy konkretne dane.\" \/>\n<meta name=\"robots\" content=\"index, follow, max-snippet:-1, max-image-preview:large, max-video-preview:-1\" \/>\n<link rel=\"canonical\" href=\"https:\/\/elementapp.ai\/blog\/dalsze-wzrosty-grup-rekrutacyjnych-na-portalu-facebook\/\" \/>\n<meta property=\"og:locale\" content=\"pl_PL\" \/>\n<meta property=\"og:type\" content=\"article\" \/>\n<meta property=\"og:title\" content=\"Dalsze wzrosty grup rekrutacyjnych na portalu Facebook\" \/>\n<meta property=\"og:description\" content=\"Rekrutacja pracownik\u00f3w na portalu Facebook kwitnie, czego dowodem s\u0105 ci\u0105gle rosn\u0105ca liczba cz\u0142onk\u00f3w grup rekrutacyjnych na tym portalu. Mamy konkretne dane.\" \/>\n<meta property=\"og:url\" content=\"https:\/\/elementapp.ai\/blog\/dalsze-wzrosty-grup-rekrutacyjnych-na-portalu-facebook\/\" \/>\n<meta property=\"og:site_name\" content=\"Element&#039;s Blog - nowo\u015bci ze \u015bwiata rekrutacji, HR Tech i Element\" \/>\n<meta property=\"article:publisher\" content=\"https:\/\/www.facebook.com\/elementappats\" \/>\n<meta property=\"article:author\" content=\"https:\/\/www.facebook.com\/elementappats\/\" \/>\n<meta property=\"article:published_time\" content=\"2023-01-18T19:11:38+00:00\" \/>\n<meta property=\"article:modified_time\" content=\"2026-03-01T09:19:56+00:00\" \/>\n<meta property=\"og:image\" content=\"https:\/\/elementapp.ai\/blog\/wp-content\/uploads\/2023\/01\/Grupy-FB-wzrosty-012023.png\" \/>\n\t<meta property=\"og:image:width\" content=\"819\" \/>\n\t<meta property=\"og:image:height\" content=\"427\" \/>\n\t<meta property=\"og:image:type\" content=\"image\/png\" \/>\n<meta name=\"author\" content=\"Maciej Michalewski\" \/>\n<meta name=\"twitter:card\" content=\"summary_large_image\" \/>\n<meta name=\"twitter:label1\" content=\"Napisane przez\" \/>\n\t<meta name=\"twitter:data1\" content=\"Maciej Michalewski\" \/>\n\t<meta name=\"twitter:label2\" content=\"Szacowany czas czytania\" \/>\n\t<meta name=\"twitter:data2\" content=\"3 minuty\" \/>\n<!-- \/ Yoast SEO Premium plugin. -->","yoast_head_json":{"title":"Dalsze wzrosty grup rekrutacyjnych na portalu Facebook","description":"Rekrutacja pracownik\u00f3w na portalu Facebook kwitnie, czego dowodem s\u0105 ci\u0105gle rosn\u0105ca liczba cz\u0142onk\u00f3w grup rekrutacyjnych na tym portalu. Mamy konkretne dane.","robots":{"index":"index","follow":"follow","max-snippet":"max-snippet:-1","max-image-preview":"max-image-preview:large","max-video-preview":"max-video-preview:-1"},"canonical":"https:\/\/elementapp.ai\/blog\/dalsze-wzrosty-grup-rekrutacyjnych-na-portalu-facebook\/","og_locale":"pl_PL","og_type":"article","og_title":"Dalsze wzrosty grup rekrutacyjnych na portalu Facebook","og_description":"Rekrutacja pracownik\u00f3w na portalu Facebook kwitnie, czego dowodem s\u0105 ci\u0105gle rosn\u0105ca liczba cz\u0142onk\u00f3w grup rekrutacyjnych na tym portalu. Mamy konkretne dane.","og_url":"https:\/\/elementapp.ai\/blog\/dalsze-wzrosty-grup-rekrutacyjnych-na-portalu-facebook\/","og_site_name":"Element&#039;s Blog - nowo\u015bci ze \u015bwiata rekrutacji, HR Tech i Element","article_publisher":"https:\/\/www.facebook.com\/elementappats","article_author":"https:\/\/www.facebook.com\/elementappats\/","article_published_time":"2023-01-18T19:11:38+00:00","article_modified_time":"2026-03-01T09:19:56+00:00","og_image":[{"width":819,"height":427,"url":"https:\/\/elementapp.ai\/blog\/wp-content\/uploads\/2023\/01\/Grupy-FB-wzrosty-012023.png","type":"image\/png"}],"author":"Maciej Michalewski","twitter_card":"summary_large_image","twitter_misc":{"Napisane przez":"Maciej Michalewski","Szacowany czas czytania":"3 minuty"},"schema":{"@context":"https:\/\/schema.org","@graph":[{"@type":"Article","@id":"https:\/\/elementapp.ai\/blog\/dalsze-wzrosty-grup-rekrutacyjnych-na-portalu-facebook\/#article","isPartOf":{"@id":"https:\/\/elementapp.ai\/blog\/dalsze-wzrosty-grup-rekrutacyjnych-na-portalu-facebook\/"},"author":{"name":"Maciej Michalewski","@id":"https:\/\/elementapp.ai\/blog\/#\/schema\/person\/02f4e59e019634b9e2fb09c00bf93f1e"},"headline":"Dalsze wzrosty grup rekrutacyjnych na portalu Facebook","datePublished":"2023-01-18T19:11:38+00:00","dateModified":"2026-03-01T09:19:56+00:00","mainEntityOfPage":{"@id":"https:\/\/elementapp.ai\/blog\/dalsze-wzrosty-grup-rekrutacyjnych-na-portalu-facebook\/"},"wordCount":637,"commentCount":0,"publisher":{"@id":"https:\/\/elementapp.ai\/blog\/#organization"},"image":{"@id":"https:\/\/elementapp.ai\/blog\/dalsze-wzrosty-grup-rekrutacyjnych-na-portalu-facebook\/#primaryimage"},"thumbnailUrl":"https:\/\/elementapp.ai\/blog\/wp-content\/uploads\/2023\/01\/Wzrosty-na-grupach-FB-Branza-HR-012023-1920x792.png","articleSection":["Blog-posts"],"inLanguage":"pl-PL","potentialAction":[{"@type":"CommentAction","name":"Comment","target":["https:\/\/elementapp.ai\/blog\/dalsze-wzrosty-grup-rekrutacyjnych-na-portalu-facebook\/#respond"]}]},{"@type":"WebPage","@id":"https:\/\/elementapp.ai\/blog\/dalsze-wzrosty-grup-rekrutacyjnych-na-portalu-facebook\/","url":"https:\/\/elementapp.ai\/blog\/dalsze-wzrosty-grup-rekrutacyjnych-na-portalu-facebook\/","name":"Dalsze wzrosty grup rekrutacyjnych na portalu Facebook","isPartOf":{"@id":"https:\/\/elementapp.ai\/blog\/#website"},"primaryImageOfPage":{"@id":"https:\/\/elementapp.ai\/blog\/dalsze-wzrosty-grup-rekrutacyjnych-na-portalu-facebook\/#primaryimage"},"image":{"@id":"https:\/\/elementapp.ai\/blog\/dalsze-wzrosty-grup-rekrutacyjnych-na-portalu-facebook\/#primaryimage"},"thumbnailUrl":"https:\/\/elementapp.ai\/blog\/wp-content\/uploads\/2023\/01\/Wzrosty-na-grupach-FB-Branza-HR-012023-1920x792.png","datePublished":"2023-01-18T19:11:38+00:00","dateModified":"2026-03-01T09:19:56+00:00","description":"Rekrutacja pracownik\u00f3w na portalu Facebook kwitnie, czego dowodem s\u0105 ci\u0105gle rosn\u0105ca liczba cz\u0142onk\u00f3w grup rekrutacyjnych na tym portalu. Mamy konkretne dane.","breadcrumb":{"@id":"https:\/\/elementapp.ai\/blog\/dalsze-wzrosty-grup-rekrutacyjnych-na-portalu-facebook\/#breadcrumb"},"inLanguage":"pl-PL","potentialAction":[{"@type":"ReadAction","target":["https:\/\/elementapp.ai\/blog\/dalsze-wzrosty-grup-rekrutacyjnych-na-portalu-facebook\/"]}]},{"@type":"ImageObject","inLanguage":"pl-PL","@id":"https:\/\/elementapp.ai\/blog\/dalsze-wzrosty-grup-rekrutacyjnych-na-portalu-facebook\/#primaryimage","url":"https:\/\/elementapp.ai\/blog\/wp-content\/uploads\/2023\/01\/Wzrosty-na-grupach-FB-Branza-HR-012023.png","contentUrl":"https:\/\/elementapp.ai\/blog\/wp-content\/uploads\/2023\/01\/Wzrosty-na-grupach-FB-Branza-HR-012023.png","width":2386,"height":984,"caption":"Wzrosty na grupach FB - Bran\u017ca HR - 012023"},{"@type":"BreadcrumbList","@id":"https:\/\/elementapp.ai\/blog\/dalsze-wzrosty-grup-rekrutacyjnych-na-portalu-facebook\/#breadcrumb","itemListElement":[{"@type":"ListItem","position":1,"name":"Strona g\u0142\u00f3wna","item":"https:\/\/elementapp.ai\/blog\/"},{"@type":"ListItem","position":2,"name":"Dalsze wzrosty grup rekrutacyjnych na portalu Facebook"}]},{"@type":"WebSite","@id":"https:\/\/elementapp.ai\/blog\/#website","url":"https:\/\/elementapp.ai\/blog\/","name":"Element's Blog - nowo\u015bci ze \u015bwiata rekrutacji, HR Tech i Element","description":"Najciekawsze informacje ze \u015bwiata rekrutacji, rynku pracy, technologii rekrutacyjnych oraz systemu rekrutacyjnego Element","publisher":{"@id":"https:\/\/elementapp.ai\/blog\/#organization"},"potentialAction":[{"@type":"SearchAction","target":{"@type":"EntryPoint","urlTemplate":"https:\/\/elementapp.ai\/blog\/?s={search_term_string}"},"query-input":{"@type":"PropertyValueSpecification","valueRequired":true,"valueName":"search_term_string"}}],"inLanguage":"pl-PL"},{"@type":"Organization","@id":"https:\/\/elementapp.ai\/blog\/#organization","name":"Element ATS system rekrutacyjny","url":"https:\/\/elementapp.ai\/blog\/","logo":{"@type":"ImageObject","inLanguage":"pl-PL","@id":"https:\/\/elementapp.ai\/blog\/#\/schema\/logo\/image\/","url":"https:\/\/elementapp.ai\/blog\/wp-content\/uploads\/2019\/09\/element-system-logo.svg","contentUrl":"https:\/\/elementapp.ai\/blog\/wp-content\/uploads\/2019\/09\/element-system-logo.svg","width":1,"height":1,"caption":"Element ATS system rekrutacyjny"},"image":{"@id":"https:\/\/elementapp.ai\/blog\/#\/schema\/logo\/image\/"},"sameAs":["https:\/\/www.facebook.com\/elementappats"]},{"@type":"Person","@id":"https:\/\/elementapp.ai\/blog\/#\/schema\/person\/02f4e59e019634b9e2fb09c00bf93f1e","name":"Maciej Michalewski","image":{"@type":"ImageObject","inLanguage":"pl-PL","@id":"https:\/\/secure.gravatar.com\/avatar\/9d00803e2237f6212234740ce5ee8400cf3c04cf469dc8728a7fdd0d2a1e8cc7?s=96&d=mm&r=g","url":"https:\/\/secure.gravatar.com\/avatar\/9d00803e2237f6212234740ce5ee8400cf3c04cf469dc8728a7fdd0d2a1e8cc7?s=96&d=mm&r=g","contentUrl":"https:\/\/secure.gravatar.com\/avatar\/9d00803e2237f6212234740ce5ee8400cf3c04cf469dc8728a7fdd0d2a1e8cc7?s=96&d=mm&r=g","caption":"Maciej Michalewski"},"description":"Since 2010 I have been professionally involved in the recruitment industry. Since 2014, I and a team of talented software developers, have been developing Element, an innovative recruitment system which makes recruiting fast and simple. I am a tech lover, and my mission is to find and create new solutions that will positively impact the recruitment market.","sameAs":["https:\/\/www.facebook.com\/elementappats\/","https:\/\/www.linkedin.com\/company\/13982762"]}]}},"_links":{"self":[{"href":"https:\/\/elementapp.ai\/blog\/wp-json\/wp\/v2\/posts\/8837","targetHints":{"allow":["GET"]}}],"collection":[{"href":"https:\/\/elementapp.ai\/blog\/wp-json\/wp\/v2\/posts"}],"about":[{"href":"https:\/\/elementapp.ai\/blog\/wp-json\/wp\/v2\/types\/post"}],"author":[{"embeddable":true,"href":"https:\/\/elementapp.ai\/blog\/wp-json\/wp\/v2\/users\/1"}],"replies":[{"embeddable":true,"href":"https:\/\/elementapp.ai\/blog\/wp-json\/wp\/v2\/comments?post=8837"}],"version-history":[{"count":29,"href":"https:\/\/elementapp.ai\/blog\/wp-json\/wp\/v2\/posts\/8837\/revisions"}],"predecessor-version":[{"id":13968,"href":"https:\/\/elementapp.ai\/blog\/wp-json\/wp\/v2\/posts\/8837\/revisions\/13968"}],"wp:attachment":[{"href":"https:\/\/elementapp.ai\/blog\/wp-json\/wp\/v2\/media?parent=8837"}],"wp:term":[{"taxonomy":"category","embeddable":true,"href":"https:\/\/elementapp.ai\/blog\/wp-json\/wp\/v2\/categories?post=8837"},{"taxonomy":"post_tag","embeddable":true,"href":"https:\/\/elementapp.ai\/blog\/wp-json\/wp\/v2\/tags?post=8837"}],"curies":[{"name":"wp","href":"https:\/\/api.w.org\/{rel}","templated":true}]}}