{"id":8968,"date":"2023-02-06T19:44:23","date_gmt":"2023-02-06T18:44:23","guid":{"rendered":"https:\/\/elementapp.ai\/blog\/?p=8968"},"modified":"2026-03-01T10:08:49","modified_gmt":"2026-03-01T09:08:49","slug":"zarzadzanie-zasobami-ludzkimi-zaczyna-sie-od-edukacji-naszych-dzieci","status":"publish","type":"post","link":"https:\/\/elementapp.ai\/blog\/zarzadzanie-zasobami-ludzkimi-zaczyna-sie-od-edukacji-naszych-dzieci\/","title":{"rendered":"Zarz\u0105dzanie zasobami ludzkimi zaczyna si\u0119 od edukacji naszych dzieci"},"content":{"rendered":"\t\t<div data-elementor-type=\"wp-post\" data-elementor-id=\"8968\" class=\"elementor elementor-8968\" data-elementor-post-type=\"post\">\n\t\t\t\t\t\t<section class=\"elementor-section elementor-top-section elementor-element elementor-element-111cc3a8 elementor-section-boxed elementor-section-height-default elementor-section-height-default\" data-id=\"111cc3a8\" data-element_type=\"section\" data-e-type=\"section\">\n\t\t\t\t\t\t<div class=\"elementor-container elementor-column-gap-default\">\n\t\t\t\t\t<div class=\"elementor-column elementor-col-100 elementor-top-column elementor-element elementor-element-17cfef86\" data-id=\"17cfef86\" data-element_type=\"column\" data-e-type=\"column\">\n\t\t\t<div class=\"elementor-widget-wrap\">\n\t\t\t\t\t\t\t<\/div>\n\t\t<\/div>\n\t\t\t\t\t<\/div>\n\t\t<\/section>\n\t\t\t\t<section class=\"elementor-section elementor-top-section elementor-element elementor-element-7000a6aa elementor-section-boxed elementor-section-height-default elementor-section-height-default\" data-id=\"7000a6aa\" data-element_type=\"section\" data-e-type=\"section\">\n\t\t\t\t\t\t<div class=\"elementor-container elementor-column-gap-default\">\n\t\t\t\t\t<div class=\"elementor-column elementor-col-100 elementor-top-column elementor-element elementor-element-40aacc19\" data-id=\"40aacc19\" data-element_type=\"column\" data-e-type=\"column\">\n\t\t\t<div class=\"elementor-widget-wrap elementor-element-populated\">\n\t\t\t\t\t\t<div class=\"elementor-element elementor-element-97c82b1 elementor-widget-divider--view-line_icon elementor-view-default elementor-widget-divider--element-align-center elementor-widget elementor-widget-divider\" data-id=\"97c82b1\" data-element_type=\"widget\" data-e-type=\"widget\" data-widget_type=\"divider.default\">\n\t\t\t\t<div class=\"elementor-widget-container\">\n\t\t\t\t\t\t\t<div class=\"elementor-divider\">\n\t\t\t<span class=\"elementor-divider-separator\">\n\t\t\t\t\t\t\t<div class=\"elementor-icon elementor-divider__element\">\n\t\t\t\t\t<i aria-hidden=\"true\" class=\"far fa-bookmark\"><\/i><\/div>\n\t\t\t\t\t\t<\/span>\n\t\t<\/div>\n\t\t\t\t\t\t<\/div>\n\t\t\t\t<\/div>\n\t\t\t\t\t<\/div>\n\t\t<\/div>\n\t\t\t\t\t<\/div>\n\t\t<\/section>\n\t\t\t\t<section class=\"elementor-section elementor-top-section elementor-element elementor-element-51180c91 elementor-section-boxed elementor-section-height-default elementor-section-height-default\" data-id=\"51180c91\" data-element_type=\"section\" data-e-type=\"section\">\n\t\t\t\t\t\t<div class=\"elementor-container elementor-column-gap-default\">\n\t\t\t\t\t<div class=\"elementor-column elementor-col-100 elementor-top-column elementor-element elementor-element-723fe07c\" data-id=\"723fe07c\" data-element_type=\"column\" data-e-type=\"column\">\n\t\t\t<div class=\"elementor-widget-wrap elementor-element-populated\">\n\t\t\t\t\t\t<div class=\"elementor-element elementor-element-b9c8e48 elementor-widget elementor-widget-heading\" data-id=\"b9c8e48\" data-element_type=\"widget\" data-e-type=\"widget\" data-widget_type=\"heading.default\">\n\t\t\t\t<div class=\"elementor-widget-container\">\n\t\t\t\t\t<h1 class=\"elementor-heading-title elementor-size-default\">Zarz\u0105dzanie zasobami ludzkimi zaczyna si\u0119 od wychowania naszych dzieci<\/h1>\t\t\t\t<\/div>\n\t\t\t\t<\/div>\n\t\t\t\t<div class=\"elementor-element elementor-element-36a6b470 elementor-widget elementor-widget-text-editor\" data-id=\"36a6b470\" data-element_type=\"widget\" data-e-type=\"widget\" data-widget_type=\"text-editor.default\">\n\t\t\t\t<div class=\"elementor-widget-container\">\n\t\t\t\t\t\t\t\t\t6 lutego 2023\t\t\t\t\t\t\t\t<\/div>\n\t\t\t\t<\/div>\n\t\t\t\t\t<\/div>\n\t\t<\/div>\n\t\t\t\t\t<\/div>\n\t\t<\/section>\n\t\t\t\t<section class=\"elementor-section elementor-top-section elementor-element elementor-element-623b4b39 elementor-section-boxed elementor-section-height-default elementor-section-height-default\" data-id=\"623b4b39\" data-element_type=\"section\" data-e-type=\"section\" data-settings=\"{&quot;background_background&quot;:&quot;classic&quot;}\">\n\t\t\t\t\t\t<div class=\"elementor-container elementor-column-gap-default\">\n\t\t\t\t\t<div class=\"elementor-column elementor-col-66 elementor-top-column elementor-element elementor-element-3654412c\" data-id=\"3654412c\" data-element_type=\"column\" data-e-type=\"column\" data-settings=\"{&quot;background_background&quot;:&quot;classic&quot;}\">\n\t\t\t<div class=\"elementor-widget-wrap elementor-element-populated\">\n\t\t\t\t\t\t<div class=\"elementor-element elementor-element-1a87b518 elementor-widget elementor-widget-heading\" data-id=\"1a87b518\" data-element_type=\"widget\" data-e-type=\"widget\" data-widget_type=\"heading.default\">\n\t\t\t\t<div class=\"elementor-widget-container\">\n\t\t\t\t\t<h2 class=\"elementor-heading-title elementor-size-default\">Ci\u0105gle powracaj\u0105ca my\u015bl o patologii systemu edukacji<\/h2>\t\t\t\t<\/div>\n\t\t\t\t<\/div>\n\t\t\t\t<div class=\"elementor-element elementor-element-3366dd2c elementor-widget elementor-widget-text-editor\" data-id=\"3366dd2c\" data-element_type=\"widget\" data-e-type=\"widget\" data-widget_type=\"text-editor.default\">\n\t\t\t\t<div class=\"elementor-widget-container\">\n\t\t\t\t\t\t\t\t\t<div>Ani to dzie\u0144 nauczyciela, ani ten blog miejscem, gdzie nauczycielu wielu. Niemniej, gdy kilka dni temu odebra\u0142em Zosi\u0119 z przedszkola, ponownie wr\u00f3ci\u0142a do mnie my\u015bl, \u017ce edukacja postawiona jest na g\u0142owie. Nauczyciel, kt\u00f3ry ma tak krytyczny wp\u0142yw na rozw\u00f3j naszych dzieci, a w konsekwencji ca\u0142ej ludzko\u015bci, wynagradzany jest gorzej od programisty, adwokata, czy spawacza. <span style=\"color: #0000ff;\"><a style=\"color: #0000ff;\" href=\"https:\/\/samorzad.infor.pl\/sektor\/edukacja\/nauczyciele\/5646825,jak-obliczyc-wynagrodzenie-nauczyciela-w-2023-r-wynagrodzenie-srednie-minimalne-dodatki.html#:~:text=nauczyciela%20pocz%C4%85tkuj%C4%85cego%203424%20z%C5%82%20brutto\" target=\"_blank\" rel=\"noopener nofollow\">Pocz\u0105tkuj\u0105cy nauczyciel zarabia 3 981,55 z\u0142 brutto.<\/a><\/span> Ponadto zaanga\u017cowanie i skuteczno\u015b\u0107 nauczyciela zasadniczo nie ma wp\u0142ywu na wysoko\u015b\u0107 jego wynagrodzenia. Ten system nie mo\u017ce poprawnie dzia\u0142a\u0107.<\/div>\n<div>&nbsp;<\/div>\n<div>Skoro za\u015b system nie dzia\u0142a, to trudno te\u017c dziwi\u0107 si\u0119 kiepsko zarabiaj\u0105cym nauczycielom, \u017ce brakuje im motywacji do wi\u0119kszego zaanga\u017cowania w edukacj\u0119. Niestety bez tego zaanga\u017cowania lekcje nie b\u0119d\u0105 interesuj\u0105ce, a szko\u0142a dla wielu dzieci b\u0119dzie z\u0142em koniecznym.<\/div>\t\t\t\t\t\t\t\t<\/div>\n\t\t\t\t<\/div>\n\t\t\t\t<div class=\"elementor-element elementor-element-2ccd14b elementor-widget elementor-widget-heading\" data-id=\"2ccd14b\" data-element_type=\"widget\" data-e-type=\"widget\" data-widget_type=\"heading.default\">\n\t\t\t\t<div class=\"elementor-widget-container\">\n\t\t\t\t\t<h2 class=\"elementor-heading-title elementor-size-default\">Jestem produktem zepsutego systemu edukacji<\/h2>\t\t\t\t<\/div>\n\t\t\t\t<\/div>\n\t\t\t\t<div class=\"elementor-element elementor-element-c32a2d6 elementor-widget elementor-widget-text-editor\" data-id=\"c32a2d6\" data-element_type=\"widget\" data-e-type=\"widget\" data-widget_type=\"text-editor.default\">\n\t\t\t\t<div class=\"elementor-widget-container\">\n\t\t\t\t\t\t\t\t\t<div>Tak by\u0142o w moim przypadku. Szko\u0142a nie by\u0142a miejscem, do kt\u00f3rego wraca\u0142em z zainteresowaniem. Opr\u00f3cz kilku przedmiot\u00f3w, kt\u00f3re bardzo mnie poch\u0142ania\u0142y i z kt\u00f3rych oceny mia\u0142em celuj\u0105ce (chemia, biologia, historia), reszta po prostu mnie nudzi\u0142a lub wr\u0119cz odpycha\u0142a, co ko\u0144czy\u0142o si\u0119 walk\u0105 o oceny dostateczne. Z pewno\u015bci\u0105 nie by\u0142em wyj\u0105tkiem.<\/div><div>\u00a0<\/div><div>Rol\u0105 nauczyciela jest wzbudzenie zaciekawienia i zaanga\u017cowanie dziecka w nauk\u0119. Kluczowe jest wi\u0119c to, aby sam nauczyciel by\u0142 maksymalnie zaanga\u017cowany. Nauczyciel nudny, niezaanga\u017cowany, rujnuje cenny czas, kt\u00f3ry kszta\u0142tuje przysz\u0142o\u015b\u0107 m\u0142odych ludzi.<\/div><div>\u00a0<\/div><div>Nie wiem, co nale\u017cy zrobi\u0107, aby edukacja wznios\u0142a si\u0119 na wy\u017cszy poziom, nie znam si\u0119 na tym. My\u015bl\u0119 jednak, \u017ce opr\u00f3cz niedofinansowania edukacji, jednym z jej problem\u00f3w jest brak systemu promocji nauczycieli zaanga\u017cowanych oraz eliminowania tych, kt\u00f3rzy do swojej pracy si\u0119 nie przyk\u0142adaj\u0105. Czy ten system nie powinien dzia\u0142a\u0107 tak, jak w firmie, w kt\u00f3rej okre\u015blone wska\u017aniki pracy decyduj\u0105 o dalszym losie pracownika? Czy zdrowa konkurencja pomi\u0119dzy nauczycielami nie powinna by\u0107 mechanizmem promuj\u0105cym tych, kt\u00f3rym edukacja lepiej wychodzi?<\/div>\t\t\t\t\t\t\t\t<\/div>\n\t\t\t\t<\/div>\n\t\t\t\t<div class=\"elementor-element elementor-element-6ce3d32 elementor-widget elementor-widget-heading\" data-id=\"6ce3d32\" data-element_type=\"widget\" data-e-type=\"widget\" data-widget_type=\"heading.default\">\n\t\t\t\t<div class=\"elementor-widget-container\">\n\t\t\t\t\t<h2 class=\"elementor-heading-title elementor-size-default\">Prywatna edukacja a r\u00f3wno\u015b\u0107 szans<\/h2>\t\t\t\t<\/div>\n\t\t\t\t<\/div>\n\t\t\t\t<div class=\"elementor-element elementor-element-2b9d200 elementor-widget elementor-widget-text-editor\" data-id=\"2b9d200\" data-element_type=\"widget\" data-e-type=\"widget\" data-widget_type=\"text-editor.default\">\n\t\t\t\t<div class=\"elementor-widget-container\">\n\t\t\t\t\t\t\t\t\t<div>Oczywi\u015bcie mo\u017cna posy\u0142a\u0107 dzieci do szk\u00f3\u0142 i przedszkoli prywatnych. Nasza Zosia ma 3.5 roku. W prywatnym <span style=\"color: #0000ff;\"><a style=\"color: #0000ff;\" href=\"https:\/\/www.facebook.com\/MalyEinsteinPPNT\/\" target=\"_blank\" rel=\"noopener nofollow\">przedszkolu Ma\u0142y Einstein<\/a><\/span>, kt\u00f3re znajduje si\u0119 w <span style=\"color: #0000ff;\"><a style=\"color: #0000ff;\" href=\"https:\/\/ppnt.pl\/\" target=\"_blank\" rel=\"noopener nofollow\">Pomorskim Parku Naukowo Technologicznym w Gdyni<\/a><\/span>, tworzy ludzkie szkielety z rolek po papierze toaletowym, ma zaj\u0119cia z robotyki, uczy si\u0119 j\u0119zyk\u00f3w obcych, albo dmucha w p\u0142uca, kt\u00f3re sama zbudowa\u0142a. Ma po prostu zaanga\u017cowanych opiekun\u00f3w, kt\u00f3rzy maj\u0105 pomys\u0142 na ciekawy dla dziecka spos\u00f3b przekazywania wiedzy.<\/div>\t\t\t\t\t\t\t\t<\/div>\n\t\t\t\t<\/div>\n\t\t\t\t<div class=\"elementor-element elementor-element-43c1839 elementor-widget elementor-widget-video\" data-id=\"43c1839\" data-element_type=\"widget\" data-e-type=\"widget\" data-settings=\"{&quot;youtube_url&quot;:&quot;https:\\\/\\\/www.youtube.com\\\/watch?v=bLnRna8fRgM&quot;,&quot;video_type&quot;:&quot;youtube&quot;,&quot;controls&quot;:&quot;yes&quot;}\" data-widget_type=\"video.default\">\n\t\t\t\t<div class=\"elementor-widget-container\">\n\t\t\t\t\t\t\t<div class=\"elementor-wrapper elementor-open-inline\">\n\t\t\t<div class=\"elementor-video\"><\/div>\t\t<\/div>\n\t\t\t\t\t\t<\/div>\n\t\t\t\t<\/div>\n\t\t\t\t<div class=\"elementor-element elementor-element-a102952 elementor-widget elementor-widget-text-editor\" data-id=\"a102952\" data-element_type=\"widget\" data-e-type=\"widget\" data-widget_type=\"text-editor.default\">\n\t\t\t\t<div class=\"elementor-widget-container\">\n\t\t\t\t\t\t\t\t\t<div>Nie ka\u017cdy rodzic mo\u017ce jednak pozwoli\u0107 sobie na prywatn\u0105 edukacj\u0119.\u00a0O ile jestem przeciwnikiem <span style=\"color: #0000ff;\"><a style=\"color: #0000ff;\" href=\"https:\/\/www.steveglaveski.com\/blog\/why-equality-of-outcome-is-a-bad-idea#:~:text=So%20let%E2%80%99s%20break%20this%20down\" target=\"_blank\" rel=\"noopener nofollow\">zasady r\u00f3wno\u015bci wynik\u00f3w<\/a><\/span>, to zdecydowanie jestem zwolennikiem zasady r\u00f3wno\u015bci szans. Chcia\u0142bym, aby takie same szanse jak Zosia mia\u0142y dzieci, kt\u00f3re ucz\u0119szczaj\u0105 do szk\u00f3\u0142 i przedszkoli publicznych, cho\u0107by w najmniejszych miasteczkach i wsiach. To w\u0142a\u015bnie w takich miejscach kszta\u0142tuje si\u0119 wi\u0119kszo\u015b\u0107 spo\u0142ecze\u0144stwa, kt\u00f3ra demokratycznie decyduje p\u00f3\u017aniej o losie Zosi i nas wszystkich.<\/div>\t\t\t\t\t\t\t\t<\/div>\n\t\t\t\t<\/div>\n\t\t\t\t<div class=\"elementor-element elementor-element-ca45f59 elementor-widget elementor-widget-heading\" data-id=\"ca45f59\" data-element_type=\"widget\" data-e-type=\"widget\" data-widget_type=\"heading.default\">\n\t\t\t\t<div class=\"elementor-widget-container\">\n\t\t\t\t\t<h2 class=\"elementor-heading-title elementor-size-default\">Sztuczna inteligencja zast\u0105pi adwokat\u00f3w, ksi\u0119gowych a tak\u017ce nauczycieli<\/h2>\t\t\t\t<\/div>\n\t\t\t\t<\/div>\n\t\t\t\t<div class=\"elementor-element elementor-element-d4272b1 elementor-widget elementor-widget-text-editor\" data-id=\"d4272b1\" data-element_type=\"widget\" data-e-type=\"widget\" data-widget_type=\"text-editor.default\">\n\t\t\t\t<div class=\"elementor-widget-container\">\n\t\t\t\t\t\t\t\t\t<p>Obserwuj\u0105c do czego jest zdolny <span style=\"color: #0000ff;\"><a style=\"color: #0000ff;\" href=\"https:\/\/elementapp.ai\/blog\/sztuczna-inteligencja-wrzuca-drugi-bieg-takze-w-rekrutacji-przyklady\/\" target=\"_blank\" rel=\"noopener\">Chat-GPT3<\/a><\/span> nie mam \u017cadnych w\u0105tpliwo\u015bci, \u017ce technologia zrobi\u0142a w\u0142a\u015bnie bardzo du\u017cy krok do zast\u0105pienia ludzi w wykonywaniu pracy. Takie zawody jak ksi\u0119gowi, prawnicy, analitycy, zostan\u0105 zast\u0105pione przez sztuczn\u0105 inteligencj\u0119 w ci\u0105gu najbli\u017cszych kilkudziesi\u0119ciu lat.\u00a0<\/p><p>Nauczyciele nie b\u0119d\u0105 tu wyj\u0105tkiem. Ju\u017c teraz Chat-GTP3 mo\u017ce wyk\u0142ada\u0107 przedmioty i tworzy\u0107 anga\u017cuj\u0105ce tre\u015bci. Od kiedy mam c\u00f3rk\u0119 do g\u0142owy przychodz\u0105 mi ci\u0105gle nowe pomys\u0142y na to, w jaki spos\u00f3b technologia mo\u017ce usprawni\u0107 edukacj\u0119. Gdybym mia\u0142 do dyspozycji milion dolar\u00f3w, to pewnie budowa\u0142bym kolejny startup w obszarze edukacji opartej o AI.\u00a0<\/p>\t\t\t\t\t\t\t\t<\/div>\n\t\t\t\t<\/div>\n\t\t\t\t<div class=\"elementor-element elementor-element-1b76609 elementor-widget elementor-widget-heading\" data-id=\"1b76609\" data-element_type=\"widget\" data-e-type=\"widget\" data-widget_type=\"heading.default\">\n\t\t\t\t<div class=\"elementor-widget-container\">\n\t\t\t\t\t<h2 class=\"elementor-heading-title elementor-size-default\">Dukaj o sztucznej inteligencji oraz o przemijaniu kultury pisma<\/h2>\t\t\t\t<\/div>\n\t\t\t\t<\/div>\n\t\t\t\t<div class=\"elementor-element elementor-element-6ef8243 elementor-widget elementor-widget-text-editor\" data-id=\"6ef8243\" data-element_type=\"widget\" data-e-type=\"widget\" data-widget_type=\"text-editor.default\">\n\t\t\t\t<div class=\"elementor-widget-container\">\n\t\t\t\t\t\t\t\t\t<p>M\u00f3j brat podes\u0142a\u0142 mi kilka dni temu bardzo ciekaw\u0105 <span style=\"color: #0000ff;\"><a style=\"color: #0000ff;\" href=\"https:\/\/youtu.be\/wgmt-zVcRZM\" target=\"_blank\" rel=\"noopener nofollow\">rozmow\u0119 z Jackiem Dukajem na kanale Strategy&amp;Future<\/a><\/span>. Dukaj jest <span style=\"color: #0000ff;\"><a style=\"color: #0000ff;\" href=\"https:\/\/pl.wikipedia.org\/wiki\/Jacek_Dukaj#:~:text=Najcz%C4%99%C5%9Bciej%20nagradzany%20polski%20pisarz%20fantastyczny\" target=\"_blank\" rel=\"noopener nofollow\">najcz\u0119\u015bciej nagradzanym polskim pisarzem fantastyki<\/a><\/span>. Ma ogromn\u0105 wiedz\u0119 i przenikliwy umys\u0142. Podlinkowany wy\u017cej materia\u0142 polecam wszystkim, kt\u00f3rych interesuje temat wp\u0142ywu sztucznej inteligencji na zmiany polityczne i spo\u0142eczne.<\/p><p>Dukaj porusza tematy nie tylko wp\u0142ywu sztucznej inteligencji na przysz\u0142o\u015b\u0107 ludzko\u015bci (m.in. ciekawy w\u0105tek wykorzystania AI w polityce), ale tak\u017ce potwierdzi\u0142 co\u015b, co od dawna chodzi\u0142o mi po g\u0142owie w kontek\u015bcie wychowywania w\u0142asnych dzieci. Dukaj wskaza\u0142, i\u017c fakt, \u017ce dzi\u015b dzieci wol\u0105 ogl\u0105da\u0107 ni\u017c czyta\u0107, niekoniecznie jest czym\u015b z\u0142ym.<\/p><p>To, co jest dobre a co z\u0142e dla ludzi, jest bezpo\u015bredni\u0105 pochodn\u0105 tego, w jakiej kulturze jeste\u015bmy wychowani. Dukaj t\u0142umaczy, \u017ce ludzie wychowani w kulturze oralnej (np. czasy plato\u0144skie, gdzie m\u0105dro\u015b\u0107 przekazywana by\u0142a przede wszystkim przemow\u0105, a nie pismem), utrzymywali, \u017ce <strong>nadej\u015bcie pisma przyniesie upadek i barbarzy\u0144stwo<\/strong>. St\u0105d <span style=\"color: #0000ff;\"><a style=\"color: #0000ff;\" href=\"https:\/\/pl.wikipedia.org\/wiki\/Uczta_(dialog_Platona)\" target=\"_blank\" rel=\"noopener nofollow\">Dialogi Platona<\/a><\/span> opisuj\u0105, dlaczego ludzie wychowani w pi\u015bmie nie mog\u0105 by\u0107 m\u0119drcami. T\u0142umacz\u0105, \u017ce osoba wychowana w pi\u015bmie otrzymuje wiedz\u0119 za pomoc\u0105 tekstu, nie odkrywaj\u0105c jej w\u0142asnym my\u015bleniem. Taka osoba nic nie rozumie, ona jedynie powtarza tekst i to ten tekst rozumie za za t\u0119 osob\u0119.<\/p><p>My jeste\u015bmy ju\u017c dzie\u0107mi kultury pisma i nasze warto\u015bci le\u017c\u0105 gdzie indziej. My patrzymy na kultur\u0119 oraln\u0105 jak na kultur\u0119 prymitywn\u0105. Dukaj przedstawia r\u00f3wnie\u017c przyk\u0142ady zupe\u0142nie innego sposobu my\u015blenia ludzi kultury pisma i ludzi kultury oralnej.<\/p><p>Obecnie jeste\u015bmy \u015bwiadkami pojawiania si\u0119 nowej kultury audiowizualnej. Ta kultura znowu gdzie indziej stawia warto\u015bci ni\u017c kultur\u0119 pisma. Dzieci kultury audiowizulanej patrz\u0105 na kultur\u0119 pisma, jak na co\u015b przestarza\u0142ego, a z czasem pewnie prymitywnego.<\/p><p>Kultura audiowizualana te\u017c oczywi\u015bcie zostanie kiedy\u015b zast\u0105piona, by\u0107 mo\u017ce kultur\u0105 quasi telepatii, do kt\u00f3rej zmierzaj\u0105 takie projekty jak <span style=\"color: #0000ff;\"><a style=\"color: #0000ff;\" href=\"https:\/\/neuralink.com\/\" target=\"_blank\" rel=\"noopener nofollow\">Neuralink<\/a><\/span> Elona Muska.<\/p><p>Tu powraca do mych my\u015bli inne pytanie: je\u015bli Zosia ma dost\u0119p do tableta tylko przez 30 minut dziennie, to czy pomagamy jej rozwin\u0105\u0107 si\u0119 w kulturze audiowizualnej, czy te\u017c spowalniamy ten rozw\u00f3j?<\/p>\t\t\t\t\t\t\t\t<\/div>\n\t\t\t\t<\/div>\n\t\t\t\t<div class=\"elementor-element elementor-element-6a04f1cd elementor-widget elementor-widget-text-editor\" data-id=\"6a04f1cd\" data-element_type=\"widget\" data-e-type=\"widget\" data-widget_type=\"text-editor.default\">\n\t\t\t\t<div class=\"elementor-widget-container\">\n\t\t\t\t\t\t\t\t\t<strong>Najcz\u0119\u015bciej czytane<\/strong>:\n<ol>\n \t<li><span style=\"font-size: 16px;\"><strong><span style=\"color: #0000ff;\"><a style=\"color: #0000ff;\" href=\"https:\/\/elementapp.ai\/darmowe-ogloszenia-z-ofertami-pracy\">Darmowe og\u0142oszenia o prac\u0119 i najwi\u0119ksza lista \u017ar\u00f3de\u0142 kandydat\u00f3w<\/a><\/span><\/strong> &#8211; najwi\u0119ksza w Polsce lista bezp\u0142atnych i p\u0142atnych \u017ar\u00f3de\u0142 kandydat\u00f3w<\/span><\/li>\n \t<li><a href=\"https:\/\/elementapp.ai\/wszystko-o-ats#job-monit\"><span style=\"color: #0000ff;\"><strong>Job Monit HR<\/strong><\/span><\/a> <span style=\"color: #000000;\"> &#8211; wynagrodzenia i oferty pracy w HR<\/span><\/li>\n \t<li><a href=\"https:\/\/elementapp.ai\/akademia-rekrutacji\"><span style=\"color: #0000ff;\"><strong>Akademia Rekrutacji<\/strong><\/a> <span style=\"color: #000000;\">&#8211; zbi\u00f3r wiedzy na temat rekrutacji oraz raporty z rynku pracy.<\/span><\/span><\/li>\n \t<li><strong><span style=\"color: #0000ff;\"><a style=\"color: #0000ff;\" href=\"https:\/\/elementapp.ai\/blog\/gowork-jak-reagowac-na-negatywne-opinie-o-pracodawcach\/\">Gowork &#8211; jak reagowa\u0107 na negatywne opinie o pracodawcach<\/a><\/span><\/strong> &#8211; Kompleksowy poradnik dla pracodawc\u00f3w.<\/li>\n \t<li><a href=\"https:\/\/elementapp.ai\/blog\/sztuczna-inteligencja-wrzuca-drugi-bieg-takze-w-rekrutacji-przyklady\/\"><span style=\"color: #0000ff;\"><b>Sztuczna inteligencja w rekrutacji i Chat GPT-3<\/b><\/span><\/a>\u00a0&#8211; wszystko co musisz wiedzie\u0107 o najnowszej wersji sztucznej inteligencji i jej mo\u017cliwych zastosowaniach, tak\u017ce w rekrutacji.<\/li>\n \t<li><strong><span style=\"color: #0000ff;\"><a style=\"color: #0000ff;\" href=\"https:\/\/elementapp.ai\/blog\/rodo-w-rekrutacji-sourcing-i-direct-search-wszystko-co-musisz-wiedziec\/\">RODO w rekrutacji &#8211; sourcing, direct search, og\u0142oszenia. Wszystko co musisz wiedzie\u0107<\/a><\/span><\/strong> &#8211; kompleksowy poradnik RODO w rekrutacji z naciskiem na dzia\u0142ania typu direct search \/ sourcing.<\/li>\n<\/ol>\t\t\t\t\t\t\t\t<\/div>\n\t\t\t\t<\/div>\n\t\t\t\t<div class=\"elementor-element elementor-element-7793342c elementor-author-box--image-valign-middle elementor-widget elementor-widget-author-box\" data-id=\"7793342c\" data-element_type=\"widget\" data-e-type=\"widget\" data-widget_type=\"author-box.default\">\n\t\t\t\t<div class=\"elementor-widget-container\">\n\t\t\t\t\t\t\t<div class=\"elementor-author-box\">\n\t\t\t\t\t\t\t<a href=\"https:\/\/www.linkedin.com\/in\/maciejmichalewski\/\" class=\"elementor-author-box__avatar\">\n\t\t\t\t\t<img decoding=\"async\" src=\"https:\/\/elementapp.ai\/blog\/wp-content\/uploads\/2020\/01\/profile-photo.jpg\" alt=\"Picture of Maciej Michalewski\" loading=\"lazy\">\n\t\t\t\t<\/a>\n\t\t\t\n\t\t\t<div class=\"elementor-author-box__text\">\n\t\t\t\t\t\t\t\t\t<a href=\"https:\/\/www.linkedin.com\/in\/maciejmichalewski\/\">\n\t\t\t\t\t\t<h4 class=\"elementor-author-box__name\">\n\t\t\t\t\t\t\tMaciej Michalewski\t\t\t\t\t\t<\/h4>\n\t\t\t\t\t<\/a>\n\t\t\t\t\n\t\t\t\t\t\t\t\t\t<div class=\"elementor-author-box__bio\">\n\t\t\t\t\t\t<p>CEO @ Element. Recruitment Automation Software<\/p>\n\t\t\t\t\t<\/div>\n\t\t\t\t\n\t\t\t\t\t\t\t<\/div>\n\t\t<\/div>\n\t\t\t\t\t\t<\/div>\n\t\t\t\t<\/div>\n\t\t\t\t<div class=\"elementor-element elementor-element-90b7eb1 elementor-widget-divider--view-line elementor-widget elementor-widget-divider\" data-id=\"90b7eb1\" data-element_type=\"widget\" data-e-type=\"widget\" data-widget_type=\"divider.default\">\n\t\t\t\t<div class=\"elementor-widget-container\">\n\t\t\t\t\t\t\t<div class=\"elementor-divider\">\n\t\t\t<span class=\"elementor-divider-separator\">\n\t\t\t\t\t\t<\/span>\n\t\t<\/div>\n\t\t\t\t\t\t<\/div>\n\t\t\t\t<\/div>\n\t\t\t\t<div class=\"elementor-element elementor-element-72e6b55c elementor-widget elementor-widget-image\" data-id=\"72e6b55c\" data-element_type=\"widget\" data-e-type=\"widget\" data-widget_type=\"image.default\">\n\t\t\t\t<div class=\"elementor-widget-container\">\n\t\t\t\t\t\t\t\t\t\t\t\t\t\t\t\t<a href=\"https:\/\/elementapp.ai\/#sprawdz-demo\">\n\t\t\t\t\t\t\t<img fetchpriority=\"high\" decoding=\"async\" width=\"1200\" height=\"554\" src=\"https:\/\/elementapp.ai\/blog\/wp-content\/uploads\/2021\/12\/system-ATS-Element-CTA.png\" class=\"attachment-large size-large wp-image-6166\" alt=\"System ATS Element - poznaj bezp\u0142atnie\" srcset=\"https:\/\/elementapp.ai\/blog\/wp-content\/uploads\/2021\/12\/system-ATS-Element-CTA.png 1300w, https:\/\/elementapp.ai\/blog\/wp-content\/uploads\/2021\/12\/system-ATS-Element-CTA-300x138.png 300w, https:\/\/elementapp.ai\/blog\/wp-content\/uploads\/2021\/12\/system-ATS-Element-CTA-768x354.png 768w\" sizes=\"(max-width: 1200px) 100vw, 1200px\" \/>\t\t\t\t\t\t\t\t<\/a>\n\t\t\t\t\t\t\t\t\t\t\t\t\t\t\t<\/div>\n\t\t\t\t<\/div>\n\t\t\t\t<div class=\"elementor-element elementor-element-5c977094 elementor-widget elementor-widget-text-editor\" data-id=\"5c977094\" data-element_type=\"widget\" data-e-type=\"widget\" data-widget_type=\"text-editor.default\">\n\t\t\t\t<div class=\"elementor-widget-container\">\n\t\t\t\t\t\t\t\t\t<p>Nasze artyku\u0142y przeczytasz tak\u017ce na <span style=\"color: #0000ff;\"><a style=\"color: #0000ff;\" href=\"https:\/\/maciejm.medium.com\/zarz%C4%85dzanie-zasobami-ludzkimi-zaczyna-si%C4%99-od-wychowania-naszych-dzieci-f8e9f28f3e94\" rel=\"noopener nofollow\">Medium<\/a><\/span>, <a style=\"font-size: 16px; background-color: #ffffff; color: #0000ff;\" href=\"https:\/\/maciejm.substack.com\/p\/zarzadzanie-zasobami-ludzkimi-zaczyna?sd=pf\" rel=\"noopener nofollow\">Substack<\/a>, <a style=\"font-size: 16px; background-color: #ffffff;\" href=\"https:\/\/element.hashnode.dev\/zarzadzanie-zasobami-ludzkimi-zaczyna-sie-od-wychowania-naszych-dzieci\" rel=\"noopener nofollow\"><span style=\"color: #0000ff;\">Hashnode<\/span><\/a>, <a style=\"font-size: 16px; background-color: #ffffff; color: #0000ff;\" href=\"https:\/\/tealfeed.com\/zarzdzanie-zasobami-ludzkimi-zaczyna-si-od-jbezs\" rel=\"noopener nofollow\">Tealfeed<\/a>, <span style=\"color: #0000ff;\"><a style=\"color: #0000ff;\" href=\"https:\/\/www.polywork.com\/maciej\" rel=\"noopener nofollow\">Polywork<\/a><\/span><\/p>\t\t\t\t\t\t\t\t<\/div>\n\t\t\t\t<\/div>\n\t\t\t\t\t<\/div>\n\t\t<\/div>\n\t\t\t\t<div class=\"elementor-column elementor-col-33 elementor-top-column elementor-element elementor-element-6a800d94\" data-id=\"6a800d94\" data-element_type=\"column\" data-e-type=\"column\">\n\t\t\t<div class=\"elementor-widget-wrap elementor-element-populated\">\n\t\t\t\t\t\t<div class=\"elementor-element elementor-element-b2dc7f8 elementor-widget elementor-widget-heading\" data-id=\"b2dc7f8\" data-element_type=\"widget\" data-e-type=\"widget\" data-widget_type=\"heading.default\">\n\t\t\t\t<div class=\"elementor-widget-container\">\n\t\t\t\t\t<h3 class=\"elementor-heading-title elementor-size-default\">Ostatnie wpisy:<\/h3>\t\t\t\t<\/div>\n\t\t\t\t<\/div>\n\t\t\t\t<div class=\"elementor-element elementor-element-7b2e1123 elementor-grid-1 elementor-grid-tablet-1 elementor-grid-mobile-1 elementor-posts--thumbnail-top elementor-widget elementor-widget-posts\" data-id=\"7b2e1123\" data-element_type=\"widget\" data-e-type=\"widget\" data-settings=\"{&quot;classic_columns&quot;:&quot;1&quot;,&quot;classic_columns_tablet&quot;:&quot;1&quot;,&quot;classic_row_gap&quot;:{&quot;unit&quot;:&quot;px&quot;,&quot;size&quot;:26,&quot;sizes&quot;:[]},&quot;classic_columns_mobile&quot;:&quot;1&quot;,&quot;classic_row_gap_tablet&quot;:{&quot;unit&quot;:&quot;px&quot;,&quot;size&quot;:&quot;&quot;,&quot;sizes&quot;:[]},&quot;classic_row_gap_mobile&quot;:{&quot;unit&quot;:&quot;px&quot;,&quot;size&quot;:&quot;&quot;,&quot;sizes&quot;:[]}}\" data-widget_type=\"posts.classic\">\n\t\t\t\t<div class=\"elementor-widget-container\">\n\t\t\t\t\t\t\t<div class=\"elementor-posts-container elementor-posts elementor-posts--skin-classic elementor-grid\" role=\"list\">\n\t\t\t\t<article class=\"elementor-post elementor-grid-item post-14158 post type-post status-publish format-standard has-post-thumbnail hentry category-blog-posts tag-agenci-ai tag-ai-w-enterprise tag-aron-levie tag-change-management tag-headless-software tag-transformacja-cyfrowa\" role=\"listitem\">\n\t\t\t\t<a class=\"elementor-post__thumbnail__link\" href=\"https:\/\/elementapp.ai\/blog\/agenci-ai-nie-zmienia-firm-ktore-nie-zmienia-sie-same\/\" tabindex=\"-1\" >\n\t\t\t<div class=\"elementor-post__thumbnail\"><img decoding=\"async\" width=\"300\" height=\"158\" src=\"https:\/\/elementapp.ai\/blog\/wp-content\/uploads\/2026\/04\/social-agenci-ai-enterprise-levie-v2-300x158.png\" class=\"attachment-medium size-medium wp-image-14164\" alt=\"\" srcset=\"https:\/\/elementapp.ai\/blog\/wp-content\/uploads\/2026\/04\/social-agenci-ai-enterprise-levie-v2-300x158.png 300w, https:\/\/elementapp.ai\/blog\/wp-content\/uploads\/2026\/04\/social-agenci-ai-enterprise-levie-v2-768x403.png 768w, https:\/\/elementapp.ai\/blog\/wp-content\/uploads\/2026\/04\/social-agenci-ai-enterprise-levie-v2.png 1200w\" sizes=\"(max-width: 300px) 100vw, 300px\" \/><\/div>\n\t\t<\/a>\n\t\t\t\t<div class=\"elementor-post__text\">\n\t\t\t\t<h3 class=\"elementor-post__title\">\n\t\t\t<a href=\"https:\/\/elementapp.ai\/blog\/agenci-ai-nie-zmienia-firm-ktore-nie-zmienia-sie-same\/\" >\n\t\t\t\tAgenci AI nie zmieni\u0105 firm, kt\u00f3re nie zmieni\u0105 si\u0119 same\t\t\t<\/a>\n\t\t<\/h3>\n\t\t\t\t<div class=\"elementor-post__meta-data\">\n\t\t\t\t\t<span class=\"elementor-post-author\">\n\t\t\tMaciej Michalewski\t\t<\/span>\n\t\t\t\t<span class=\"elementor-post-date\">\n\t\t\t13 kwietnia 2026\t\t<\/span>\n\t\t\t\t<\/div>\n\t\t\t\t<div class=\"elementor-post__excerpt\">\n\t\t\t<p>Aron Levie, CEO Box, spotka\u0142 si\u0119 z kilkudziesi\u0119cioma liderami IT i AI z du\u017cych przedsi\u0119biorstw. Jego obserwacje o agentach AI w enterprise potwierdzaj\u0105 trendy, kt\u00f3re widz\u0119 w codziennej pracy z firmami wdra\u017caj\u0105cymi AI.<\/p>\n\t\t<\/div>\n\t\t\n\t\t<a class=\"elementor-post__read-more\" href=\"https:\/\/elementapp.ai\/blog\/agenci-ai-nie-zmienia-firm-ktore-nie-zmienia-sie-same\/\" aria-label=\"Read more about Agenci AI nie zmieni\u0105 firm, kt\u00f3re nie zmieni\u0105 si\u0119 same\" tabindex=\"-1\" >\n\t\t\tCzytaj wi\u0119cej \u00bb\t\t<\/a>\n\n\t\t\t\t<\/div>\n\t\t\t\t<\/article>\n\t\t\t\t<article class=\"elementor-post elementor-grid-item post-14134 post type-post status-publish format-standard has-post-thumbnail hentry category-blog-posts\" role=\"listitem\">\n\t\t\t\t<a class=\"elementor-post__thumbnail__link\" href=\"https:\/\/elementapp.ai\/blog\/gallup-2026-zaangazowanie-pracownikow-menedzerowie-ai\/\" tabindex=\"-1\" >\n\t\t\t<div class=\"elementor-post__thumbnail\"><img decoding=\"async\" width=\"300\" height=\"164\" src=\"https:\/\/elementapp.ai\/blog\/wp-content\/uploads\/2026\/04\/hero-gallup-2026-v3-300x164.jpg\" class=\"attachment-medium size-medium wp-image-14138\" alt=\"\" srcset=\"https:\/\/elementapp.ai\/blog\/wp-content\/uploads\/2026\/04\/hero-gallup-2026-v3-300x164.jpg 300w, https:\/\/elementapp.ai\/blog\/wp-content\/uploads\/2026\/04\/hero-gallup-2026-v3-768x419.jpg 768w, https:\/\/elementapp.ai\/blog\/wp-content\/uploads\/2026\/04\/hero-gallup-2026-v3-1536x837.jpg 1536w, https:\/\/elementapp.ai\/blog\/wp-content\/uploads\/2026\/04\/hero-gallup-2026-v3.jpg 1600w\" sizes=\"(max-width: 300px) 100vw, 300px\" \/><\/div>\n\t\t<\/a>\n\t\t\t\t<div class=\"elementor-post__text\">\n\t\t\t\t<h3 class=\"elementor-post__title\">\n\t\t\t<a href=\"https:\/\/elementapp.ai\/blog\/gallup-2026-zaangazowanie-pracownikow-menedzerowie-ai\/\" >\n\t\t\t\tGallup 2026: \u015bwiat pracy si\u0119 sypie, a mened\u017cerowie trac\u0105 zapa\u0142 szybciej ni\u017c reszta\t\t\t<\/a>\n\t\t<\/h3>\n\t\t\t\t<div class=\"elementor-post__meta-data\">\n\t\t\t\t\t<span class=\"elementor-post-author\">\n\t\t\tMaciej Michalewski\t\t<\/span>\n\t\t\t\t<span class=\"elementor-post-date\">\n\t\t\t8 kwietnia 2026\t\t<\/span>\n\t\t\t\t<\/div>\n\t\t\t\t<div class=\"elementor-post__excerpt\">\n\t\t\t<p>Raport Gallup State of the Global Workplace 2026 pokazuje, \u017ce globalne zaanga\u017cowanie spad\u0142o do 20%, a mened\u017cerowie trac\u0105 zapa\u0142 szybciej ni\u017c ich zespo\u0142y. Paradoks AI: indywidualna produktywno\u015b\u0107 ro\u015bnie, organizacyjna nie.<\/p>\n\t\t<\/div>\n\t\t\n\t\t<a class=\"elementor-post__read-more\" href=\"https:\/\/elementapp.ai\/blog\/gallup-2026-zaangazowanie-pracownikow-menedzerowie-ai\/\" aria-label=\"Read more about Gallup 2026: \u015bwiat pracy si\u0119 sypie, a mened\u017cerowie trac\u0105 zapa\u0142 szybciej ni\u017c reszta\" tabindex=\"-1\" >\n\t\t\tCzytaj wi\u0119cej \u00bb\t\t<\/a>\n\n\t\t\t\t<\/div>\n\t\t\t\t<\/article>\n\t\t\t\t<article class=\"elementor-post elementor-grid-item post-14119 post type-post status-publish format-standard has-post-thumbnail hentry category-blog-posts\" role=\"listitem\">\n\t\t\t\t<a class=\"elementor-post__thumbnail__link\" href=\"https:\/\/elementapp.ai\/blog\/wielka-reorganizacja-firmy-przebudowuja-sie-woko-ai\/\" tabindex=\"-1\" >\n\t\t\t<div class=\"elementor-post__thumbnail\"><img loading=\"lazy\" decoding=\"async\" width=\"300\" height=\"158\" src=\"https:\/\/elementapp.ai\/blog\/wp-content\/uploads\/2026\/04\/hero-wielka-reorganizacja-v2-300x158.jpg\" class=\"attachment-medium size-medium wp-image-14127\" alt=\"\" srcset=\"https:\/\/elementapp.ai\/blog\/wp-content\/uploads\/2026\/04\/hero-wielka-reorganizacja-v2-300x158.jpg 300w, https:\/\/elementapp.ai\/blog\/wp-content\/uploads\/2026\/04\/hero-wielka-reorganizacja-v2-768x403.jpg 768w, https:\/\/elementapp.ai\/blog\/wp-content\/uploads\/2026\/04\/hero-wielka-reorganizacja-v2.jpg 1200w\" sizes=\"(max-width: 300px) 100vw, 300px\" \/><\/div>\n\t\t<\/a>\n\t\t\t\t<div class=\"elementor-post__text\">\n\t\t\t\t<h3 class=\"elementor-post__title\">\n\t\t\t<a href=\"https:\/\/elementapp.ai\/blog\/wielka-reorganizacja-firmy-przebudowuja-sie-woko-ai\/\" >\n\t\t\t\tWielka reorganizacja: firmy przebudowuj\u0105 si\u0119 wok\u00f3\u0142 AI\t\t\t<\/a>\n\t\t<\/h3>\n\t\t\t\t<div class=\"elementor-post__meta-data\">\n\t\t\t\t\t<span class=\"elementor-post-author\">\n\t\t\tMaciej Michalewski\t\t<\/span>\n\t\t\t\t<span class=\"elementor-post-date\">\n\t\t\t1 kwietnia 2026\t\t<\/span>\n\t\t\t\t<\/div>\n\t\t\t\t<div class=\"elementor-post__excerpt\">\n\t\t\t<p>Foundation Capital zbada\u0142o 25 firm i odkry\u0142o, \u017ce AI zmienia nie tylko narz\u0119dzia, ale ca\u0142\u0105 struktur\u0119 organizacji. Cztery role pozostan\u0105 ludzkie.<\/p>\n\t\t<\/div>\n\t\t\n\t\t<a class=\"elementor-post__read-more\" href=\"https:\/\/elementapp.ai\/blog\/wielka-reorganizacja-firmy-przebudowuja-sie-woko-ai\/\" aria-label=\"Read more about Wielka reorganizacja: firmy przebudowuj\u0105 si\u0119 wok\u00f3\u0142 AI\" tabindex=\"-1\" >\n\t\t\tCzytaj wi\u0119cej \u00bb\t\t<\/a>\n\n\t\t\t\t<\/div>\n\t\t\t\t<\/article>\n\t\t\t\t<article class=\"elementor-post elementor-grid-item post-14110 post type-post status-publish format-standard has-post-thumbnail hentry category-blog-posts\" role=\"listitem\">\n\t\t\t\t<a class=\"elementor-post__thumbnail__link\" href=\"https:\/\/elementapp.ai\/blog\/social-media-polaryzuja-ai-depolaryzuje\/\" tabindex=\"-1\" >\n\t\t\t<div class=\"elementor-post__thumbnail\"><img loading=\"lazy\" decoding=\"async\" width=\"300\" height=\"158\" src=\"https:\/\/elementapp.ai\/blog\/wp-content\/uploads\/2026\/03\/hero_polaryzacja-300x158.jpg\" class=\"attachment-medium size-medium wp-image-14102\" alt=\"\" srcset=\"https:\/\/elementapp.ai\/blog\/wp-content\/uploads\/2026\/03\/hero_polaryzacja-300x158.jpg 300w, https:\/\/elementapp.ai\/blog\/wp-content\/uploads\/2026\/03\/hero_polaryzacja-768x403.jpg 768w, https:\/\/elementapp.ai\/blog\/wp-content\/uploads\/2026\/03\/hero_polaryzacja.jpg 1200w\" sizes=\"(max-width: 300px) 100vw, 300px\" \/><\/div>\n\t\t<\/a>\n\t\t\t\t<div class=\"elementor-post__text\">\n\t\t\t\t<h3 class=\"elementor-post__title\">\n\t\t\t<a href=\"https:\/\/elementapp.ai\/blog\/social-media-polaryzuja-ai-depolaryzuje\/\" >\n\t\t\t\tSocial Media polaryzuj\u0105. AI depolaryzuje?\t\t\t<\/a>\n\t\t<\/h3>\n\t\t\t\t<div class=\"elementor-post__meta-data\">\n\t\t\t\t\t<span class=\"elementor-post-author\">\n\t\t\tMaciej Michalewski\t\t<\/span>\n\t\t\t\t<span class=\"elementor-post-date\">\n\t\t\t30 marca 2026\t\t<\/span>\n\t\t\t\t<\/div>\n\t\t\t\t<div class=\"elementor-post__excerpt\">\n\t\t\t<p>Social Media polaryzuj\u0105. AI depolaryzuje? Wprowadzenie Niedawno chwali\u0142em Groka za fakt, \u017ce najmniej halucynuje i jest najmniej politycznie poprawny. Teraz mamy kolejne dane, kt\u00f3re uzupe\u0142niaj\u0105<\/p>\n\t\t<\/div>\n\t\t\n\t\t<a class=\"elementor-post__read-more\" href=\"https:\/\/elementapp.ai\/blog\/social-media-polaryzuja-ai-depolaryzuje\/\" aria-label=\"Read more about Social Media polaryzuj\u0105. AI depolaryzuje?\" tabindex=\"-1\" >\n\t\t\tCzytaj wi\u0119cej \u00bb\t\t<\/a>\n\n\t\t\t\t<\/div>\n\t\t\t\t<\/article>\n\t\t\t\t<article class=\"elementor-post elementor-grid-item post-14094 post type-post status-publish format-standard has-post-thumbnail hentry category-blog-posts\" role=\"listitem\">\n\t\t\t\t<a class=\"elementor-post__thumbnail__link\" href=\"https:\/\/elementapp.ai\/blog\/automatyzacja-prac-fizycznych-physical-intelligence\/\" tabindex=\"-1\" >\n\t\t\t<div class=\"elementor-post__thumbnail\"><img loading=\"lazy\" decoding=\"async\" width=\"300\" height=\"158\" src=\"https:\/\/elementapp.ai\/blog\/wp-content\/uploads\/2026\/03\/hero_physical_ai-1-300x158.jpg\" class=\"attachment-medium size-medium wp-image-14096\" alt=\"\" srcset=\"https:\/\/elementapp.ai\/blog\/wp-content\/uploads\/2026\/03\/hero_physical_ai-1-300x158.jpg 300w, https:\/\/elementapp.ai\/blog\/wp-content\/uploads\/2026\/03\/hero_physical_ai-1-768x403.jpg 768w, https:\/\/elementapp.ai\/blog\/wp-content\/uploads\/2026\/03\/hero_physical_ai-1.jpg 1200w\" sizes=\"(max-width: 300px) 100vw, 300px\" \/><\/div>\n\t\t<\/a>\n\t\t\t\t<div class=\"elementor-post__text\">\n\t\t\t\t<h3 class=\"elementor-post__title\">\n\t\t\t<a href=\"https:\/\/elementapp.ai\/blog\/automatyzacja-prac-fizycznych-physical-intelligence\/\" >\n\t\t\t\tRobot z polskim rodowodem, kt\u00f3ry wkr\u0119ca \u015bruby szybciej od cz\u0142owieka\t\t\t<\/a>\n\t\t<\/h3>\n\t\t\t\t<div class=\"elementor-post__meta-data\">\n\t\t\t\t\t<span class=\"elementor-post-author\">\n\t\t\tMaciej Michalewski\t\t<\/span>\n\t\t\t\t<span class=\"elementor-post-date\">\n\t\t\t24 marca 2026\t\t<\/span>\n\t\t\t\t<\/div>\n\t\t\t\t<div class=\"elementor-post__excerpt\">\n\t\t\t<p>Robot z polskim rodowodem, kt\u00f3ry wkr\u0119ca \u015bruby szybciej od cz\u0142owieka Kiedy m\u00f3wimy o automatyzacji, wi\u0119kszo\u015b\u0107 ludzi my\u015bli o chatbotach, generatorach obraz\u00f3w i asystentach programowania. Tymczasem<\/p>\n\t\t<\/div>\n\t\t\n\t\t<a class=\"elementor-post__read-more\" href=\"https:\/\/elementapp.ai\/blog\/automatyzacja-prac-fizycznych-physical-intelligence\/\" aria-label=\"Read more about Robot z polskim rodowodem, kt\u00f3ry wkr\u0119ca \u015bruby szybciej od cz\u0142owieka\" tabindex=\"-1\" >\n\t\t\tCzytaj wi\u0119cej \u00bb\t\t<\/a>\n\n\t\t\t\t<\/div>\n\t\t\t\t<\/article>\n\t\t\t\t<article class=\"elementor-post elementor-grid-item post-14081 post type-post status-publish format-standard has-post-thumbnail hentry category-blog-posts\" role=\"listitem\">\n\t\t\t\t<a class=\"elementor-post__thumbnail__link\" href=\"https:\/\/elementapp.ai\/blog\/wiersze-ai-podobaja-sie-bardziej-niz-poezja-szekspira\/\" tabindex=\"-1\" >\n\t\t\t<div class=\"elementor-post__thumbnail\"><img loading=\"lazy\" decoding=\"async\" width=\"300\" height=\"158\" src=\"https:\/\/elementapp.ai\/blog\/wp-content\/uploads\/2026\/03\/hero_ai_poetry-300x158.jpg\" class=\"attachment-medium size-medium wp-image-14080\" alt=\"\" srcset=\"https:\/\/elementapp.ai\/blog\/wp-content\/uploads\/2026\/03\/hero_ai_poetry-300x158.jpg 300w, https:\/\/elementapp.ai\/blog\/wp-content\/uploads\/2026\/03\/hero_ai_poetry-768x403.jpg 768w, https:\/\/elementapp.ai\/blog\/wp-content\/uploads\/2026\/03\/hero_ai_poetry.jpg 1200w\" sizes=\"(max-width: 300px) 100vw, 300px\" \/><\/div>\n\t\t<\/a>\n\t\t\t\t<div class=\"elementor-post__text\">\n\t\t\t\t<h3 class=\"elementor-post__title\">\n\t\t\t<a href=\"https:\/\/elementapp.ai\/blog\/wiersze-ai-podobaja-sie-bardziej-niz-poezja-szekspira\/\" >\n\t\t\t\tWiersze AI podobaj\u0105 si\u0119 bardziej ni\u017c poezja Szekspira\t\t\t<\/a>\n\t\t<\/h3>\n\t\t\t\t<div class=\"elementor-post__meta-data\">\n\t\t\t\t\t<span class=\"elementor-post-author\">\n\t\t\tMaciej Michalewski\t\t<\/span>\n\t\t\t\t<span class=\"elementor-post-date\">\n\t\t\t18 marca 2026\t\t<\/span>\n\t\t\t\t<\/div>\n\t\t\t\t<div class=\"elementor-post__excerpt\">\n\t\t\t<p>Wiersze AI podobaj\u0105 si\u0119 bardziej ni\u017c poezja Szekspira Wprowadzenie Badanie opublikowane w Scientific Reports (Nature) dostarczy\u0142o wynik\u00f3w, kt\u00f3re powinny zainteresowa\u0107 ka\u017cdego, kto uwa\u017ca, \u017ce ludzk\u0105<\/p>\n\t\t<\/div>\n\t\t\n\t\t<a class=\"elementor-post__read-more\" href=\"https:\/\/elementapp.ai\/blog\/wiersze-ai-podobaja-sie-bardziej-niz-poezja-szekspira\/\" aria-label=\"Read more about Wiersze AI podobaj\u0105 si\u0119 bardziej ni\u017c poezja Szekspira\" tabindex=\"-1\" >\n\t\t\tCzytaj wi\u0119cej \u00bb\t\t<\/a>\n\n\t\t\t\t<\/div>\n\t\t\t\t<\/article>\n\t\t\t\t<\/div>\n\t\t\n\t\t\t\t\t\t<\/div>\n\t\t\t\t<\/div>\n\t\t\t\t\t<\/div>\n\t\t<\/div>\n\t\t\t\t\t<\/div>\n\t\t<\/section>\n\t\t\t\t<\/div>\n\t\t","protected":false},"excerpt":{"rendered":"<p>Human Resources, czyli zarz\u0105dzanie zasobami ludzkimi, zaczynajmy od edukacji naszych dzieci. Kilka uwag o obecnej sytuacji nauczycieli i przysz\u0142o\u015bci systemu edukacji.<\/p>\n","protected":false},"author":1,"featured_media":0,"comment_status":"open","ping_status":"open","sticky":false,"template":"","format":"standard","meta":{"_acf_changed":false,"_yoast_wpseo_focuskw":"","_yoast_wpseo_title":"%%title%%","_yoast_wpseo_metadesc":"HR, czyli zarz\u0105dzanie zasobami ludzkimi, zaczynajmy od edukacji naszych dzieci. Moje spostrze\u017cenia o patologii systemu edukacji.","_yoast_wpseo_opengraph-title":"","_yoast_wpseo_opengraph-description":"","_yoast_wpseo_opengraph-image":"https:\/\/elementapp.ai\/blog\/wp-content\/uploads\/2023\/02\/HR-zarzadzanie-zasobami-ludzkimi-zaczyna-sie-od-edukacji-dzieci.png","_yoast_wpseo_opengraph-image-id":9010,"_yoast_wpseo_twitter-title":"","_yoast_wpseo_twitter-description":"","_yoast_wpseo_twitter-image":"","_yoast_wpseo_twitter-image-id":0,"inline_featured_image":false,"site-sidebar-layout":"default","site-content-layout":"default","ast-global-header-display":"","ast-main-header-display":"","ast-hfb-above-header-display":"","ast-hfb-below-header-display":"","ast-hfb-mobile-header-display":"","site-post-title":"","ast-breadcrumbs-content":"","ast-featured-img":"","footer-sml-layout":"","theme-transparent-header-meta":"","adv-header-id-meta":"","stick-header-meta":"","header-above-stick-meta":"","header-main-stick-meta":"","header-below-stick-meta":"","footnotes":""},"categories":[2],"tags":[],"class_list":["post-8968","post","type-post","status-publish","format-standard","hentry","category-blog-posts"],"acf":[],"yoast_head":"<!-- This site is optimized with the Yoast SEO Premium plugin v27.4 (Yoast SEO v27.4) - https:\/\/yoast.com\/product\/yoast-seo-premium-wordpress\/ -->\n<title>Zarz\u0105dzanie zasobami ludzkimi zaczyna si\u0119 od edukacji naszych dzieci<\/title>\n<meta name=\"description\" content=\"HR, czyli zarz\u0105dzanie zasobami ludzkimi, zaczynajmy od edukacji naszych dzieci. Moje spostrze\u017cenia o patologii systemu edukacji.\" \/>\n<meta name=\"robots\" content=\"index, follow, max-snippet:-1, max-image-preview:large, max-video-preview:-1\" \/>\n<link rel=\"canonical\" href=\"https:\/\/elementapp.ai\/blog\/zarzadzanie-zasobami-ludzkimi-zaczyna-sie-od-edukacji-naszych-dzieci\/\" \/>\n<meta property=\"og:locale\" content=\"pl_PL\" \/>\n<meta property=\"og:type\" content=\"article\" \/>\n<meta property=\"og:title\" content=\"Zarz\u0105dzanie zasobami ludzkimi zaczyna si\u0119 od edukacji naszych dzieci\" \/>\n<meta property=\"og:description\" content=\"HR, czyli zarz\u0105dzanie zasobami ludzkimi, zaczynajmy od edukacji naszych dzieci. Moje spostrze\u017cenia o patologii systemu edukacji.\" \/>\n<meta property=\"og:url\" content=\"https:\/\/elementapp.ai\/blog\/zarzadzanie-zasobami-ludzkimi-zaczyna-sie-od-edukacji-naszych-dzieci\/\" \/>\n<meta property=\"og:site_name\" content=\"Element&#039;s Blog - nowo\u015bci ze \u015bwiata rekrutacji, HR Tech i Element\" \/>\n<meta property=\"article:publisher\" content=\"https:\/\/www.facebook.com\/elementappats\" \/>\n<meta property=\"article:author\" content=\"https:\/\/www.facebook.com\/elementappats\/\" \/>\n<meta property=\"article:published_time\" content=\"2023-02-06T18:44:23+00:00\" \/>\n<meta property=\"article:modified_time\" content=\"2026-03-01T09:08:49+00:00\" \/>\n<meta property=\"og:image\" content=\"https:\/\/elementapp.ai\/blog\/wp-content\/uploads\/2023\/02\/HR-zarzadzanie-zasobami-ludzkimi-zaczyna-sie-od-edukacji-dzieci.png\" \/>\n\t<meta property=\"og:image:width\" content=\"1200\" \/>\n\t<meta property=\"og:image:height\" content=\"627\" \/>\n\t<meta property=\"og:image:type\" content=\"image\/png\" \/>\n<meta name=\"author\" content=\"Maciej Michalewski\" \/>\n<meta name=\"twitter:card\" content=\"summary_large_image\" \/>\n<meta name=\"twitter:label1\" content=\"Napisane przez\" \/>\n\t<meta name=\"twitter:data1\" content=\"Maciej Michalewski\" \/>\n\t<meta name=\"twitter:label2\" content=\"Szacowany czas czytania\" \/>\n\t<meta name=\"twitter:data2\" content=\"6 minut\" \/>\n<!-- \/ Yoast SEO Premium plugin. -->","yoast_head_json":{"title":"Zarz\u0105dzanie zasobami ludzkimi zaczyna si\u0119 od edukacji naszych dzieci","description":"HR, czyli zarz\u0105dzanie zasobami ludzkimi, zaczynajmy od edukacji naszych dzieci. Moje spostrze\u017cenia o patologii systemu edukacji.","robots":{"index":"index","follow":"follow","max-snippet":"max-snippet:-1","max-image-preview":"max-image-preview:large","max-video-preview":"max-video-preview:-1"},"canonical":"https:\/\/elementapp.ai\/blog\/zarzadzanie-zasobami-ludzkimi-zaczyna-sie-od-edukacji-naszych-dzieci\/","og_locale":"pl_PL","og_type":"article","og_title":"Zarz\u0105dzanie zasobami ludzkimi zaczyna si\u0119 od edukacji naszych dzieci","og_description":"HR, czyli zarz\u0105dzanie zasobami ludzkimi, zaczynajmy od edukacji naszych dzieci. Moje spostrze\u017cenia o patologii systemu edukacji.","og_url":"https:\/\/elementapp.ai\/blog\/zarzadzanie-zasobami-ludzkimi-zaczyna-sie-od-edukacji-naszych-dzieci\/","og_site_name":"Element&#039;s Blog - nowo\u015bci ze \u015bwiata rekrutacji, HR Tech i Element","article_publisher":"https:\/\/www.facebook.com\/elementappats","article_author":"https:\/\/www.facebook.com\/elementappats\/","article_published_time":"2023-02-06T18:44:23+00:00","article_modified_time":"2026-03-01T09:08:49+00:00","og_image":[{"width":1200,"height":627,"url":"https:\/\/elementapp.ai\/blog\/wp-content\/uploads\/2023\/02\/HR-zarzadzanie-zasobami-ludzkimi-zaczyna-sie-od-edukacji-dzieci.png","type":"image\/png"}],"author":"Maciej Michalewski","twitter_card":"summary_large_image","twitter_misc":{"Napisane przez":"Maciej Michalewski","Szacowany czas czytania":"6 minut"},"schema":{"@context":"https:\/\/schema.org","@graph":[{"@type":"Article","@id":"https:\/\/elementapp.ai\/blog\/zarzadzanie-zasobami-ludzkimi-zaczyna-sie-od-edukacji-naszych-dzieci\/#article","isPartOf":{"@id":"https:\/\/elementapp.ai\/blog\/zarzadzanie-zasobami-ludzkimi-zaczyna-sie-od-edukacji-naszych-dzieci\/"},"author":{"name":"Maciej Michalewski","@id":"https:\/\/elementapp.ai\/blog\/#\/schema\/person\/02f4e59e019634b9e2fb09c00bf93f1e"},"headline":"Zarz\u0105dzanie zasobami ludzkimi zaczyna si\u0119 od edukacji naszych dzieci","datePublished":"2023-02-06T18:44:23+00:00","dateModified":"2026-03-01T09:08:49+00:00","mainEntityOfPage":{"@id":"https:\/\/elementapp.ai\/blog\/zarzadzanie-zasobami-ludzkimi-zaczyna-sie-od-edukacji-naszych-dzieci\/"},"wordCount":1203,"commentCount":0,"publisher":{"@id":"https:\/\/elementapp.ai\/blog\/#organization"},"image":{"@id":"https:\/\/elementapp.ai\/blog\/zarzadzanie-zasobami-ludzkimi-zaczyna-sie-od-edukacji-naszych-dzieci\/#primaryimage"},"thumbnailUrl":"https:\/\/elementapp.ai\/blog\/wp-content\/uploads\/2021\/12\/system-ATS-Element-CTA.png","articleSection":["Blog-posts"],"inLanguage":"pl-PL","potentialAction":[{"@type":"CommentAction","name":"Comment","target":["https:\/\/elementapp.ai\/blog\/zarzadzanie-zasobami-ludzkimi-zaczyna-sie-od-edukacji-naszych-dzieci\/#respond"]}]},{"@type":"WebPage","@id":"https:\/\/elementapp.ai\/blog\/zarzadzanie-zasobami-ludzkimi-zaczyna-sie-od-edukacji-naszych-dzieci\/","url":"https:\/\/elementapp.ai\/blog\/zarzadzanie-zasobami-ludzkimi-zaczyna-sie-od-edukacji-naszych-dzieci\/","name":"Zarz\u0105dzanie zasobami ludzkimi zaczyna si\u0119 od edukacji naszych dzieci","isPartOf":{"@id":"https:\/\/elementapp.ai\/blog\/#website"},"primaryImageOfPage":{"@id":"https:\/\/elementapp.ai\/blog\/zarzadzanie-zasobami-ludzkimi-zaczyna-sie-od-edukacji-naszych-dzieci\/#primaryimage"},"image":{"@id":"https:\/\/elementapp.ai\/blog\/zarzadzanie-zasobami-ludzkimi-zaczyna-sie-od-edukacji-naszych-dzieci\/#primaryimage"},"thumbnailUrl":"https:\/\/elementapp.ai\/blog\/wp-content\/uploads\/2021\/12\/system-ATS-Element-CTA.png","datePublished":"2023-02-06T18:44:23+00:00","dateModified":"2026-03-01T09:08:49+00:00","description":"HR, czyli zarz\u0105dzanie zasobami ludzkimi, zaczynajmy od edukacji naszych dzieci. Moje spostrze\u017cenia o patologii systemu edukacji.","breadcrumb":{"@id":"https:\/\/elementapp.ai\/blog\/zarzadzanie-zasobami-ludzkimi-zaczyna-sie-od-edukacji-naszych-dzieci\/#breadcrumb"},"inLanguage":"pl-PL","potentialAction":[{"@type":"ReadAction","target":["https:\/\/elementapp.ai\/blog\/zarzadzanie-zasobami-ludzkimi-zaczyna-sie-od-edukacji-naszych-dzieci\/"]}]},{"@type":"ImageObject","inLanguage":"pl-PL","@id":"https:\/\/elementapp.ai\/blog\/zarzadzanie-zasobami-ludzkimi-zaczyna-sie-od-edukacji-naszych-dzieci\/#primaryimage","url":"https:\/\/elementapp.ai\/blog\/wp-content\/uploads\/2021\/12\/system-ATS-Element-CTA.png","contentUrl":"https:\/\/elementapp.ai\/blog\/wp-content\/uploads\/2021\/12\/system-ATS-Element-CTA.png","width":1300,"height":600,"caption":"System ATS Element - poznaj bezp\u0142atnie"},{"@type":"BreadcrumbList","@id":"https:\/\/elementapp.ai\/blog\/zarzadzanie-zasobami-ludzkimi-zaczyna-sie-od-edukacji-naszych-dzieci\/#breadcrumb","itemListElement":[{"@type":"ListItem","position":1,"name":"Strona g\u0142\u00f3wna","item":"https:\/\/elementapp.ai\/blog\/"},{"@type":"ListItem","position":2,"name":"Zarz\u0105dzanie zasobami ludzkimi zaczyna si\u0119 od edukacji naszych dzieci"}]},{"@type":"WebSite","@id":"https:\/\/elementapp.ai\/blog\/#website","url":"https:\/\/elementapp.ai\/blog\/","name":"Element's Blog - nowo\u015bci ze \u015bwiata rekrutacji, HR Tech i Element","description":"Najciekawsze informacje ze \u015bwiata rekrutacji, rynku pracy, technologii rekrutacyjnych oraz systemu rekrutacyjnego Element","publisher":{"@id":"https:\/\/elementapp.ai\/blog\/#organization"},"potentialAction":[{"@type":"SearchAction","target":{"@type":"EntryPoint","urlTemplate":"https:\/\/elementapp.ai\/blog\/?s={search_term_string}"},"query-input":{"@type":"PropertyValueSpecification","valueRequired":true,"valueName":"search_term_string"}}],"inLanguage":"pl-PL"},{"@type":"Organization","@id":"https:\/\/elementapp.ai\/blog\/#organization","name":"Element ATS system rekrutacyjny","url":"https:\/\/elementapp.ai\/blog\/","logo":{"@type":"ImageObject","inLanguage":"pl-PL","@id":"https:\/\/elementapp.ai\/blog\/#\/schema\/logo\/image\/","url":"https:\/\/elementapp.ai\/blog\/wp-content\/uploads\/2019\/09\/element-system-logo.svg","contentUrl":"https:\/\/elementapp.ai\/blog\/wp-content\/uploads\/2019\/09\/element-system-logo.svg","width":1,"height":1,"caption":"Element ATS system rekrutacyjny"},"image":{"@id":"https:\/\/elementapp.ai\/blog\/#\/schema\/logo\/image\/"},"sameAs":["https:\/\/www.facebook.com\/elementappats"]},{"@type":"Person","@id":"https:\/\/elementapp.ai\/blog\/#\/schema\/person\/02f4e59e019634b9e2fb09c00bf93f1e","name":"Maciej Michalewski","image":{"@type":"ImageObject","inLanguage":"pl-PL","@id":"https:\/\/secure.gravatar.com\/avatar\/9d00803e2237f6212234740ce5ee8400cf3c04cf469dc8728a7fdd0d2a1e8cc7?s=96&d=mm&r=g","url":"https:\/\/secure.gravatar.com\/avatar\/9d00803e2237f6212234740ce5ee8400cf3c04cf469dc8728a7fdd0d2a1e8cc7?s=96&d=mm&r=g","contentUrl":"https:\/\/secure.gravatar.com\/avatar\/9d00803e2237f6212234740ce5ee8400cf3c04cf469dc8728a7fdd0d2a1e8cc7?s=96&d=mm&r=g","caption":"Maciej Michalewski"},"description":"Since 2010 I have been professionally involved in the recruitment industry. Since 2014, I and a team of talented software developers, have been developing Element, an innovative recruitment system which makes recruiting fast and simple. I am a tech lover, and my mission is to find and create new solutions that will positively impact the recruitment market.","sameAs":["https:\/\/www.facebook.com\/elementappats\/","https:\/\/www.linkedin.com\/company\/13982762"]}]}},"_links":{"self":[{"href":"https:\/\/elementapp.ai\/blog\/wp-json\/wp\/v2\/posts\/8968","targetHints":{"allow":["GET"]}}],"collection":[{"href":"https:\/\/elementapp.ai\/blog\/wp-json\/wp\/v2\/posts"}],"about":[{"href":"https:\/\/elementapp.ai\/blog\/wp-json\/wp\/v2\/types\/post"}],"author":[{"embeddable":true,"href":"https:\/\/elementapp.ai\/blog\/wp-json\/wp\/v2\/users\/1"}],"replies":[{"embeddable":true,"href":"https:\/\/elementapp.ai\/blog\/wp-json\/wp\/v2\/comments?post=8968"}],"version-history":[{"count":61,"href":"https:\/\/elementapp.ai\/blog\/wp-json\/wp\/v2\/posts\/8968\/revisions"}],"predecessor-version":[{"id":13835,"href":"https:\/\/elementapp.ai\/blog\/wp-json\/wp\/v2\/posts\/8968\/revisions\/13835"}],"wp:attachment":[{"href":"https:\/\/elementapp.ai\/blog\/wp-json\/wp\/v2\/media?parent=8968"}],"wp:term":[{"taxonomy":"category","embeddable":true,"href":"https:\/\/elementapp.ai\/blog\/wp-json\/wp\/v2\/categories?post=8968"},{"taxonomy":"post_tag","embeddable":true,"href":"https:\/\/elementapp.ai\/blog\/wp-json\/wp\/v2\/tags?post=8968"}],"curies":[{"name":"wp","href":"https:\/\/api.w.org\/{rel}","templated":true}]}}